{"id":162288,"date":"2014-03-27T17:29:54","date_gmt":"2014-03-27T15:29:54","guid":{"rendered":"http:\/\/www.nationalturk.com\/?p=162288"},"modified":"2014-03-27T17:29:54","modified_gmt":"2014-03-27T15:29:54","slug":"disisleri-bakanligi-suriye-ile-ilgili-ses-kaydini-dogruladi-alcakca-saldiri-162288","status":"publish","type":"post","link":"https:\/\/www.nationalturk.com\/tr\/disisleri-bakanligi-suriye-ile-ilgili-ses-kaydini-dogruladi-alcakca-saldiri-162288\/","title":{"rendered":"D\u0131\u015fi\u015fleri Bakanl\u0131\u011f\u0131 Suriye ile ilgili ses kayd\u0131n\u0131 do\u011frulad\u0131! &#8220;Al\u00e7ak\u00e7a sald\u0131r\u0131&#8221;"},"content":{"rendered":"<p><img loading=\"lazy\" decoding=\"async\" class=\"alignleft size-medium wp-image-162289\" alt=\"\" src=\"http:\/\/www.nationalturk.com\/tr\/wp-content\/uploads\/2014\/03\/son-dakika-dikey12-206x220.jpg\" width=\"206\" height=\"220\" title=\"\" srcset=\"https:\/\/www.nationalturk.com\/tr\/wp-content\/uploads\/2014\/03\/son-dakika-dikey12-206x220.jpg 206w, https:\/\/www.nationalturk.com\/tr\/wp-content\/uploads\/2014\/03\/son-dakika-dikey12.jpg 300w\" sizes=\"auto, (max-width: 206px) 100vw, 206px\" \/><\/p>\n<h1>D\u0131\u015fi\u015fleri Bakanl\u0131\u011f\u0131, Ahmet Davuto\u011flu, Hakan Fidan, Feridun Sinirlio\u011flu ve Ya\u015far G\u00fcler&#8217;e ait ortam dinlemesini do\u011frulayarak internete s\u0131zd\u0131ranlara ve toplant\u0131y\u0131 dinleyenlere ate\u015f p\u00fcsk\u00fcrd\u00fc.<\/h1>\n<p>D\u0131\u015fi\u015fleri Bakanl\u0131\u011f\u0131ndan, g\u00fcvenlik toplant\u0131s\u0131n\u0131n illegal dinlenmesine ili\u015fkin &#8220;D\u0131\u015fi\u015fleri Bakan\u0131 makam\u0131 gibi devletin en hassas g\u00fcvenlik konular\u0131n\u0131n ele al\u0131nd\u0131\u011f\u0131 bir mekanda ger\u00e7ekle\u015ftirilen \u00e7ok gizli mahiyetteki b\u00f6yle bir toplant\u0131n\u0131n izlenerek g\u00f6r\u00fc\u015fmelerin kamuoyuna servis edilmesi, T\u00fcrkiye&#8217;nin ulusal g\u00fcvenli\u011fine y\u00f6nelik al\u00e7ak\u00e7a bir sald\u0131r\u0131, bir casusluk faaliyeti ve son derece a\u011f\u0131r bir su\u00e7tur&#8221; a\u00e7\u0131klamas\u0131 yap\u0131ld\u0131.<\/p>\n<p>Bakanl\u0131ktan yap\u0131lan yaz\u0131l\u0131 a\u00e7\u0131klamada, genel olarak Suriye\u2019deki \u00e7at\u0131\u015fmalar\u0131n \u00fclke i\u00e7in yaratt\u0131\u011f\u0131 risk ve tehditlerin de\u011ferlendirilmesi, bu tehditler kar\u015f\u0131s\u0131nda al\u0131nabilecek tedbirlerin g\u00f6r\u00fc\u015f\u00fclmesi, bu ba\u011flamda da Suriye i\u00e7inde yer alan vatan topra\u011f\u0131 S\u00fcleyman \u015eah Sayg\u0131 Karakolu\u2019na y\u00f6nelik tehditlerin ele al\u0131nmas\u0131 amac\u0131yla, ulusal g\u00fcvenlikle ilgili konularda birinci derecede yetkili olan devlet g\u00f6revlilerinin kat\u0131l\u0131m\u0131yla kriz y\u00f6netimi toplant\u0131s\u0131 ger\u00e7ekle\u015ftirildi\u011fi bildirildi.<\/p>\n<p>Toplant\u0131n\u0131n ses kay\u0131tlar\u0131n\u0131n, bug\u00fcn internet \u00fczerinden sosyal medya arac\u0131l\u0131\u011f\u0131yla baz\u0131 b\u00f6l\u00fcmleri tahrif edilerek yay\u0131nland\u0131\u011f\u0131 belirtilen a\u00e7\u0131klamada, birtak\u0131m ter\u00f6r unsurlar\u0131n\u0131n tehdidi alt\u0131ndaki bir vatan topra\u011f\u0131n\u0131 gerekti\u011finde savunmak amac\u0131yla ilgili kurumlar aras\u0131nda de\u011ferlendirmeler yap\u0131lmas\u0131n\u0131n devletin asli g\u00f6revleri aras\u0131nda olan do\u011fal bir uygulama oldu\u011funa vurguland\u0131. A\u00e7\u0131klamada, \u015funlar kaydedildi:<\/p>\n<p>&#8220;S\u00f6z konusu toplant\u0131da, T\u00fcrkiye\u2019nin, herhangi bir sald\u0131r\u0131 kar\u015f\u0131s\u0131nda S\u00fcleyman \u015eah Sayg\u0131 Karakolu\u2019nu savunma y\u00f6n\u00fcndeki iradesinin tam oldu\u011fu ve S\u00fcleyman \u015eah Sayg\u0131 Karakolu\u2019nun ve orada g\u00f6revli personelimizin korunmas\u0131n\u0131 ve emniyetini teminen, ihtiya\u00e7 duyuldu\u011funda gereken ad\u0131mlar\u0131n kararl\u0131l\u0131kla at\u0131laca\u011f\u0131 teyit edilmi\u015ftir.<\/p>\n<p>D\u0131\u015fi\u015fleri Bakan\u0131 makam\u0131 gibi devletin en hassas g\u00fcvenlik konular\u0131n\u0131n ele al\u0131nd\u0131\u011f\u0131 bir mekanda ger\u00e7ekle\u015ftirilen \u00e7ok gizli mahiyetteki b\u00f6yle bir toplant\u0131n\u0131n izlenerek g\u00f6r\u00fc\u015fmelerin kamuoyuna servis edilmesi T\u00fcrkiye\u2019nin ulusal g\u00fcvenli\u011fine y\u00f6nelik al\u00e7ak\u00e7a bir sald\u0131r\u0131, bir casusluk faaliyeti ve son derece a\u011f\u0131r bir su\u00e7tur. Bu olay, \u00fclkemizin kar\u015f\u0131 kar\u015f\u0131ya bulundu\u011fu siber ve elektronik sald\u0131r\u0131 tehditlerinin boyutunu g\u00f6zler \u00f6n\u00fcne sermektedir. Bunu yapan ihanet \u015febekeleri devletimizin ve milletimizin d\u00fc\u015fmanlar\u0131d\u0131r.<\/p>\n<p>Devletimizin ve milletimizin g\u00fcvenli\u011fine y\u00f6nelik bu sald\u0131r\u0131n\u0131n faillerinin en k\u0131sa zamanda tesbit edilerek ortaya \u00e7\u0131kart\u0131lmalar\u0131 ve adalete teslim edilerek yasalar \u00e7er\u00e7evesinde hak ettikleri en a\u011f\u0131r cezaya \u00e7arpt\u0131r\u0131lmalar\u0131 sa\u011flanacak, T\u00fcrkiye Cumhuriyeti&#8217;ni hedef alan bu haince sald\u0131r\u0131 mutlaka akamete u\u011frat\u0131lacakt\u0131r.&#8221;<\/p>\n<p>Milli Savunma Bakan\u0131 \u0130smet Y\u0131lmaz, g\u00fcvenlik toplant\u0131s\u0131n\u0131n illegal dinlenmesine ili\u015fkin &#8220;Bu devlete kar\u015f\u0131, kar\u015f\u0131 istihbarat yapmakt\u0131r&#8221; de\u011ferlendirmesinde bulundu.<\/p>\n<p>Yerel se\u00e7im \u00e7al\u0131\u015fmalar\u0131 kapsam\u0131nda \u0130stasyon Caddesi&#8217;nde esnaf ziyaretinde bulunan Y\u0131lmaz, bas\u0131n mensuplar\u0131n\u0131n g\u00fcndeme ili\u015fkin sorular\u0131n\u0131 yan\u0131tlad\u0131.<\/p>\n<p>Y\u0131lmaz, &#8220;M\u0130T M\u00fcste\u015far\u0131 Hakan Fidan ile D\u0131\u015fi\u015fleri Bakan\u0131 Ahmet Davuto\u011flu ve Genelkurmay \u0130kinci Ba\u015fkan\u0131 Orgeneral Ya\u015far G\u00fcler&#8217;e ait oldu\u011fu iddia edilen konu\u015fmalarda Suriye ve S\u00fcleyman \u015eah T\u00fcrbesi ile ilgili devlet s\u0131rr\u0131 if\u015fa edildi, bu konuyla ilgili neler s\u00f6yleyeceksiniz&#8221; sorusunu \u015f\u00f6yle yan\u0131tlad\u0131:<\/p>\n<p>&#8220;Ben bir \u015fey s\u00f6ylemi\u015ftim, bir kar\u015f\u0131 casusluk operasyonudur demi\u015ftim, de\u011fil mi? Baz\u0131lar\u0131 bunun ger\u00e7ek olmad\u0131\u011f\u0131n\u0131 d\u00fc\u015f\u00fcn\u00fcyordu. Farkl\u0131 bir nitelendirme, yanl\u0131\u015f bir tasvir falan, tan\u0131mlama san\u0131yordu. \u015eimdi bunlar g\u00f6sterdi ki bu yolsuzluk de\u011fil. Do\u011fru mudur? S\u00fcleyman \u015eah ile Suriye ile ilgili bir g\u00f6r\u00fc\u015fmede yolsuzluk olur mu? Olmaz. Bu nedir? Bu devlete kar\u015f\u0131, kar\u015f\u0131 istihbarat yapmakt\u0131r. \u0130n\u015fallah hukuk gere\u011fini yapar. Burada s\u0131k\u0131nt\u0131 nedir, bunu yapan insanlar\u0131n biz kendi karde\u015flerimiz oldu\u011funu sanarak bu gaflete d\u00fc\u015ft\u00fck, \u00f6yle diyelim yani.&#8221;<\/p>\n<p>-&#8220;Teyakkuz hali devam edecektir&#8221;<\/p>\n<p>Y\u0131lmaz, Suriye s\u0131n\u0131r\u0131ndaki hava hareketlili\u011finin an\u0131msat\u0131lmas\u0131 \u00fczerine, &#8220;S\u00fcleyman \u015eah T\u00fcrbesi&#8217;nin etraf\u0131ndaki makul bir g\u00fcvenlik tedbiri al\u0131n\u0131ncaya kadar T\u00fcrk Silahl\u0131 Kuvvetleri&#8217;nin teyakkuz hali devam edecektir&#8221; ifadesini kulland\u0131.<\/p>\n<p>Milli G\u00fcvenlik Kurulunun (MGK) ola\u011fan\u00fcst\u00fc toplanaca\u011f\u0131 y\u00f6n\u00fcndeki iddialar\u0131n hat\u0131rlat\u0131lmas\u0131 \u00fczerine Y\u0131lmaz, &#8220;\u015eu anda MGK toplant\u0131s\u0131 yok, bas\u0131na \u00f6yle bir \u015fey d\u00fc\u015ft\u00fc ama bana gelen bilgide b\u00f6yle bir \u015fey yok, toplant\u0131 talebi yok. B\u00f6yle bir toplant\u0131 talebi olursa Ankara&#8217;ya d\u00f6nece\u011fim. Ulusal g\u00fcvenlik her \u015feyin \u00f6n\u00fcnde gelir&#8221; dedi.<\/p>\n<!-- Error, Advert is not available at this time due to schedule\/geolocation restrictions! -->\n","protected":false},"excerpt":{"rendered":"<p>D\u0131\u015fi\u015fleri Bakanl\u0131\u011f\u0131, Ahmet Davuto\u011flu, Hakan Fidan, Feridun Sinirlio\u011flu ve Ya\u015far G\u00fcler&#8217;e ait ortam dinlemesini do\u011frulayarak internete s\u0131zd\u0131ranlara ve toplant\u0131y\u0131 dinleyenlere ate\u015f p\u00fcsk\u00fcrd\u00fc.<\/p>\n","protected":false},"author":4,"featured_media":175021,"comment_status":"open","ping_status":"open","sticky":false,"template":"","format":"standard","meta":{"_acf_changed":false,"footnotes":""},"categories":[6155,5005,6202,349,6805],"tags":[8773,79886,157938,157942,27155,157940,27382,806,157941],"class_list":["post-162288","post","type-post","status-publish","format-standard","has-post-thumbnail","hentry","category-gundem","category-manset","category-politika","category-son-dakika","category-turkiye","tag-ahmet-davutoglu","tag-ahmet-davutoglu-aciklama","tag-ahmet-davutoglu-ses-kaydi","tag-fuze-sallariz","tag-hakan-fidan","tag-hakan-fidan-suriye","tag-son-dakika","tag-suriye","tag-suriye-hakan-fidan"],"acf":[],"_links":{"self":[{"href":"https:\/\/www.nationalturk.com\/tr\/wp-json\/wp\/v2\/posts\/162288","targetHints":{"allow":["GET"]}}],"collection":[{"href":"https:\/\/www.nationalturk.com\/tr\/wp-json\/wp\/v2\/posts"}],"about":[{"href":"https:\/\/www.nationalturk.com\/tr\/wp-json\/wp\/v2\/types\/post"}],"author":[{"embeddable":true,"href":"https:\/\/www.nationalturk.com\/tr\/wp-json\/wp\/v2\/users\/4"}],"replies":[{"embeddable":true,"href":"https:\/\/www.nationalturk.com\/tr\/wp-json\/wp\/v2\/comments?post=162288"}],"version-history":[{"count":0,"href":"https:\/\/www.nationalturk.com\/tr\/wp-json\/wp\/v2\/posts\/162288\/revisions"}],"wp:featuredmedia":[{"embeddable":true,"href":"https:\/\/www.nationalturk.com\/tr\/wp-json\/wp\/v2\/media\/175021"}],"wp:attachment":[{"href":"https:\/\/www.nationalturk.com\/tr\/wp-json\/wp\/v2\/media?parent=162288"}],"wp:term":[{"taxonomy":"category","embeddable":true,"href":"https:\/\/www.nationalturk.com\/tr\/wp-json\/wp\/v2\/categories?post=162288"},{"taxonomy":"post_tag","embeddable":true,"href":"https:\/\/www.nationalturk.com\/tr\/wp-json\/wp\/v2\/tags?post=162288"}],"curies":[{"name":"wp","href":"https:\/\/api.w.org\/{rel}","templated":true}]}}