{"id":16230,"date":"2010-03-03T16:29:55","date_gmt":"2010-03-03T14:29:55","guid":{"rendered":"http:\/\/www.nationalturk.com\/?p=16230"},"modified":"2022-10-28T04:20:18","modified_gmt":"2022-10-28T01:20:18","slug":"nesim-malki-cinayeti","status":"publish","type":"post","link":"https:\/\/www.nationalturk.com\/tr\/nesim-malki-cinayeti\/","title":{"rendered":"Nesim Malki cinayetinde yine m\u00fcebbet \u00e7\u0131kt\u0131"},"content":{"rendered":"<p><strong><img loading=\"lazy\" decoding=\"async\" class=\"alignleft size-medium wp-image-16231\" title=\"Erol Evcil\" src=\"http:\/\/www.nationalturk.com\/tr\/wp-content\/uploads\/2010\/03\/erol_evcil-228x220.jpg\" alt=\"Erol Evcil\" width=\"200\" height=\"220\" srcset=\"https:\/\/www.nationalturk.com\/tr\/wp-content\/uploads\/2010\/03\/erol_evcil-228x220.jpg 200w, https:\/\/www.nationalturk.com\/tr\/wp-content\/uploads\/2010\/03\/erol_evcil-415x400.jpg 363w, https:\/\/www.nationalturk.com\/tr\/wp-content\/uploads\/2010\/03\/erol_evcil.jpg 471w\" sizes=\"auto, (max-width: 200px) 100vw, 200px\" \/>Yarg\u0131tay&#8217;\u0131n daha \u00f6nce iki kez verilen karar\u0131 bozmas\u0131n\u0131n ard\u0131ndan bug\u00fcn tekrar g\u00f6r\u00fclen Nesim Malki cinayeti davas\u0131 sonu\u00e7land\u0131.<\/strong><\/p>\n<p>Mahkeme heyeti Erol Evcil, Burhanettin T\u00fcrke\u015f, O\u011fuz I\u015f\u0131kl\u0131 ve M\u00fccahit \u00c7akal\u2019a \u00f6m\u00fcr boyu hapis cezas\u0131 verdi.<\/p>\n<p>Bursa\u2019da 1996 y\u0131l\u0131nda u\u011frad\u0131\u011f\u0131 silahl\u0131 sald\u0131r\u0131 sonucu \u00f6ld\u00fcr\u00fclen i\u015fadam\u0131 Nesim Malki cinayeti davas\u0131na bug\u00fcn Bursa 2\u2019nci A\u011f\u0131r Ceza Mahkemesi\u2019nde devam edildi. Duru\u015fmaya, cinayette azmettirici olarak yarg\u0131lanan Erol Evcil ve Burhanettin T\u00fcrke\u015f kat\u0131lmad\u0131. Tetik\u00e7ilikle su\u00e7lanan O\u011fuz I\u015f\u0131kl\u0131 ve M\u00fccahit \u00c7akal\u2019\u0131n haz\u0131r bulundu\u011fu duru\u015fmaya Emin Menge ve avukatlar\u0131 gelmedi.<\/p>\n<p>Mahkemede s\u00f6z alan tutuklu san\u0131klar O\u011fuz I\u015f\u0131kl\u0131 ile M\u00fccahit \u00c7akal, y\u00f6neltilen su\u00e7lamalar\u0131 kabul etmeyerek, daha \u00f6nce verdikleri ifadelerini tekrarlad\u0131lar.<\/p>\n<p>Bir \u00f6nceki kararda oldu\u011fu gibi Erol Evcil, Burhanettin T\u00fcrke\u015f, O\u011fuz I\u015f\u0131kl\u0131, M\u00fccahit \u00c7akal\u2019a \u00f6m\u00fcr boyu hapis cezas\u0131 verildi.<\/p>\n","protected":false},"excerpt":{"rendered":"<p>Yarg\u0131tay&#8217;\u0131n daha \u00f6nce iki kez verilen karar\u0131 bozmas\u0131n\u0131n ard\u0131ndan bug\u00fcn tekrar g\u00f6r\u00fclen Nesim Malki cinayeti davas\u0131 sonu\u00e7land\u0131.<\/p>\n","protected":false},"author":4,"featured_media":297848,"comment_status":"open","ping_status":"open","sticky":false,"template":"","format":"standard","meta":{"_acf_changed":false,"footnotes":""},"categories":[763,220558,220943,220967,6805],"tags":[17342,17345,17340,17341,17343,17338,17339,17344],"class_list":["post-16230","post","type-post","status-publish","format-standard","has-post-thumbnail","hentry","category-gunun-olayi","category-haber-manset","category-siyaset","category-susurluk","category-turkiye","tag-burhanettin-turkes","tag-emin-menge","tag-erol-evcil","tag-erol-evcil-muebbet","tag-mucahit-cakal","tag-nesim-malki","tag-nesim-malki-cinayeti","tag-oguz-isikli"],"acf":[],"_links":{"self":[{"href":"https:\/\/www.nationalturk.com\/tr\/wp-json\/wp\/v2\/posts\/16230","targetHints":{"allow":["GET"]}}],"collection":[{"href":"https:\/\/www.nationalturk.com\/tr\/wp-json\/wp\/v2\/posts"}],"about":[{"href":"https:\/\/www.nationalturk.com\/tr\/wp-json\/wp\/v2\/types\/post"}],"author":[{"embeddable":true,"href":"https:\/\/www.nationalturk.com\/tr\/wp-json\/wp\/v2\/users\/4"}],"replies":[{"embeddable":true,"href":"https:\/\/www.nationalturk.com\/tr\/wp-json\/wp\/v2\/comments?post=16230"}],"version-history":[{"count":0,"href":"https:\/\/www.nationalturk.com\/tr\/wp-json\/wp\/v2\/posts\/16230\/revisions"}],"wp:featuredmedia":[{"embeddable":true,"href":"https:\/\/www.nationalturk.com\/tr\/wp-json\/wp\/v2\/media\/297848"}],"wp:attachment":[{"href":"https:\/\/www.nationalturk.com\/tr\/wp-json\/wp\/v2\/media?parent=16230"}],"wp:term":[{"taxonomy":"category","embeddable":true,"href":"https:\/\/www.nationalturk.com\/tr\/wp-json\/wp\/v2\/categories?post=16230"},{"taxonomy":"post_tag","embeddable":true,"href":"https:\/\/www.nationalturk.com\/tr\/wp-json\/wp\/v2\/tags?post=16230"}],"curies":[{"name":"wp","href":"https:\/\/api.w.org\/{rel}","templated":true}]}}