{"id":162358,"date":"2014-03-28T14:25:39","date_gmt":"2014-03-28T12:25:39","guid":{"rendered":"http:\/\/www.nationalturk.com\/?p=162358"},"modified":"2014-03-28T14:25:39","modified_gmt":"2014-03-28T12:25:39","slug":"vladimir-putin-gemi-ve-ucaklari-ukraynaya-iade-edin-162358","status":"publish","type":"post","link":"https:\/\/www.nationalturk.com\/tr\/vladimir-putin-gemi-ve-ucaklari-ukraynaya-iade-edin-162358\/","title":{"rendered":"Vladimir Putin: Gemi ve u\u00e7aklar\u0131 Ukrayna&#8217;ya iade edin!"},"content":{"rendered":"<p><img loading=\"lazy\" decoding=\"async\" class=\"alignleft size-medium wp-image-162359\" alt=\"Vladimir Putin\" src=\"http:\/\/www.nationalturk.com\/tr\/wp-content\/uploads\/2014\/03\/putin___toplanti-280x204.jpg\" width=\"280\" height=\"204\" title=\"\" srcset=\"https:\/\/www.nationalturk.com\/tr\/wp-content\/uploads\/2014\/03\/putin___toplanti-280x204.jpg 280w, https:\/\/www.nationalturk.com\/tr\/wp-content\/uploads\/2014\/03\/putin___toplanti.jpg 500w\" sizes=\"auto, (max-width: 280px) 100vw, 280px\" \/><\/p>\n<h1>Rusya Devlet Ba\u015fkan\u0131 Putin, K\u0131r\u0131m&#8217;da saf de\u011fi\u015ftirmeyen Ukrayna askeri birliklerinin t\u00fcm varl\u0131klar\u0131n Kiev y\u00f6netimine iade edilmesini istedi.<\/h1>\n<p>Vladimir Putin, tek tarafl\u0131 ba\u011f\u0131ms\u0131zl\u0131k ilan eden ve Rusya&#8217;ya ba\u011flanma karar\u0131 imzalayan K\u0131r\u0131m&#8217;da, saf de\u011fi\u015ftirmeyen askerlerin ekipman ve te\u00e7hizatlar\u0131n\u0131n Ukrayna&#8217;ya iade edilmesi talimat\u0131 verdi.<\/p>\n<p>Putin&#8217;in Rusya Savunma Bakan\u0131 Sergey \u015eoygu ve di\u011fer \u00fcst r\u00fctbeli askerlerle yapt\u0131\u011f\u0131 g\u00f6r\u00fc\u015fmede, K\u0131r\u0131m&#8217;da g\u00f6revli olan ve Rusya taraf\u0131na ge\u00e7meyen Ukrayna askeri birliklerine ait t\u00fcm varl\u0131klar\u0131n, Ukrayna&#8217;ya iade edilmesi emrini verdi.\u00a0Rusya&#8217;n\u0131n iade edece\u011fi askeri varl\u0131klar\u0131n, Ukrayna&#8217;ya ait gemiler ve u\u00e7aklar oldu\u011fu belirtildi.<\/p>\n<!-- Error, Advert is not available at this time due to schedule\/geolocation restrictions! -->\n","protected":false},"excerpt":{"rendered":"<p>Rusya Devlet Ba\u015fkan\u0131 Putin, K\u0131r\u0131m&#8217;da saf de\u011fi\u015ftirmeyen Ukrayna askeri birliklerinin t\u00fcm varl\u0131klar\u0131n Kiev y\u00f6netimine iade edilmesini istedi.<\/p>\n","protected":false},"author":4,"featured_media":175006,"comment_status":"open","ping_status":"open","sticky":false,"template":"","format":"standard","meta":{"_acf_changed":false,"footnotes":""},"categories":[6770,6665,6155,6202],"tags":[22632,155394,158027,155313,721,155617,158026,24402,1530,155843],"class_list":["post-162358","post","type-post","status-publish","format-standard","has-post-thumbnail","hentry","category-avrupa","category-dunya","category-gundem","category-politika","tag-kirim","tag-kirim-ukrayna","tag-putin-kirim","tag-putin-ukrayna","tag-rusya","tag-rusya-kirim","tag-rusya-savunma-bakani","tag-sergey-soygu","tag-vladimir-putin","tag-vladimir-putin-ukrayna"],"acf":[],"_links":{"self":[{"href":"https:\/\/www.nationalturk.com\/tr\/wp-json\/wp\/v2\/posts\/162358","targetHints":{"allow":["GET"]}}],"collection":[{"href":"https:\/\/www.nationalturk.com\/tr\/wp-json\/wp\/v2\/posts"}],"about":[{"href":"https:\/\/www.nationalturk.com\/tr\/wp-json\/wp\/v2\/types\/post"}],"author":[{"embeddable":true,"href":"https:\/\/www.nationalturk.com\/tr\/wp-json\/wp\/v2\/users\/4"}],"replies":[{"embeddable":true,"href":"https:\/\/www.nationalturk.com\/tr\/wp-json\/wp\/v2\/comments?post=162358"}],"version-history":[{"count":0,"href":"https:\/\/www.nationalturk.com\/tr\/wp-json\/wp\/v2\/posts\/162358\/revisions"}],"wp:featuredmedia":[{"embeddable":true,"href":"https:\/\/www.nationalturk.com\/tr\/wp-json\/wp\/v2\/media\/175006"}],"wp:attachment":[{"href":"https:\/\/www.nationalturk.com\/tr\/wp-json\/wp\/v2\/media?parent=162358"}],"wp:term":[{"taxonomy":"category","embeddable":true,"href":"https:\/\/www.nationalturk.com\/tr\/wp-json\/wp\/v2\/categories?post=162358"},{"taxonomy":"post_tag","embeddable":true,"href":"https:\/\/www.nationalturk.com\/tr\/wp-json\/wp\/v2\/tags?post=162358"}],"curies":[{"name":"wp","href":"https:\/\/api.w.org\/{rel}","templated":true}]}}