{"id":162370,"date":"2014-03-28T16:39:41","date_gmt":"2014-03-28T14:39:41","guid":{"rendered":"http:\/\/www.nationalturk.com\/?p=162370"},"modified":"2014-03-28T16:56:36","modified_gmt":"2014-03-28T14:56:36","slug":"son-dakika-fethullah-gulenin-pasaportu-iptal-edildi-162370","status":"publish","type":"post","link":"https:\/\/www.nationalturk.com\/tr\/son-dakika-fethullah-gulenin-pasaportu-iptal-edildi-162370\/","title":{"rendered":"Son Dakika! Fethullah G\u00fclen&#8217;in pasaportu iptal edildi!"},"content":{"rendered":"<p><img loading=\"lazy\" decoding=\"async\" class=\"alignleft size-medium wp-image-162372\" alt=\"Fethullah G\u00fclen\" src=\"http:\/\/www.nationalturk.com\/tr\/wp-content\/uploads\/2014\/03\/fethullah_basbakan-280x172.jpg\" width=\"280\" height=\"172\" title=\"\" srcset=\"https:\/\/www.nationalturk.com\/tr\/wp-content\/uploads\/2014\/03\/fethullah_basbakan-280x172.jpg 280w, https:\/\/www.nationalturk.com\/tr\/wp-content\/uploads\/2014\/03\/fethullah_basbakan.jpg 446w\" sizes=\"auto, (max-width: 280px) 100vw, 280px\" \/><\/p>\n<h1>Fethullah G\u00fclen&#8217;in 1990 y\u0131l\u0131nda ald\u0131\u011f\u0131 ye\u015fil pasaportun usuls\u00fcz y\u00f6ntemlerle al\u0131nd\u0131\u011f\u0131 iddias\u0131yla Erzurum Valili\u011fi taraf\u0131ndan iptal edildi. \/\u00a0Son Dakika! Fethullah G\u00fclen&#8217;in pasaportu iptal edildi!<\/h1>\n<p><span style=\"line-height: 1.5em;\">Anadolu Ajans\u0131&#8217;n\u0131n son dakika olarak ge\u00e7ti\u011fi habere g\u00f6re Fethullah G\u00fclen&#8217;in 1990 y\u0131l\u0131nda ald\u0131\u011f\u0131 ye\u015fil pasaportun usuls\u00fcz y\u00f6ntemlerle al\u0131nd\u0131\u011f\u0131 tespit edilerek Erzurum Valili\u011fi taraf\u0131ndan iptal edildi\u011fi \u00f6\u011frenildi.<\/span><\/p>\n<p>Fethullah G\u00fclen&#8217;in 1990 y\u0131l\u0131nda ald\u0131\u011f\u0131 hususi damgal\u0131 (ye\u015fil) pasaportun usuls\u00fcz y\u00f6ntemlerle al\u0131nd\u0131\u011f\u0131 tespit edilerek Erzurum Valili\u011fi taraf\u0131ndan iptal edildi\u011fi \u00f6\u011frenildi. G\u00fclen&#8217;in ye\u015fil pasaport almas\u0131n\u0131n yasal dayana\u011f\u0131 olan yaz\u0131n\u0131n, \u00f6zl\u00fck dosyas\u0131n\u0131n i\u00e7eri\u011fine uymad\u0131\u011f\u0131, bu nedenle i\u015flemin ba\u015ftan yok h\u00fckm\u00fcnde oldu\u011fu belirtildi.<\/p>\n<p>Al\u0131nan bilgiye g\u00f6re, G\u00fclen&#8217;in ye\u015fil pasaport almas\u0131n\u0131n yasal dayana\u011f\u0131 olan 07 Kas\u0131m 1990 tarih ve 39548 say\u0131l\u0131 yaz\u0131n\u0131n i\u00e7eri\u011finin G\u00fclen&#8217;in \u00f6zl\u00fck dosyas\u0131n\u0131n muhtevas\u0131na uymad\u0131\u011f\u0131 ve ger\u00e7e\u011fi yans\u0131tmad\u0131\u011f\u0131 Diyanet \u0130\u015fleri Ba\u015fkanl\u0131\u011f\u0131nca tespit edildi.<\/p>\n<p>M\u00fcfetti\u015flerce yap\u0131lan inceleme neticesinde G\u00fclen&#8217;in 5682 say\u0131l\u0131 Pasaport Kanununun Ek-4&#8217;\u00fcnc\u00fc maddesine g\u00f6re ye\u015fil pasaport almas\u0131 \u015feklindeki idari i\u015flemin ba\u015ftan itibaren yok h\u00fckm\u00fcnde oldu\u011fu, bu nedenle Pasaport ve G\u00fcvenli Belge Daire Ba\u015fkanl\u0131\u011f\u0131nca ilgilinin zaten yok h\u00fckm\u00fcnde olan pasaportunun iptali ile ilgili gerekli i\u015flemlerin yap\u0131lmas\u0131 gerekti\u011fi kanaatine var\u0131ld\u0131. Bu nedenle ilgilinin ye\u015fil pasaportunun Erzurum Valili\u011fince iptal edildi\u011fi \u00f6\u011frenildi.<\/p>\n<p>Diyanet \u0130\u015fleri Ba\u015fkanl\u0131\u011f\u0131nca G\u00fclen&#8217;in \u00f6zl\u00fck dosyas\u0131nda yap\u0131lan incelemede; bahse konu yaz\u0131n\u0131n dosyada bulunmas\u0131 gereken parafl\u0131 n\u00fcshas\u0131n\u0131n bulunmad\u0131\u011f\u0131 18 Mart 2014 tarihinde tutanak alt\u0131na al\u0131nd\u0131.<\/p>\n<p>1990 y\u0131l\u0131na ait giden evrak kay\u0131t defterinin 682&#8217;nci sayfas\u0131nda yap\u0131lan incelemede evrak kay\u0131t, say\u0131 ve tarihinin do\u011fru oldu\u011fu ancak ilgi (c) say\u0131l\u0131 yaz\u0131 ile g\u00f6nderilen evrak\u0131n i\u00e7eri\u011finin G\u00fclen&#8217;in \u00f6zl\u00fck dosyas\u0131 i\u00e7eri\u011fine uymad\u0131\u011f\u0131 ve ger\u00e7e\u011fi yans\u0131tmad\u0131\u011f\u0131n\u0131n anla\u015f\u0131ld\u0131\u011f\u0131 belirtildi.<\/p>\n<p>\u0130ncelemeyle ilgili, &#8220;\u00c7anakkale \u0130l M\u00fcft\u00fcl\u00fc\u011f\u00fcnde vaiz olarak g\u00f6rev yapmaktayken 20 Mart 1981&#8217;de istifaen g\u00f6revinden ayr\u0131lan Fethullah G\u00fclen&#8217;in istifa etti\u011fi tarih itibariyle kadrosunun 6, m\u00fcktesep derecesinin 6, kademesinin 7 oldu\u011fu, emsallerinin ise 11 Nisan 1981&#8217;de Resmi Gazete&#8217;de yay\u0131mlanan 15\/04\/1989-366 say\u0131l\u0131 KHK ile y\u00fcr\u00fcrl\u00fc\u011fe giren g\u00f6sterge tablosunda 6. derece 7. kademenin g\u00f6sterge kar\u015f\u0131l\u0131\u011f\u0131 olan 4. derecenin 1. kademesine tekab\u00fcl etti\u011finden ilgilinin o g\u00fcnk\u00fc durumunun 5682 say\u0131l\u0131 Pasaport Kanununun Ek-4&#8217;\u00fcnc\u00fc maddesi kapsam\u0131nda de\u011ferlendirilmesi m\u00fcmk\u00fcn de\u011fildir.&#8221; de\u011ferlendirmesinde bulunuldu.<\/p>\n<p>Resmi kay\u0131tlarda g\u00f6r\u00fclen ve o tarihlerde 5682 say\u0131l\u0131 Pasaport Kanununun Ek-4&#8217;\u00fcnc\u00fc maddesine g\u00f6re hususi damgal\u0131 pasaport alan Diyanet \u0130\u015fleri Ba\u015fkanl\u0131\u011f\u0131n\u0131n emekli personelinin \u00f6rnek pasaport dosyalar\u0131ndaki resmi yaz\u0131larla ayn\u0131 yetkili ki\u015fi taraf\u0131ndan imzalanan resmi yaz\u0131ya g\u00f6re i\u015flem yapt\u0131klar\u0131 belirlenen personel hakk\u0131nda soru\u015fturma yap\u0131lmas\u0131na gerek olmad\u0131\u011f\u0131na karar verildi.<\/p>\n<!-- Error, Advert is not available at this time due to schedule\/geolocation restrictions! -->\n","protected":false},"excerpt":{"rendered":"<p>Fethullah G\u00fclen&#8217;in 1990 y\u0131l\u0131nda ald\u0131\u011f\u0131 ye\u015fil pasaportun usuls\u00fcz y\u00f6ntemlerle al\u0131nd\u0131\u011f\u0131 iddias\u0131yla Erzurum Valili\u011fi taraf\u0131ndan iptal edildi. \/ Son Dakika! Fethullah G\u00fclen&#8217;in pasaportu iptal edildi!<\/p>\n","protected":false},"author":4,"featured_media":175003,"comment_status":"open","ping_status":"open","sticky":false,"template":"","format":"standard","meta":{"_acf_changed":false,"footnotes":""},"categories":[6155,5005,6202,349,6805],"tags":[8252,158040,27382],"class_list":["post-162370","post","type-post","status-publish","format-standard","has-post-thumbnail","hentry","category-gundem","category-manset","category-politika","category-son-dakika","category-turkiye","tag-fethullah-gulen","tag-fethullah-gulen-son-dakika","tag-son-dakika"],"acf":[],"_links":{"self":[{"href":"https:\/\/www.nationalturk.com\/tr\/wp-json\/wp\/v2\/posts\/162370","targetHints":{"allow":["GET"]}}],"collection":[{"href":"https:\/\/www.nationalturk.com\/tr\/wp-json\/wp\/v2\/posts"}],"about":[{"href":"https:\/\/www.nationalturk.com\/tr\/wp-json\/wp\/v2\/types\/post"}],"author":[{"embeddable":true,"href":"https:\/\/www.nationalturk.com\/tr\/wp-json\/wp\/v2\/users\/4"}],"replies":[{"embeddable":true,"href":"https:\/\/www.nationalturk.com\/tr\/wp-json\/wp\/v2\/comments?post=162370"}],"version-history":[{"count":0,"href":"https:\/\/www.nationalturk.com\/tr\/wp-json\/wp\/v2\/posts\/162370\/revisions"}],"wp:featuredmedia":[{"embeddable":true,"href":"https:\/\/www.nationalturk.com\/tr\/wp-json\/wp\/v2\/media\/175003"}],"wp:attachment":[{"href":"https:\/\/www.nationalturk.com\/tr\/wp-json\/wp\/v2\/media?parent=162370"}],"wp:term":[{"taxonomy":"category","embeddable":true,"href":"https:\/\/www.nationalturk.com\/tr\/wp-json\/wp\/v2\/categories?post=162370"},{"taxonomy":"post_tag","embeddable":true,"href":"https:\/\/www.nationalturk.com\/tr\/wp-json\/wp\/v2\/tags?post=162370"}],"curies":[{"name":"wp","href":"https:\/\/api.w.org\/{rel}","templated":true}]}}