{"id":162422,"date":"2014-03-29T13:01:33","date_gmt":"2014-03-29T11:01:33","guid":{"rendered":"http:\/\/www.nationalturk.com\/?p=162422"},"modified":"2014-03-29T13:01:33","modified_gmt":"2014-03-29T11:01:33","slug":"erdogan-aa-araciligiyla-moral-bozma-operasyonu-desifre-oldu-162422","status":"publish","type":"post","link":"https:\/\/www.nationalturk.com\/tr\/erdogan-aa-araciligiyla-moral-bozma-operasyonu-desifre-oldu-162422\/","title":{"rendered":"Erdo\u011fan\u2019\u0131n, AA arac\u0131l\u0131\u011f\u0131yla moral bozma operasyonu de\u015fifre oldu"},"content":{"rendered":"<h1><a href=\"http:\/\/www.nationalturk.com\/tr\/wp-content\/uploads\/2014\/03\/umut-oran-anadolu-ajansi-secim.jpg\"><img loading=\"lazy\" decoding=\"async\" class=\"alignleft  wp-image-162423\" alt=\"umut-oran-anadolu-ajansi-secim\" src=\"http:\/\/www.nationalturk.com\/tr\/wp-content\/uploads\/2014\/03\/umut-oran-anadolu-ajansi-secim.jpg\" width=\"320\" height=\"250\" title=\"\"><\/a>30 Mart se\u00e7imlerinde ilk sand\u0131k sonu\u00e7lar\u0131n\u0131n manip\u00fcle edilerek, AA taraf\u0131ndan AKP oylar\u0131n\u0131n \u00e7o\u011funlukta oldu\u011fu \u015feklinde duyurulmas\u0131 i\u00e7in Emniyet Genel M\u00fcd\u00fcrl\u00fc\u011f\u00fc&#8217;n\u00fcn \u00f6zel giri\u015fimde bulunmas\u0131 de\u015fifre edildi.<\/h1>\n<p>CHP Genel Ba\u015fkan Yard\u0131mc\u0131s\u0131 Umut Oran, &#8220;Erdo\u011fan\u2019\u0131n, Anadolu Ajans\u0131 arac\u0131l\u0131\u011f\u0131yla moral bozma operasyonu de\u015fifre oldu. AKP\u2019nin y\u00fcr\u00fctece\u011fi her t\u00fcrl\u00fc psikolojik harekata, moral bozma operasyonlar\u0131na kar\u015f\u0131 haz\u0131rl\u0131kl\u0131y\u0131z, bu kez bu numaralar s\u00f6kmeyecek! Sevgili yurtta\u015f oyunu kullan sand\u0131\u011fa sahip \u00e7\u0131k demokrasiye ortak ol!&#8221; \u00e7a\u011fr\u0131s\u0131nda bulundu.<\/p>\n<p>Konuyla ilgili olarak bug\u00fcn yaz\u0131l\u0131 a\u00e7\u0131klama yapan Umut Oran a\u00e7\u0131klamas\u0131nda \u015funlar\u0131 kaydetti:<\/p>\n<p>AKP\u2019nin 30 Mart se\u00e7imlerine hile kar\u0131\u015ft\u0131rmaya d\u00f6n\u00fck giri\u015fimlerinin ard\u0131 arkas\u0131 kesilmiyor. Gitti\u011fimiz her yerde g\u00f6rd\u00fc\u011f\u00fcm\u00fcz tabloyu kendileri de fark etti\u011fi, oy oranlar\u0131n\u0131n giderek eridi\u011fini g\u00f6rd\u00fckleri i\u00e7in panik halinde her t\u00fcrl\u00fc hile ve y\u00f6nlendirmeyi yapmak istiyorlar.<\/p>\n<h2>AA art\u0131k sadece Erdo\u011fan&#8217;\u0131n sesini duyuruyor<\/h2>\n<p>Son olarak d\u00fcn kamuoyuna yans\u0131yan bilgilere g\u00f6re idari i\u015flerden sorumlu bir Emniyet Genel M\u00fcd\u00fcr Yard\u0131mc\u0131s\u0131 t\u00fcm il emniyet m\u00fcd\u00fcrlerini tek tek arayarak sand\u0131klardaki ilk sonu\u00e7lar\u0131n Anadolu Ajans\u0131 (AA) muhabirlerine\/temsilcilerine verilmesi, orada bulunan di\u011fer gazetecilerin bir \u015fekilde uzakla\u015ft\u0131r\u0131lmas\u0131 talimat\u0131n\u0131 verdi. AA\u2019n\u0131n art\u0131k T\u00fcrkiye\u2019nin sesini de\u011fil sadece Recep Tayyip Erdo\u011fan\u2019\u0131n, AKP\u2019nin sesini duyurma misyonunu y\u00fcklenmesi nedeniyle bu geli\u015fme bizleri \u015fa\u015f\u0131rtmam\u0131\u015ft\u0131r.<\/p>\n<h3>Kolluk kuvvetlerini uyard\u0131<\/h3>\n<p>\u00d6ncelikle ge\u00e7en se\u00e7imlerde g\u00fcvenilir ve h\u0131zl\u0131 sonu\u00e7lar\u0131 en erken verdi\u011fi i\u00e7in b\u00fcy\u00fck \u00f6vg\u00fcler ya\u011fd\u0131rd\u0131\u011f\u0131n\u0131z Cihan Haber Ajans\u0131\u2019na ne oldu da bu kez tam tersi tutum al\u0131yorsunuz? ANKA\u2019n\u0131n, Do\u011fan Haber Ajans\u0131\u2019n\u0131n (DHA) sand\u0131k sonu\u00e7lar\u0131n\u0131 bildirmesini nas\u0131l engeller, geciktirebilirsiniz, buna kimsenin g\u00fcc\u00fc yetmez. \u201cBas\u0131n h\u00fcrd\u00fcr sans\u00fcr edilemez\u201d \u015feklindeki anayasan\u0131n a\u00e7\u0131k h\u00fckm\u00fc de mi art\u0131k umurunuzda de\u011fil? \u015eimdiden t\u00fcm kamu g\u00f6revlilerini, \u00f6zellikle kolluk kuvvetlerini uyar\u0131yoruz, yar\u0131n, 30 Mart se\u00e7imi i\u015f ve i\u015flemleri s\u0131ras\u0131nda bas\u0131n kurulu\u015flar\u0131 aras\u0131nda ayr\u0131mc\u0131l\u0131k yap\u0131p, g\u00f6revlerini yapmalar\u0131n\u0131 keyfi bi\u00e7imde engellemeniz halinde hakk\u0131n\u0131zda her t\u00fcrl\u00fc yasal giri\u015fimde bulunulacakt\u0131r. Gerekli \u00f6nlemleri almalar\u0131 konusunda \u0130\u00e7i\u015fleri ve Adalet bakanlar\u0131n\u0131 bir kez daha uyarmak istiyoruz.<\/p>\n<h4>Bu kez bu numaralar s\u00f6kmeyecek, her t\u00fcrl\u00fc hileye kar\u015f\u0131 haz\u0131rl\u0131kl\u0131y\u0131z<\/h4>\n<p>Herkes \u015funu bilmelidir ki Erdo\u011fan ve ekibinin ge\u00e7mi\u015fte oldu\u011fu gibi hileyle, hurdayla, psikolojik sava\u015fla se\u00e7imleri kazanma devri art\u0131k mazide kald\u0131. 194 bin 310 sand\u0131kta g\u00f6rev yapacak t\u00fcm siyasi parti temsilcileri gibi CHP\u2019li g\u00f6revlilerimizin yan\u0131 s\u0131ra \u00fclkesine, gelece\u011fine sahip \u00e7\u0131kmak isteyen milyonlarca yurtta\u015f\u0131m\u0131z da \u0131slak imzal\u0131 sand\u0131k sonu\u00e7 tutana\u011f\u0131n\u0131 alana, as\u0131ld\u0131\u011f\u0131 anda bu tutana\u011f\u0131n foto\u011fraf\u0131n\u0131 \u00e7ekene kadar se\u00e7im b\u00f6lgesinden ayr\u0131lmayacak. CHP g\u00f6revlilerimizi ve partimize oy veren yurtta\u015flar\u0131m\u0131z tuzaklara kar\u015f\u0131 haz\u0131rl\u0131kl\u0131 olacakt\u0131r. AKP\u2019nin y\u00fcr\u00fctece\u011fi her t\u00fcrl\u00fc psikolojik harekata, moral bozma operasyonlar\u0131na kar\u015f\u0131 haz\u0131rl\u0131kl\u0131y\u0131z, bu kez bu numaralar s\u00f6kmeyecek! AA\u2019n\u0131n duyuraca\u011f\u0131 \u201cilk sonu\u00e7larda\u201d iktidar partisinin oylar\u0131n \u00e7o\u011funu ald\u0131\u011f\u0131n\u0131 bildirecek olmas\u0131 kimsenin moralini bozmas\u0131n. Bir tezgah daha \u015fimdiden a\u00e7\u0131\u011fa \u00e7\u0131kar\u0131lm\u0131\u015ft\u0131r. Biz haz\u0131rl\u0131kl\u0131 olup sand\u0131k ba\u015f\u0131n\u0131, se\u00e7im kurulunu terk etmedi\u011fimiz ve \u0131slak imzal\u0131 tutana\u011f\u0131 al\u0131p chp.org.tr \u00fczerinden se\u00e7im takip sistemine girdi\u011fimiz s\u00fcrece hi\u00e7bir sorun \u00e7\u0131kmayacakt\u0131r. CHP\u2019nin emektarlar\u0131, vefakar \u00f6rg\u00fct\u00fc ve duyarl\u0131 vatanda\u015flar\u0131m\u0131z AKP\u2019nin bu son \u00e7\u0131rp\u0131n\u0131\u015f\u0131n\u0131 da kar\u015f\u0131l\u0131ks\u0131z b\u0131rakacak, oyunu kulland\u0131ktan sonra alan\u0131 terk etmeyecek ve Varl\u0131k i\u00e7inde Birlik i\u00e7inde \u00d6zg\u00fcr bi\u00e7imde ya\u015fayaca\u011f\u0131m\u0131z\u0131 T\u00fcrkiye\u2019yi in\u015fa edecek CHP\u2019nin sand\u0131ktan \u00e7\u0131kmas\u0131n\u0131 sa\u011flayacakt\u0131r.<\/p>\n<!-- Error, Advert is not available at this time due to schedule\/geolocation restrictions! -->\n","protected":false},"excerpt":{"rendered":"<p>30 Mart se\u00e7imlerinde ilk sand\u0131k sonu\u00e7lar\u0131n\u0131n manip\u00fcle edilerek, AA taraf\u0131ndan AKP oylar\u0131n\u0131n \u00e7o\u011funlukta oldu\u011fu \u015feklinde duyurulmas\u0131 i\u00e7in Emniyet Genel M\u00fcd\u00fcrl\u00fc\u011f\u00fc&#8217;n\u00fcn \u00f6zel giri\u015fimde bulunmas\u0131 de\u015fifre edildi.<\/p>\n","protected":false},"author":3,"featured_media":162423,"comment_status":"open","ping_status":"open","sticky":false,"template":"","format":"standard","meta":{"_acf_changed":false,"footnotes":""},"categories":[6155,5005,6202,6805],"tags":[9476,158100,93193,8723,142862,129964,17141,1873,26617],"class_list":["post-162422","post","type-post","status-publish","format-standard","has-post-thumbnail","hentry","category-gundem","category-manset","category-politika","category-turkiye","tag-akp","tag-akp-secim","tag-anadolu-ajansi","tag-chp","tag-chp-genel-baskan-yardimcisi","tag-chp-genel-baskan-yardimcisi-umut-oran","tag-dogan-haber-ajansi","tag-emniyet-genel-mudurlugu","tag-umut-oran"],"acf":[],"_links":{"self":[{"href":"https:\/\/www.nationalturk.com\/tr\/wp-json\/wp\/v2\/posts\/162422","targetHints":{"allow":["GET"]}}],"collection":[{"href":"https:\/\/www.nationalturk.com\/tr\/wp-json\/wp\/v2\/posts"}],"about":[{"href":"https:\/\/www.nationalturk.com\/tr\/wp-json\/wp\/v2\/types\/post"}],"author":[{"embeddable":true,"href":"https:\/\/www.nationalturk.com\/tr\/wp-json\/wp\/v2\/users\/3"}],"replies":[{"embeddable":true,"href":"https:\/\/www.nationalturk.com\/tr\/wp-json\/wp\/v2\/comments?post=162422"}],"version-history":[{"count":0,"href":"https:\/\/www.nationalturk.com\/tr\/wp-json\/wp\/v2\/posts\/162422\/revisions"}],"wp:featuredmedia":[{"embeddable":true,"href":"https:\/\/www.nationalturk.com\/tr\/wp-json\/wp\/v2\/media\/162423"}],"wp:attachment":[{"href":"https:\/\/www.nationalturk.com\/tr\/wp-json\/wp\/v2\/media?parent=162422"}],"wp:term":[{"taxonomy":"category","embeddable":true,"href":"https:\/\/www.nationalturk.com\/tr\/wp-json\/wp\/v2\/categories?post=162422"},{"taxonomy":"post_tag","embeddable":true,"href":"https:\/\/www.nationalturk.com\/tr\/wp-json\/wp\/v2\/tags?post=162422"}],"curies":[{"name":"wp","href":"https:\/\/api.w.org\/{rel}","templated":true}]}}