{"id":162499,"date":"2014-03-30T17:39:58","date_gmt":"2014-03-30T14:39:58","guid":{"rendered":"http:\/\/www.nationalturk.com\/?p=162499"},"modified":"2014-03-30T17:39:58","modified_gmt":"2014-03-30T14:39:58","slug":"sirri-sureyya-onder-ankarada-oy-kullandi-162499","status":"publish","type":"post","link":"https:\/\/www.nationalturk.com\/tr\/sirri-sureyya-onder-ankarada-oy-kullandi-162499\/","title":{"rendered":"S\u0131rr\u0131 S\u00fcreyya \u00d6nder Ankara&#8217;da oy kulland\u0131!"},"content":{"rendered":"<h1><img loading=\"lazy\" decoding=\"async\" class=\"alignleft size-medium wp-image-162500\" alt=\"s\u0131rr\u0131-s\u00fcreyya-\u00f6nder\" src=\"http:\/\/www.nationalturk.com\/tr\/wp-content\/uploads\/2014\/03\/s\u0131rr\u0131-s\u00fcreyya-\u00f6nder-280x158.jpg\" width=\"280\" height=\"158\" title=\"\" srcset=\"https:\/\/www.nationalturk.com\/tr\/wp-content\/uploads\/2014\/03\/s\u0131rr\u0131-s\u00fcreyya-\u00f6nder-280x158.jpg 280w, https:\/\/www.nationalturk.com\/tr\/wp-content\/uploads\/2014\/03\/s\u0131rr\u0131-s\u00fcreyya-\u00f6nder-610x344.jpg 610w, https:\/\/www.nationalturk.com\/tr\/wp-content\/uploads\/2014\/03\/s\u0131rr\u0131-s\u00fcreyya-\u00f6nder.jpg 620w\" sizes=\"auto, (max-width: 280px) 100vw, 280px\" \/>Halklar\u0131n Demokratik Partisi (HDP) \u0130stanbul B\u00fcy\u00fck\u015fehir Belediyesi E\u015f Ba\u015fkan\u0131 aday\u0131 P\u0131nar Ayd\u0131nlar yerel se\u00e7imler sebebiyle oyunu kulland\u0131. Bas\u0131na P\u0131nar Ayd\u0131nlar ile birlikte poz veren di\u011fer E\u015f Ba\u015fkan aday\u0131 S\u0131rr\u0131 S\u00fcreyya \u00d6nder ise Ankara Dikmen\u2019de oyunu kulland\u0131\u011f\u0131n\u0131 belirtti.<\/h1>\n<p>H\u00fcrriyet&#8217;in haberine g\u00f6re, HDP\u2019nin \u0130stanbul B\u00fcy\u00fck\u015fehir Belediyesi E\u015f Ba\u015fkan aday\u0131 P\u0131nar Ayd\u0131nlar Ka\u011f\u0131thane Nurtepe\u2019deki A\u015f\u0131k Veysel \u0130lkokulu&#8217;nda oyunu kulland\u0131. Di\u011fer e\u015f ba\u015fkan aday\u0131 S\u0131rr\u0131 S\u00fcreyya \u00d6nder ise \u0130stanbul\u2019da oy kullanmad\u0131. P\u0131nar Ayd\u0131nlar oy verme i\u015flemini ger\u00e7ekle\u015ftirdikten sonra oy pusulas\u0131n\u0131 S\u0131rr\u0131 S\u00fcreya \u00d6nder ile birlikte se\u00e7im sand\u0131\u011f\u0131na att\u0131 ve bas\u0131na bu \u015fekilde poz verdiler. \u00d6nder, sabah saatlerinde Ankara Dikmen\u2019de \u00d6\u011fretmen Necla K\u0131z\u0131lba\u011f \u0130lk\u00f6\u011fretim Okulu\u2019nda oy kulland\u0131\u011f\u0131n\u0131 belirtti.<\/p>\n<p>Se\u00e7imlerin sonu\u00e7lar\u0131n\u0131n hay\u0131rl\u0131 olmas\u0131n\u0131 diledi\u011fini ifade eden \u00d6nder, \u201cEn b\u00fcy\u00fck hakem halkt\u0131r. Ak\u015fam sonucu g\u00f6rece\u011fiz\u201d dedi.<\/p>\n<p>Oyunu Ankara&#8217;da kullanan S\u0131rr\u0131 S\u00fcreyya \u00d6nder, &#8221;Adresimi bilin\u00e7li olarak \u0130stanbul\u2019a ald\u0131rmad\u0131m. Ankara\u2019da 3 tane MHP aday\u0131 var. Onlara kar\u015f\u0131 sosyalist aday Salman Kaya\u2019y\u0131 desteklemek i\u00e7in ilkesel bir kararla Ankara\u2019da kald\u0131m. \u00c7\u00fcnk\u00fc evim burada. Dikmen Necla K\u0131z\u0131lba\u011f Ortaokulu\u2019nda 2255 say\u0131l\u0131 sand\u0131kta oy kulland\u0131m&#8221; diyerek s\u00f6zlerini tamamlad\u0131.<\/p>\n<!-- Error, Advert is not available at this time due to schedule\/geolocation restrictions! -->\n","protected":false},"excerpt":{"rendered":"<p>Halklar\u0131n Demokratik Partisi (HDP) \u0130stanbul B\u00fcy\u00fck\u015fehir Belediyesi E\u015f Ba\u015fkan\u0131 aday\u0131 P\u0131nar Ayd\u0131nlar yerel se\u00e7imler sebebiyle oyunu kulland\u0131. Bas\u0131na P\u0131nar Ayd\u0131nlar ile birlikte poz veren di\u011fer E\u015f Ba\u015fkan aday\u0131 S\u0131rr\u0131 S\u00fcreyya \u00d6nder ise Ankara Dikmen\u2019de oyunu kulland\u0131\u011f\u0131n\u0131 belirtti.<\/p>\n","protected":false},"author":9192221,"featured_media":174984,"comment_status":"open","ping_status":"open","sticky":false,"template":"","format":"standard","meta":{"_acf_changed":false,"footnotes":""},"categories":[6155,5005,6202,349,6805],"tags":[148054,146668],"class_list":["post-162499","post","type-post","status-publish","format-standard","has-post-thumbnail","hentry","category-gundem","category-manset","category-politika","category-son-dakika","category-turkiye","tag-halklarin-demokratik-partisi","tag-hdp"],"acf":[],"_links":{"self":[{"href":"https:\/\/www.nationalturk.com\/tr\/wp-json\/wp\/v2\/posts\/162499","targetHints":{"allow":["GET"]}}],"collection":[{"href":"https:\/\/www.nationalturk.com\/tr\/wp-json\/wp\/v2\/posts"}],"about":[{"href":"https:\/\/www.nationalturk.com\/tr\/wp-json\/wp\/v2\/types\/post"}],"author":[{"embeddable":true,"href":"https:\/\/www.nationalturk.com\/tr\/wp-json\/wp\/v2\/users\/9192221"}],"replies":[{"embeddable":true,"href":"https:\/\/www.nationalturk.com\/tr\/wp-json\/wp\/v2\/comments?post=162499"}],"version-history":[{"count":0,"href":"https:\/\/www.nationalturk.com\/tr\/wp-json\/wp\/v2\/posts\/162499\/revisions"}],"wp:featuredmedia":[{"embeddable":true,"href":"https:\/\/www.nationalturk.com\/tr\/wp-json\/wp\/v2\/media\/174984"}],"wp:attachment":[{"href":"https:\/\/www.nationalturk.com\/tr\/wp-json\/wp\/v2\/media?parent=162499"}],"wp:term":[{"taxonomy":"category","embeddable":true,"href":"https:\/\/www.nationalturk.com\/tr\/wp-json\/wp\/v2\/categories?post=162499"},{"taxonomy":"post_tag","embeddable":true,"href":"https:\/\/www.nationalturk.com\/tr\/wp-json\/wp\/v2\/tags?post=162499"}],"curies":[{"name":"wp","href":"https:\/\/api.w.org\/{rel}","templated":true}]}}