{"id":162705,"date":"2014-04-01T13:54:46","date_gmt":"2014-04-01T10:54:46","guid":{"rendered":"http:\/\/www.nationalturk.com\/?p=162705"},"modified":"2014-04-01T13:54:46","modified_gmt":"2014-04-01T10:54:46","slug":"dani-alves-el-clasico-sonrasi-ilk-kez-konustu-162705","status":"publish","type":"post","link":"https:\/\/www.nationalturk.com\/tr\/dani-alves-el-clasico-sonrasi-ilk-kez-konustu-162705\/","title":{"rendered":"Dani Alves, El Clasico sonras\u0131 ilk kez konu\u015ftu"},"content":{"rendered":"<h1><a href=\"http:\/\/www.nationalturk.com\/tr\/wp-content\/uploads\/2014\/04\/dani-alves-el-clasico.jpg\"><img loading=\"lazy\" decoding=\"async\" class=\"aligncenter size-large wp-image-162706\" alt=\"dani-alves-el-clasico\" src=\"http:\/\/www.nationalturk.com\/tr\/wp-content\/uploads\/2014\/04\/dani-alves-el-clasico-610x343.jpg\" width=\"610\" height=\"343\" title=\"\" srcset=\"https:\/\/www.nationalturk.com\/tr\/wp-content\/uploads\/2014\/04\/dani-alves-el-clasico-610x343.jpg 610w, https:\/\/www.nationalturk.com\/tr\/wp-content\/uploads\/2014\/04\/dani-alves-el-clasico-280x157.jpg 280w, https:\/\/www.nationalturk.com\/tr\/wp-content\/uploads\/2014\/04\/dani-alves-el-clasico.jpg 640w\" sizes=\"auto, (max-width: 610px) 100vw, 610px\" \/><\/a>Barcelona&#8217;n\u0131n Brezilyal\u0131 beki Dani Alves, El Clasico sonras\u0131 ilk kez konu\u015ftu. Alves yapt\u0131\u011f\u0131 a\u00e7\u0131klamada, Ronaldo ve Ramos&#8217;un tart\u0131\u015f\u0131lan s\u00f6zlerinden hakem kararlar\u0131na, bir \u00e7ok konuyu ele ald\u0131.<\/h1>\n<p>Barcelonal\u0131 futbolcu Dani Alves, El Clasico sonras\u0131nda, Cristiano Ronaldo ve Sergio Ramos&#8217;un tart\u0131\u015f\u0131lan s\u00f6zleri, hakem karar\u0131yla ilgili polemikler ve Espanyol kar\u015f\u0131s\u0131nda penalt\u0131dan gelen galibiyetle ilgili tart\u0131\u015fmalara at\u0131fta bulundu.<\/p>\n<p>Alves, &#8220;Art\u0131k bir gelenek haline geldi. Bu tak\u0131m kazand\u0131\u011f\u0131nda hakem sayesinde kazand\u0131, kaybederse de bir d\u00f6nemin sonu deniliyor. Bu, bizi ne iyi, ne de k\u00f6t\u00fc y\u00f6nde etkiliyor. Ama Bar\u00e7a&#8217;n\u0131n d\u00f6nemini bitirmek i\u00e7in kampanya yapanlar var. Kaybedince bizi bir fazlal\u0131k olarak g\u00f6sterenler oldu. Ama durumu de\u011fi\u015ftirdik. \u015eu anda t\u00fcm kupalar i\u00e7in m\u00fccadele ediyoruz&#8221; ifadelerini kulland\u0131.<\/p>\n<!-- Error, Advert is not available at this time due to schedule\/geolocation restrictions! -->\n","protected":false},"excerpt":{"rendered":"<p>Barcelona&#8217;n\u0131n Brezilyal\u0131 beki Dani Alves, El Clasico sonras\u0131 ilk kez konu\u015ftu. Alves yapt\u0131\u011f\u0131 a\u00e7\u0131klamada, Ronaldo ve Ramos&#8217;un tart\u0131\u015f\u0131lan s\u00f6zlerinden hakem kararlar\u0131na, bir \u00e7ok konuyu ele ald\u0131.<\/p>\n","protected":false},"author":3,"featured_media":174952,"comment_status":"open","ping_status":"open","sticky":false,"template":"","format":"standard","meta":{"_acf_changed":false,"footnotes":""},"categories":[6774,5005,6194],"tags":[1038,21056,10425,3401,55164,151205,158447,20615,154665,21033,39087,24443],"class_list":["post-162705","post","type-post","status-publish","format-standard","has-post-thumbnail","hentry","category-futbol","category-manset","category-spor","tag-barcelona","tag-barcelona-maclari","tag-barcelona-real-madrid","tag-cristiano-ronaldo","tag-cristiano-ronaldo-real-madrid","tag-dani-alves","tag-dani-alves-barcelona","tag-el-clasico","tag-el-clasico-barcelona","tag-la-liga","tag-la-liga-maclari","tag-sergio-ramos"],"acf":[],"_links":{"self":[{"href":"https:\/\/www.nationalturk.com\/tr\/wp-json\/wp\/v2\/posts\/162705","targetHints":{"allow":["GET"]}}],"collection":[{"href":"https:\/\/www.nationalturk.com\/tr\/wp-json\/wp\/v2\/posts"}],"about":[{"href":"https:\/\/www.nationalturk.com\/tr\/wp-json\/wp\/v2\/types\/post"}],"author":[{"embeddable":true,"href":"https:\/\/www.nationalturk.com\/tr\/wp-json\/wp\/v2\/users\/3"}],"replies":[{"embeddable":true,"href":"https:\/\/www.nationalturk.com\/tr\/wp-json\/wp\/v2\/comments?post=162705"}],"version-history":[{"count":0,"href":"https:\/\/www.nationalturk.com\/tr\/wp-json\/wp\/v2\/posts\/162705\/revisions"}],"wp:featuredmedia":[{"embeddable":true,"href":"https:\/\/www.nationalturk.com\/tr\/wp-json\/wp\/v2\/media\/174952"}],"wp:attachment":[{"href":"https:\/\/www.nationalturk.com\/tr\/wp-json\/wp\/v2\/media?parent=162705"}],"wp:term":[{"taxonomy":"category","embeddable":true,"href":"https:\/\/www.nationalturk.com\/tr\/wp-json\/wp\/v2\/categories?post=162705"},{"taxonomy":"post_tag","embeddable":true,"href":"https:\/\/www.nationalturk.com\/tr\/wp-json\/wp\/v2\/tags?post=162705"}],"curies":[{"name":"wp","href":"https:\/\/api.w.org\/{rel}","templated":true}]}}