{"id":162939,"date":"2014-04-04T10:22:39","date_gmt":"2014-04-04T07:22:39","guid":{"rendered":"http:\/\/www.nationalturk.com\/?p=162939"},"modified":"2014-04-04T10:22:39","modified_gmt":"2014-04-04T07:22:39","slug":"abd-kuba-twitter-komplosu-162939","status":"publish","type":"post","link":"https:\/\/www.nationalturk.com\/tr\/abd-kuba-twitter-komplosu-162939\/","title":{"rendered":"ABD&#8217;den K\u00fcba&#8217;ya Twitter komplosu"},"content":{"rendered":"<h1><a href=\"http:\/\/www.nationalturk.com\/tr\/wp-content\/uploads\/2014\/04\/abd-kuba-twitter.jpg\"><img loading=\"lazy\" decoding=\"async\" class=\"aligncenter size-large wp-image-162943\" alt=\"abd-kuba-twitter\" src=\"http:\/\/www.nationalturk.com\/tr\/wp-content\/uploads\/2014\/04\/abd-kuba-twitter-610x292.jpg\" width=\"610\" height=\"292\" title=\"\" srcset=\"https:\/\/www.nationalturk.com\/tr\/wp-content\/uploads\/2014\/04\/abd-kuba-twitter-610x292.jpg 610w, https:\/\/www.nationalturk.com\/tr\/wp-content\/uploads\/2014\/04\/abd-kuba-twitter-280x134.jpg 280w, https:\/\/www.nationalturk.com\/tr\/wp-content\/uploads\/2014\/04\/abd-kuba-twitter.jpg 669w\" sizes=\"auto, (max-width: 610px) 100vw, 610px\" \/><\/a>ABD y\u00f6netiminin, K\u00fcba\u2019da gizlice bir sosyal payla\u015f\u0131m a\u011f\u0131 kurdu\u011fu ve bu a\u011f\u0131 finanse etti\u011fi ortaya \u00e7\u0131kt\u0131. Associated Press, Obama h\u00fck\u00fcmetinin K\u00fcba&#8217;da siyasi kriz \u00e7\u0131karmak i\u00e7in bu a\u011f\u0131 finanse etti\u011fini iddia etti.<\/h1>\n<p>ABD Ba\u015fkan\u0131 Barack Obama h\u00fck\u00fcmetinin K\u00fcba&#8217;da siyasi kriz \u00e7\u0131karmak ve \u00fclkenin kom\u00fcnist h\u00fck\u00fcmetini y\u0131kmak i\u00e7in gizlice bir sosyal payla\u015f\u0131m a\u011f\u0131 kurdu\u011fu ve bu a\u011f\u0131 finanse etti\u011fi ileri s\u00fcr\u00fcld\u00fc.<\/p>\n<p>Associated Press (AP) haber ajans\u0131, K\u00fcba&#8217;daki internet k\u0131s\u0131tlamalar\u0131n\u0131 delen sosyal payla\u015f\u0131m a\u011f\u0131n\u0131n, \u00fcyelerine siyasi g\u00f6steri d\u00fczenlemek i\u00e7in de kullan\u0131labilen k\u0131sa mesaj hizmeti sundu\u011funu belirtti.<\/p>\n<p>K\u00fcba&#8217;n\u0131n Twitter&#8217;\u0131 olarak da bilinen k\u0131sa mesaj hizmetinin ABD h\u00fck\u00fcmeti taraf\u0131ndan desteklendi\u011fini bilmeyen onbinlerce ki\u015finin payla\u015f\u0131m a\u011f\u0131na abone oldu\u011fu kaydedildi.<\/p>\n<p>Ele ge\u00e7irilen baz\u0131 belgelerin ve yap\u0131lan g\u00f6r\u00fc\u015fmelerin, ABD Uluslararas\u0131 Kalk\u0131nma Ajans\u0131&#8217;n\u0131n K\u00fcba&#8217;daki sosyal payla\u015f\u0131m a\u011f\u0131 ile ili\u015fkisini \u00f6rtbas etmek i\u00e7in b\u00fcy\u00fck \u00e7aba harcad\u0131\u011f\u0131n\u0131 g\u00f6sterdi\u011fine i\u015faret eden AP, aktar\u0131lan paran\u0131n izinin s\u00fcr\u00fclmesi i\u00e7in deniza\u015f\u0131r\u0131 \u00fclkelerde \u015firketler kuruldu\u011funu ve Cayman Adalar\u0131&#8217;ndaki bankalardan transfer yap\u0131ld\u0131\u011f\u0131n\u0131 bildirdi.<\/p>\n<p>Amerikal\u0131 m\u00fcteahhit Alan Gross&#8217;un K\u00fcba&#8217;da internet eri\u015fimini geni\u015fletmek i\u00e7in gizlice giri\u015fimde bulunmaktan g\u00f6zalt\u0131na al\u0131nmas\u0131n\u0131n ard\u0131ndan kurulan sosyal payla\u015f\u0131m a\u011f\u0131 ile \u00f6nce gen\u00e7lerden olu\u015fan bir izleyici kitlesi yarat\u0131lmas\u0131, daha sonra gen\u00e7lerin h\u00fck\u00fcmet kar\u015f\u0131t\u0131 eylemler i\u00e7in \u00f6rg\u00fctlenmesi ama\u00e7lan\u0131yordu.<\/p>\n<p>ABD Uluslararas\u0131 Kalk\u0131nma Ajans\u0131, AP&#8217;nin iddialar\u0131 ile ilgili hen\u00fcz bir a\u00e7\u0131klama yapmad\u0131.<\/p>\n<!-- Error, Advert is not available at this time due to schedule\/geolocation restrictions! -->\n","protected":false},"excerpt":{"rendered":"<p>ABD y\u00f6netiminin, K\u00fcba\u2019da gizlice bir sosyal payla\u015f\u0131m a\u011f\u0131 kurdu\u011fu ve bu a\u011f\u0131 finanse etti\u011fi ortaya \u00e7\u0131kt\u0131. Associated Press, Obama h\u00fck\u00fcmetinin K\u00fcba&#8217;da siyasi kriz \u00e7\u0131karmak i\u00e7in bu a\u011f\u0131 finanse etti\u011fini iddia etti.<\/p>\n","protected":false},"author":3,"featured_media":174912,"comment_status":"open","ping_status":"open","sticky":false,"template":"","format":"standard","meta":{"_acf_changed":false,"footnotes":""},"categories":[6768,6665,6155,6771,5005,6202],"tags":[1887,5902,5901,2509,14,7703,81881],"class_list":["post-162939","post","type-post","status-publish","format-standard","has-post-thumbnail","hentry","category-amerika","category-dunya","category-gundem","category-latin-amerika","category-manset","category-politika","tag-abd","tag-abd-baskani","tag-abd-baskani-barack-obama","tag-barack-obama","tag-kuba","tag-kuba-abd","tag-kuba-amerika"],"acf":[],"_links":{"self":[{"href":"https:\/\/www.nationalturk.com\/tr\/wp-json\/wp\/v2\/posts\/162939","targetHints":{"allow":["GET"]}}],"collection":[{"href":"https:\/\/www.nationalturk.com\/tr\/wp-json\/wp\/v2\/posts"}],"about":[{"href":"https:\/\/www.nationalturk.com\/tr\/wp-json\/wp\/v2\/types\/post"}],"author":[{"embeddable":true,"href":"https:\/\/www.nationalturk.com\/tr\/wp-json\/wp\/v2\/users\/3"}],"replies":[{"embeddable":true,"href":"https:\/\/www.nationalturk.com\/tr\/wp-json\/wp\/v2\/comments?post=162939"}],"version-history":[{"count":0,"href":"https:\/\/www.nationalturk.com\/tr\/wp-json\/wp\/v2\/posts\/162939\/revisions"}],"wp:featuredmedia":[{"embeddable":true,"href":"https:\/\/www.nationalturk.com\/tr\/wp-json\/wp\/v2\/media\/174912"}],"wp:attachment":[{"href":"https:\/\/www.nationalturk.com\/tr\/wp-json\/wp\/v2\/media?parent=162939"}],"wp:term":[{"taxonomy":"category","embeddable":true,"href":"https:\/\/www.nationalturk.com\/tr\/wp-json\/wp\/v2\/categories?post=162939"},{"taxonomy":"post_tag","embeddable":true,"href":"https:\/\/www.nationalturk.com\/tr\/wp-json\/wp\/v2\/tags?post=162939"}],"curies":[{"name":"wp","href":"https:\/\/api.w.org\/{rel}","templated":true}]}}