{"id":163401,"date":"2014-04-10T15:37:42","date_gmt":"2014-04-10T12:37:42","guid":{"rendered":"http:\/\/www.nationalturk.com\/?p=163401"},"modified":"2014-04-10T15:37:42","modified_gmt":"2014-04-10T12:37:42","slug":"kerim-sevket-okten-yildirim-163401","status":"publish","type":"post","link":"https:\/\/www.nationalturk.com\/tr\/kerim-sevket-okten-yildirim-163401\/","title":{"rendered":"Foto muhabirinin ac\u0131 \u00f6l\u00fcm\u00fc!"},"content":{"rendered":"<h1><img loading=\"lazy\" decoding=\"async\" class=\"alignleft size-medium wp-image-163402\" alt=\"\" src=\"http:\/\/www.nationalturk.com\/tr\/wp-content\/uploads\/2014\/04\/son-dakika-dikey4-206x220.jpg\" width=\"206\" height=\"220\" title=\"\" srcset=\"https:\/\/www.nationalturk.com\/tr\/wp-content\/uploads\/2014\/04\/son-dakika-dikey4-206x220.jpg 206w, https:\/\/www.nationalturk.com\/tr\/wp-content\/uploads\/2014\/04\/son-dakika-dikey4.jpg 300w\" sizes=\"auto, (max-width: 206px) 100vw, 206px\" \/><\/h1>\n<h1>EPA muhabiri Kerim \u015eevket \u00d6kten \u00c7anakkale&#8217;de motosikletiyle giderken y\u0131ld\u0131r\u0131m isabet etmesi sonucu hayat\u0131n\u0131 kaybetti.<\/h1>\n<p>Al\u0131nan bilgilere g\u00f6re\u00a0European Pressphoto Agency (EPA) foto muhabiri Kerim \u015eevket \u00d6kten, \u00c7anakkale&#8217;de motosikletiyle seyir halindeyken y\u0131ld\u0131r\u0131m isabet etmesi sonucu \u00f6ld\u00fc.\u00a034 VK 2614 plakal\u0131 motosikletiyle \u00c7anakkale&#8217;den Ezine&#8217;ye gelen EPA&#8217;n\u0131n Birle\u015fik Krall\u0131k ve \u0130rlanda B\u00fcrosu \u015eefi ve T\u00fcrkiye Foto Muhabirleri Derne\u011fi \u00fcyesi de olan Kerim \u015eevket \u00d6kten&#8217;in \u00fczerine, il\u00e7e giri\u015finde y\u0131ld\u0131r\u0131m d\u00fc\u015ft\u00fc. Hastaneye kald\u0131r\u0131lan \u00d6kten yap\u0131lan t\u00fcm m\u00fcdahalelere ra\u011fmen kurtar\u0131lamad\u0131.<\/p>\n<p><span style=\"line-height: 1.5em;\">World Press foto\u011fraf yar\u0131\u015fmas\u0131n\u0131n bu y\u0131l ki j\u00fcri \u00fcyeleri aras\u0131nda yer ald\u0131\u011f\u0131 \u00f6\u011frenilen \u00d6kten&#8217;in cenazesi, hastane morguna kald\u0131r\u0131ld\u0131.<\/span><\/p>\n<!-- Error, Advert is not available at this time due to schedule\/geolocation restrictions! -->\n","protected":false},"excerpt":{"rendered":"<p>EPA muhabiri Kerim \u015eevket \u00d6kten \u00c7anakkale&#8217;de motosikletiyle giderken y\u0131ld\u0131r\u0131m isabet etmesi sonucu hayat\u0131n\u0131 kaybetti.<\/p>\n","protected":false},"author":4,"featured_media":174837,"comment_status":"open","ping_status":"open","sticky":false,"template":"","format":"standard","meta":{"_acf_changed":false,"footnotes":""},"categories":[6155,6667,349,6805],"tags":[1005],"class_list":["post-163401","post","type-post","status-publish","format-standard","has-post-thumbnail","hentry","category-gundem","category-medya","category-son-dakika","category-turkiye","tag-canakkale"],"acf":[],"_links":{"self":[{"href":"https:\/\/www.nationalturk.com\/tr\/wp-json\/wp\/v2\/posts\/163401","targetHints":{"allow":["GET"]}}],"collection":[{"href":"https:\/\/www.nationalturk.com\/tr\/wp-json\/wp\/v2\/posts"}],"about":[{"href":"https:\/\/www.nationalturk.com\/tr\/wp-json\/wp\/v2\/types\/post"}],"author":[{"embeddable":true,"href":"https:\/\/www.nationalturk.com\/tr\/wp-json\/wp\/v2\/users\/4"}],"replies":[{"embeddable":true,"href":"https:\/\/www.nationalturk.com\/tr\/wp-json\/wp\/v2\/comments?post=163401"}],"version-history":[{"count":0,"href":"https:\/\/www.nationalturk.com\/tr\/wp-json\/wp\/v2\/posts\/163401\/revisions"}],"wp:featuredmedia":[{"embeddable":true,"href":"https:\/\/www.nationalturk.com\/tr\/wp-json\/wp\/v2\/media\/174837"}],"wp:attachment":[{"href":"https:\/\/www.nationalturk.com\/tr\/wp-json\/wp\/v2\/media?parent=163401"}],"wp:term":[{"taxonomy":"category","embeddable":true,"href":"https:\/\/www.nationalturk.com\/tr\/wp-json\/wp\/v2\/categories?post=163401"},{"taxonomy":"post_tag","embeddable":true,"href":"https:\/\/www.nationalturk.com\/tr\/wp-json\/wp\/v2\/tags?post=163401"}],"curies":[{"name":"wp","href":"https:\/\/api.w.org\/{rel}","templated":true}]}}