{"id":163440,"date":"2014-04-11T10:57:10","date_gmt":"2014-04-11T07:57:10","guid":{"rendered":"http:\/\/www.nationalturk.com\/?p=163440"},"modified":"2022-09-30T10:50:22","modified_gmt":"2022-09-30T07:50:22","slug":"son-dakika-anayasa-mahkemesinden-hukumete-hsyk-soku-163440","status":"publish","type":"post","link":"https:\/\/www.nationalturk.com\/tr\/son-dakika-anayasa-mahkemesinden-hukumete-hsyk-soku-163440\/","title":{"rendered":"Son Dakika! Anayasa Mahkemesi&#8217;nden h\u00fck\u00fcmete HSYK \u015foku"},"content":{"rendered":"<h1>Anayasa Mahkemesi, HSYK&#8217;n\u0131n yap\u0131s\u0131n\u0131 de\u011fi\u015ftiren Kanun&#8217;un, Adalet Bakan\u0131na verilen yetkilerini d\u00fczenleyen h\u00fck\u00fcmlerini iptal etti. \u00a0\/ Son Dakika! Anayasa Mahkemesi&#8217;nden h\u00fck\u00fcmete HSYK \u015foku<\/h1>\n<p>Anayasa Mahkemesi, Hakimler ve Savc\u0131lar Y\u00fcksek Kurulunun (HSYK) yap\u0131s\u0131n\u0131 de\u011fi\u015ftiren Kanun&#8217;un, Adalet Bakan\u0131na verilen yetkilerini d\u00fczenleyen h\u00fck\u00fcmlerinin b\u00fcy\u00fck \u00e7o\u011funlu\u011funu iptal etti, Adalet Akademisi ile ilgili b\u00f6l\u00fcmlerinin iptal istemini ise reddetti.<\/p>\n<p>CHP, 6524 say\u0131l\u0131 Baz\u0131 Kanunlarda De\u011fi\u015fiklik Yap\u0131lmas\u0131na Dair Kanun&#8217;un baz\u0131 h\u00fck\u00fcmlerinin iptali ve y\u00fcr\u00fcrl\u00fc\u011f\u00fcn\u00fcn durdurulmas\u0131 istemiyle Anayasa Mahkemesinde dava a\u00e7m\u0131\u015ft\u0131.<\/p>\n<p>Davay\u0131 esastan g\u00f6r\u00fc\u015ferek karara ba\u011flayan Anayasa Mahkemesi heyeti, kanunun Adalet Bakan\u0131na verilen yetkilerini d\u00fczenleyen h\u00fck\u00fcmlerinin b\u00fcy\u00fck \u00e7o\u011funlu\u011funu iptal etti. Y\u00fcksek Mahkeme, Adalet Akademisi ile ilgili b\u00f6l\u00fcmlerinin iptal istemini ise reddetti.<\/p>\n<p><span style=\"line-height: 1.5em;\">Bu arada mahkeme,\u00a0Bilgi Teknolojileri ve \u0130leti\u015fim Kurumuna\u00a0(BTK) elektronik haberle\u015fme sekt\u00f6r\u00fcyle ilgili ki\u015fisel verilerin i\u015flenmesi ve gizlili\u011finin korunmas\u0131na ili\u015fkin usul ve esaslar\u0131 belirleme yetkisi veren kanun h\u00fckm\u00fcn\u00fc iptal etti.\u00a0Dan\u0131\u015ftay \u0130dari Dava Daireleri Kurulu,\u00a05809 say\u0131l\u0131 Elektronik\u00a0Haberle\u015fme Kanunu&#8217;nun s\u00f6z konusu d\u00fczenlemeyi i\u00e7eren\u00a051. maddesinin iptali\u00a0ve\u00a0y\u00fcr\u00fcrl\u00fc\u011f\u00fcn\u00fcn durdurulmas\u0131 istemiyle Anayasa Mahkemesine ba\u015fvurmu\u015ftu.<\/span><\/p>\n<p>Ba\u015fvuruyu esastan inceleyen Y\u00fcksek Mahkeme, Kanun&#8217;un bu maddesinin Anayasa&#8217;ya ayk\u0131r\u0131 oldu\u011funa ve iptaline h\u00fckmetti.\u00a0\u0130ptal h\u00fckm\u00fc,\u00a0karar\u0131n Resmi Gazete&#8217;de yay\u0131mlanmas\u0131ndan 6 ay sonra y\u00fcr\u00fcrl\u00fc\u011fe girecek.<\/p>\n<p><span style=\"line-height: 1.5em;\"><!-- Error, Advert is not available at this time due to schedule\/geolocation restrictions! --><\/span><\/p>\n","protected":false},"excerpt":{"rendered":"<p>Anayasa Mahkemesi, HSYK&#8217;n\u0131n yap\u0131s\u0131n\u0131 de\u011fi\u015ftiren Kanun&#8217;un, Adalet Bakan\u0131na verilen yetkilerini d\u00fczenleyen h\u00fck\u00fcmlerini iptal etti.  \/ Son Dakika! Anayasa Mahkemesi&#8217;nden h\u00fck\u00fcmete HSYK \u015foku<\/p>\n","protected":false},"author":4,"featured_media":297369,"comment_status":"open","ping_status":"open","sticky":false,"template":"","format":"standard","meta":{"_acf_changed":false,"footnotes":""},"categories":[6155,5005,6202,349,6805],"tags":[11271,111875,16253,152469,148047],"class_list":["post-163440","post","type-post","status-publish","format-standard","has-post-thumbnail","hentry","category-gundem","category-manset","category-politika","category-son-dakika","category-turkiye","tag-anayasa-mahkemesi","tag-anayasa-mahkemesi-son-dakika","tag-hsk","tag-hsk-son-dakika","tag-son-dakika-anayasa-mahkemesi"],"acf":[],"_links":{"self":[{"href":"https:\/\/www.nationalturk.com\/tr\/wp-json\/wp\/v2\/posts\/163440","targetHints":{"allow":["GET"]}}],"collection":[{"href":"https:\/\/www.nationalturk.com\/tr\/wp-json\/wp\/v2\/posts"}],"about":[{"href":"https:\/\/www.nationalturk.com\/tr\/wp-json\/wp\/v2\/types\/post"}],"author":[{"embeddable":true,"href":"https:\/\/www.nationalturk.com\/tr\/wp-json\/wp\/v2\/users\/4"}],"replies":[{"embeddable":true,"href":"https:\/\/www.nationalturk.com\/tr\/wp-json\/wp\/v2\/comments?post=163440"}],"version-history":[{"count":0,"href":"https:\/\/www.nationalturk.com\/tr\/wp-json\/wp\/v2\/posts\/163440\/revisions"}],"wp:featuredmedia":[{"embeddable":true,"href":"https:\/\/www.nationalturk.com\/tr\/wp-json\/wp\/v2\/media\/297369"}],"wp:attachment":[{"href":"https:\/\/www.nationalturk.com\/tr\/wp-json\/wp\/v2\/media?parent=163440"}],"wp:term":[{"taxonomy":"category","embeddable":true,"href":"https:\/\/www.nationalturk.com\/tr\/wp-json\/wp\/v2\/categories?post=163440"},{"taxonomy":"post_tag","embeddable":true,"href":"https:\/\/www.nationalturk.com\/tr\/wp-json\/wp\/v2\/tags?post=163440"}],"curies":[{"name":"wp","href":"https:\/\/api.w.org\/{rel}","templated":true}]}}