{"id":163587,"date":"2014-04-14T10:54:45","date_gmt":"2014-04-14T07:54:45","guid":{"rendered":"http:\/\/www.nationalturk.com\/?p=163587"},"modified":"2014-04-14T10:54:45","modified_gmt":"2014-04-14T07:54:45","slug":"besar-esad-konustu-ordu-ustunlugu-ele-gecirdi-163587","status":"publish","type":"post","link":"https:\/\/www.nationalturk.com\/tr\/besar-esad-konustu-ordu-ustunlugu-ele-gecirdi-163587\/","title":{"rendered":"Be\u015far Esad konu\u015ftu: Ordu \u00fcst\u00fcnl\u00fc\u011f\u00fc ele ge\u00e7irdi"},"content":{"rendered":"<p><img loading=\"lazy\" decoding=\"async\" class=\"alignleft size-medium wp-image-163588\" alt=\"be\u015far Esad\" src=\"http:\/\/www.nationalturk.com\/tr\/wp-content\/uploads\/2014\/04\/besar_esad___konusma-280x168.jpg\" width=\"280\" height=\"168\" title=\"\" srcset=\"https:\/\/www.nationalturk.com\/tr\/wp-content\/uploads\/2014\/04\/besar_esad___konusma-280x168.jpg 280w, https:\/\/www.nationalturk.com\/tr\/wp-content\/uploads\/2014\/04\/besar_esad___konusma.jpg 460w\" sizes=\"auto, (max-width: 280px) 100vw, 280px\" \/><\/p>\n<h1>Suriye Devlet Ba\u015fkan\u0131 Be\u015f\u015far Esad, \u00fclkesinde 3 y\u0131ld\u0131r devam eden i\u00e7 sava\u015fta ordusunun \u00fcst\u00fcnl\u00fc\u011f\u00fc ele sa\u011flad\u0131\u011f\u0131n\u0131 a\u00e7\u0131klad\u0131.<\/h1>\n<p><span style=\"line-height: 1.5em;\">\u015eam \u00dcniversitesi&#8217;nde konu\u015fan Suriye Devlet Ba\u015fkan\u0131 Be\u015far Esad, 3 y\u0131ld\u0131r devam eden sava\u015fta, Suriye ordusunun \u00fcst\u00fcnl\u00fc\u011f\u00fc ele ge\u00e7irdi\u011fini iddia etti. Suriye&#8217;de sava\u015f\u0131n ter\u00f6rizme kar\u015f\u0131 yap\u0131ld\u0131\u011f\u0131n\u0131 da ileri s\u00fcren Esad&#8217;\u0131n\u00a0<\/span><span style=\"line-height: 1.5em;\">\u00f6n\u00fcm\u00fczdeki g\u00fcnlerde, \u00fc\u00e7\u00fcnc\u00fc kez devlet ba\u015fkanl\u0131\u011f\u0131na adayl\u0131\u011f\u0131n\u0131 a\u00e7\u0131klamas\u0131 bekleniyor.<\/span><\/p>\n<p><span style=\"line-height: 1.5em;\">Suriye&#8217;deki i\u00e7 sava\u015fta \u015fimdiye kadar 150 bin ki\u015fi hayat\u0131n\u0131 kaybederken, milyonlarca ki\u015fi \u00fclkeyi terk etti.\u00a0<\/span>Ge\u00e7ti\u011fimiz Cuma g\u00fcn\u00fc, Suriye ordusu ve muhalif g\u00fc\u00e7ler, birbirlerini Kefr Zita kasabas\u0131nda yeni bir kimyasal sald\u0131r\u0131 ger\u00e7ekle\u015ftirmekle su\u00e7lam\u0131\u015ft\u0131.<\/p>\n<!-- Error, Advert is not available at this time due to schedule\/geolocation restrictions! -->\n","protected":false},"excerpt":{"rendered":"<p>Suriye Devlet Ba\u015fkan\u0131 Be\u015f\u015far Esad, \u00fclkesinde 3 y\u0131ld\u0131r devam eden i\u00e7 sava\u015fta ordusunun \u00fcst\u00fcnl\u00fc\u011f\u00fc ele sa\u011flad\u0131\u011f\u0131n\u0131 a\u00e7\u0131klad\u0131.<\/p>\n","protected":false},"author":4,"featured_media":174805,"comment_status":"open","ping_status":"open","sticky":false,"template":"","format":"standard","meta":{"_acf_changed":false,"footnotes":""},"categories":[6769,6665,6155,5005,6772,6202],"tags":[31648,65803,7648,85787,806,109526,72186],"class_list":["post-163587","post","type-post","status-publish","format-standard","has-post-thumbnail","hentry","category-asya","category-dunya","category-gundem","category-manset","category-ortadogu","category-politika","tag-besar-esad","tag-besar-esad-aciklama","tag-bessar-esad","tag-esad","tag-suriye","tag-suriye-ic-savas","tag-suriye-savas"],"acf":[],"_links":{"self":[{"href":"https:\/\/www.nationalturk.com\/tr\/wp-json\/wp\/v2\/posts\/163587","targetHints":{"allow":["GET"]}}],"collection":[{"href":"https:\/\/www.nationalturk.com\/tr\/wp-json\/wp\/v2\/posts"}],"about":[{"href":"https:\/\/www.nationalturk.com\/tr\/wp-json\/wp\/v2\/types\/post"}],"author":[{"embeddable":true,"href":"https:\/\/www.nationalturk.com\/tr\/wp-json\/wp\/v2\/users\/4"}],"replies":[{"embeddable":true,"href":"https:\/\/www.nationalturk.com\/tr\/wp-json\/wp\/v2\/comments?post=163587"}],"version-history":[{"count":0,"href":"https:\/\/www.nationalturk.com\/tr\/wp-json\/wp\/v2\/posts\/163587\/revisions"}],"wp:featuredmedia":[{"embeddable":true,"href":"https:\/\/www.nationalturk.com\/tr\/wp-json\/wp\/v2\/media\/174805"}],"wp:attachment":[{"href":"https:\/\/www.nationalturk.com\/tr\/wp-json\/wp\/v2\/media?parent=163587"}],"wp:term":[{"taxonomy":"category","embeddable":true,"href":"https:\/\/www.nationalturk.com\/tr\/wp-json\/wp\/v2\/categories?post=163587"},{"taxonomy":"post_tag","embeddable":true,"href":"https:\/\/www.nationalturk.com\/tr\/wp-json\/wp\/v2\/tags?post=163587"}],"curies":[{"name":"wp","href":"https:\/\/api.w.org\/{rel}","templated":true}]}}