{"id":163590,"date":"2014-04-14T11:15:28","date_gmt":"2014-04-14T08:15:28","guid":{"rendered":"http:\/\/www.nationalturk.com\/?p=163590"},"modified":"2014-04-14T11:15:28","modified_gmt":"2014-04-14T08:15:28","slug":"ortakoy-camisi-kuba-163590","status":"publish","type":"post","link":"https:\/\/www.nationalturk.com\/tr\/ortakoy-camisi-kuba-163590\/","title":{"rendered":"Ortak\u00f6y Camisi K\u00fcba&#8217;ya ta\u015f\u0131n\u0131yor"},"content":{"rendered":"<h1><a href=\"http:\/\/www.nationalturk.com\/tr\/wp-content\/uploads\/2014\/04\/ortakoy-camii-kuba.jpg\"><img loading=\"lazy\" decoding=\"async\" class=\"alignleft size-medium wp-image-163593\" alt=\"\" src=\"http:\/\/www.nationalturk.com\/tr\/wp-content\/uploads\/2014\/04\/ortakoy-camii-kuba-280x210.jpg\" width=\"280\" height=\"210\" title=\"\" srcset=\"https:\/\/www.nationalturk.com\/tr\/wp-content\/uploads\/2014\/04\/ortakoy-camii-kuba-280x210.jpg 280w, https:\/\/www.nationalturk.com\/tr\/wp-content\/uploads\/2014\/04\/ortakoy-camii-kuba-532x400.jpg 532w, https:\/\/www.nationalturk.com\/tr\/wp-content\/uploads\/2014\/04\/ortakoy-camii-kuba.jpg 610w\" sizes=\"auto, (max-width: 280px) 100vw, 280px\" \/><\/a>T\u00fcrkiye Diyanet Vakf\u0131, \u0130stanbul Be\u015fikta\u015f&#8217;taki Ortak\u00f6y Camisi&#8217;nin benzerini K\u00fcba&#8217;n\u0131n ba\u015fkenti Havana&#8217;da yapmak i\u00e7in \u00e7al\u0131\u015fmalara ba\u015flad\u0131.<\/h1>\n<p>K\u00fcba Din \u0130\u015fleri \u0130daresiyle g\u00f6r\u00fc\u015fen vak\u0131f y\u00f6neticileri, ilk kazmay\u0131 vurmak i\u00e7in onay bekliyor.<\/p>\n<p>TDV Genel M\u00fcd\u00fcr Yard\u0131mc\u0131s\u0131 Mustafa Tutkun, yapt\u0131\u011f\u0131 a\u00e7\u0131klamada, yurt d\u0131\u015f\u0131ndaki M\u00fcsl\u00fcmanlara y\u00f6nelik yard\u0131m \u00e7al\u0131\u015fmalar\u0131n\u0131n s\u00fcrd\u00fc\u011f\u00fcn\u00fc belirtti. Bu \u00e7al\u0131\u015fmalar\u0131n aras\u0131nda cami yap\u0131m\u0131n\u0131n da yer ald\u0131\u011f\u0131n\u0131 dile getiren Tutkun, 26 \u00fclkede TDV taraf\u0131ndan yapt\u0131r\u0131lan camilerin oldu\u011funu, aralar\u0131nda KKTC&#8217;nin de bulundu\u011fu baz\u0131 \u00fclkelerde ise in\u015fa \u00e7al\u0131\u015fmalar\u0131n\u0131n devam etti\u011fini s\u00f6yledi.<\/p>\n<p>G\u00fcney ve Orta Amerika\u2019daki M\u00fcsl\u00fcmanlara y\u00f6nelik de yard\u0131m faaliyetlerine \u00f6nem verdiklerini ifade eden Tutkun, bu kapsamda K\u00fcba&#8217;ya gittiklerini belirtti. K\u00fcba Din \u0130\u015fleri \u0130daresinin resmi davetlisi olarak Havana&#8217;da temaslarda bulunduklar\u0131n\u0131 dile getiren Tutkun, \u00fclkede yakla\u015f\u0131k 3 bin 500 M\u00fcsl\u00fcman\u0131n oldu\u011fu bilgisini verdi.<\/p>\n<p>M\u00fcsl\u00fcmanlar\u0131n mescit olarak kulland\u0131klar\u0131 evlerde cuma ve bayram namazlar\u0131nda bir araya gelebildi\u011fini anlatan Tutkun, &#8220;K\u00fcba&#8217;da \u0130slam e\u011fitimine y\u00f6nelik ciddi bir \u00e7al\u0131\u015fma yok. Bununla ilgili fiziki imkan, yeti\u015fmi\u015f insan ve materyal konular\u0131nda s\u0131k\u0131nt\u0131lar var&#8221; dedi.<\/p>\n<p>\u0130nsanlar\u0131n kendi gayretleriyle \u0130slamiyete ili\u015fkin bilgi sahibi olmaya \u00e7al\u0131\u015ft\u0131\u011f\u0131n\u0131 bildiren Tutkun, davet ettikleri 7 ki\u015finin T\u00fcrkiye&#8217;de ald\u0131klar\u0131 dini e\u011fitimin ard\u0131ndan \u00fclkelerine d\u00f6nd\u00fc\u011f\u00fcn\u00fc s\u00f6yledi.<\/p>\n<h2>Ortak\u00f6y Camisi&#8217;nin r\u00f6l\u00f6veleri \u00e7\u0131kart\u0131l\u0131yor<\/h2>\n<p>\u00dclkede bir caminin in\u015fas\u0131 i\u00e7in de yetkililerle g\u00f6r\u00fc\u015ft\u00fcklerini s\u00f6yleyen Tutkun, K\u00fcba Din \u0130\u015fleri \u0130daresi yetkililerinin cami yap\u0131m\u0131 i\u00e7in &#8220;Eski Havana&#8221; olarak adland\u0131r\u0131lan b\u00f6lge yak\u0131nlar\u0131ndaki araziyi ay\u0131rd\u0131klar\u0131n\u0131 belirtti. Tutkun, &#8220;Caminin yap\u0131m\u0131 i\u00e7in \u00f6zelde T\u00fcrkiye Diyanet Vakf\u0131 genelde ise T\u00fcrkiye olarak talip oldu\u011fumuzu belirttik. Onlar da bundan b\u00fcy\u00fck memnuniyet duyduklar\u0131n\u0131 s\u00f6ylediler&#8221; diye konu\u015ftu. Konuya ili\u015fkin K\u00fcbal\u0131 yetkililerin karar\u0131n\u0131 beklediklerini dile getiren Tutkun, \u015funlar\u0131 kaydetti:<\/p>\n<p>&#8220;Eski Havana olarak adland\u0131r\u0131lan b\u00f6lgede barok mimarisi eserler a\u011f\u0131rl\u0131kta. \u0130stanbul Be\u015fikta\u015f&#8217;taki Ortak\u00f6y Camisi de barok mimarisinin en g\u00fczel \u00f6rneklerinden. Eski Havana b\u00f6lgesinin mimarisine uyabilecek yap\u0131s\u0131 var. Vak\u0131flar Genel M\u00fcd\u00fcrl\u00fc\u011f\u00fcn\u00fcn uhdesindeki bu caminin r\u00f6l\u00f6velerini \u00e7\u0131kartt\u0131r\u0131yoruz. Onun \u00fczerinde yapaca\u011f\u0131m\u0131z \u00e7al\u0131\u015fma ve caminin \u00fc\u00e7 boyutlu foto\u011fraflar\u0131n\u0131n da yer ald\u0131\u011f\u0131 bir dosya haz\u0131rl\u0131yoruz. Dosyay\u0131 \u00f6nce K\u00fcba&#8217;n\u0131n Ankara B\u00fcy\u00fckel\u00e7isine ard\u0131ndan K\u00fcba Din \u0130\u015fleri \u0130daresine sunaca\u011f\u0131z. Orada yapmak istedi\u011fimiz caminin mimarisinin K\u00fcbal\u0131 yetkililer taraf\u0131nda da be\u011fenilece\u011fini tahmin ediyoruz. K\u00fcbal\u0131 yetkililerle g\u00f6r\u00fc\u015fmelerimiz olumlu ge\u00e7ti. Gelecek yan\u0131t\u0131 bekliyoruz. Olumlu yan\u0131t gelmesi durumunda caminin in\u015faat\u0131n\u0131 bir sene i\u00e7inde de tamamlamay\u0131 planl\u0131yoruz.&#8221;<\/p>\n<p>K\u00fcba Din \u0130\u015fleri \u0130daresi yetkililerini T\u00fcrkiye&#8217;ye davet edip Ortak\u00f6y Camisi ba\u015fta olmak \u00fczere baz\u0131 eski camileri g\u00f6stermeyi planlad\u0131klar\u0131n\u0131 da aktaran Tutkun, &#8220;Gezimiz bizim a\u00e7\u0131m\u0131zdan \u00e7ok verimli ge\u00e7ti. Bundan sonra da bu co\u011frafyada yapaca\u011f\u0131m\u0131z \u00e7al\u0131\u015fmalar\u0131n planlanmas\u0131 konusunda \u00e7ok faydal\u0131 oldu. Ayr\u0131ca bu ziyaretle T\u00fcrkiye Diyanet Vakf\u0131 olarak K\u00fcba devleti nezdinde akredite olduk&#8221; diye konu\u015ftu.<\/p>\n<!-- Error, Advert is not available at this time due to schedule\/geolocation restrictions! -->\n","protected":false},"excerpt":{"rendered":"<p>T\u00fcrkiye Diyanet Vakf\u0131, \u0130stanbul Be\u015fikta\u015f&#8217;taki Ortak\u00f6y Camisi&#8217;nin benzerini K\u00fcba&#8217;n\u0131n ba\u015fkenti Havana&#8217;da yapmak i\u00e7in \u00e7al\u0131\u015fmalara ba\u015flad\u0131.<\/p>\n","protected":false},"author":3,"featured_media":174804,"comment_status":"open","ping_status":"open","sticky":false,"template":"","format":"standard","meta":{"_acf_changed":false,"footnotes":""},"categories":[6155,6771,5005,339,6662],"tags":[156,106020,14,159553,83039,159547,159552],"class_list":["post-163590","post","type-post","status-publish","format-standard","has-post-thumbnail","hentry","category-gundem","category-latin-amerika","category-manset","category-turizm","category-yasam","tag-havana","tag-havana-kuba","tag-kuba","tag-mustafa-tutkun","tag-orta-amerika","tag-ortakoy-camisi","tag-turkiye-diyanet-vakfi"],"acf":[],"_links":{"self":[{"href":"https:\/\/www.nationalturk.com\/tr\/wp-json\/wp\/v2\/posts\/163590","targetHints":{"allow":["GET"]}}],"collection":[{"href":"https:\/\/www.nationalturk.com\/tr\/wp-json\/wp\/v2\/posts"}],"about":[{"href":"https:\/\/www.nationalturk.com\/tr\/wp-json\/wp\/v2\/types\/post"}],"author":[{"embeddable":true,"href":"https:\/\/www.nationalturk.com\/tr\/wp-json\/wp\/v2\/users\/3"}],"replies":[{"embeddable":true,"href":"https:\/\/www.nationalturk.com\/tr\/wp-json\/wp\/v2\/comments?post=163590"}],"version-history":[{"count":0,"href":"https:\/\/www.nationalturk.com\/tr\/wp-json\/wp\/v2\/posts\/163590\/revisions"}],"wp:featuredmedia":[{"embeddable":true,"href":"https:\/\/www.nationalturk.com\/tr\/wp-json\/wp\/v2\/media\/174804"}],"wp:attachment":[{"href":"https:\/\/www.nationalturk.com\/tr\/wp-json\/wp\/v2\/media?parent=163590"}],"wp:term":[{"taxonomy":"category","embeddable":true,"href":"https:\/\/www.nationalturk.com\/tr\/wp-json\/wp\/v2\/categories?post=163590"},{"taxonomy":"post_tag","embeddable":true,"href":"https:\/\/www.nationalturk.com\/tr\/wp-json\/wp\/v2\/tags?post=163590"}],"curies":[{"name":"wp","href":"https:\/\/api.w.org\/{rel}","templated":true}]}}