{"id":163634,"date":"2014-04-14T16:38:32","date_gmt":"2014-04-14T13:38:32","guid":{"rendered":"http:\/\/www.nationalturk.com\/?p=163634"},"modified":"2023-08-11T13:39:32","modified_gmt":"2023-08-11T10:39:32","slug":"abdullah-comert-cinayetinde-20-yil-hapis-istendi-163634","status":"publish","type":"post","link":"https:\/\/www.nationalturk.com\/tr\/abdullah-comert-cinayetinde-20-yil-hapis-istendi-163634\/","title":{"rendered":"Abdullah C\u00f6mert cinayetinde 20 y\u0131l hapis istendi"},"content":{"rendered":"<p><img loading=\"lazy\" decoding=\"async\" class=\"alignleft size-medium wp-image-163635\" alt=\"Abdullah C\u00f6mert\" src=\"http:\/\/www.nationalturk.com\/tr\/wp-content\/uploads\/2014\/04\/abdullah_comert_-280x188.jpeg\" width=\"280\" height=\"188\" title=\"\" srcset=\"https:\/\/www.nationalturk.com\/tr\/wp-content\/uploads\/2014\/04\/abdullah_comert_-280x188.jpeg 280w, https:\/\/www.nationalturk.com\/tr\/wp-content\/uploads\/2014\/04\/abdullah_comert_.jpeg 478w\" sizes=\"auto, (max-width: 280px) 100vw, 280px\" \/><\/p>\n<h1>Gezi Park\u0131 direni\u015fi s\u0131ras\u0131nda Hatay&#8217;daki eylemlerde ba\u015f\u0131na gaz fi\u015fe\u011fi isabet etmesi sonucu hayat\u0131n\u0131 kaybeden Abdullah C\u00f6mert davas\u0131nda polis memuruna 20 y\u0131la kadar hapis cezas\u0131 istendi.<\/h1>\n<p><span style=\"line-height: 1.5em;\">Hatay Cumhuriyet Ba\u015fsavc\u0131l\u0131\u011f\u0131\u2019nca haz\u0131rlanan iddianamede Abdullah C\u00f6mert\u2019in kafas\u0131na biber gaz\u0131 kaps\u00fcl\u00fc isabet etmesi sonucu ya\u015fam\u0131n\u0131 yitirdi\u011fi ve polis memuru Ahmet Ku\u015f&#8217;un gaz fi\u015fe\u011fini atmakla sorumlu oldu\u011fu belirtildi. Polis memuru Ahmet\u00a0<\/span>Ku\u015f, iddianamede yer verilen ifadesinde, 3 Haziran 2013 saat 23 sular\u0131nda olaylara m\u00fcdahale ettiklerini, kontroll\u00fc bir \u015fekilde gaz bombas\u0131 att\u0131\u011f\u0131n\u0131, bu i\u015fin e\u011fitimin ald\u0131\u011f\u0131n\u0131 ve dolay\u0131s\u0131yla kalabal\u0131klar\u0131n \u00fczerine de\u011fil, arkalar\u0131na do\u011fru f\u0131rlatt\u0131\u011f\u0131n\u0131 s\u00f6yledi. Toplam 25-30 gaz fi\u015fe\u011fi att\u0131\u011f\u0131n\u0131 anlatan Ku\u015f, \u201cGaz fi\u015fe\u011finin bir ki\u015fiyi hedef almas\u0131 durumunda \u00f6ld\u00fcr\u00fcc\u00fc olup olmad\u0131\u011f\u0131n\u0131 bilmedi\u011fini, b\u00f6yle bir olaya da \u015fahit olmad\u0131\u011f\u0131n\u0131, gaz fi\u015fe\u011fi mesafesinin at\u0131lan silaha g\u00f6re 100-150 metre aras\u0131 oldu\u011funu\u201d kaydetti.<\/p>\n<p>\u0130ddianamede g\u00f6rg\u00fc tan\u0131klar\u0131n\u0131n ifadelerine de yer verilirken tan\u0131klardan Devren Demircio\u011flu, polisin gaz fi\u015fe\u011fini 25-30 metre mesafeden att\u0131\u011f\u0131n\u0131 ileri s\u00fcrd\u00fc. Abdullah C\u00f6mert&#8217;i arabas\u0131yla hastaneye g\u00f6t\u00fcren Ahmet Kara\u00e7ayl\u0131 da cadde ba\u015f\u0131nda \u2018Akrep\u2019 tabir edilen bir polis arac\u0131 g\u00f6rd\u00fc\u011f\u00fcn\u00fc, C\u00f6mert vurulduktan sonra arac\u0131n hareket etti\u011fini s\u00f6yledi. Y\u0131ld\u0131z Sokak\u2019ta olan sekiz tan\u0131k da, C\u00f6mert\u2019in polisler taraf\u0131ndan at\u0131lan gaz fi\u015fe\u011fiyle yaraland\u0131\u011f\u0131n\u0131 anlatt\u0131.<\/p>\n<p>\u0130ddianamede gaz fi\u015fe\u011finin at\u0131ld\u0131\u011f\u0131 nokta ile C\u00f6mert\u2019in vuruldu\u011fu nokta aras\u0131nda 36 metre bulundu\u011fu kaydedilerek, gaz fi\u015fe\u011finin toplam a\u011f\u0131rl\u0131\u011f\u0131n\u0131n 150 gram, azami menzilinin 90\/150 metre oldu\u011fu vurgulanarak &#8220;Gaz fi\u015fe\u011finin \u00f6zellikleri ve menzili ile gaz fi\u015fe\u011finin at\u0131ld\u0131\u011f\u0131 mesafe birlikte de\u011ferlendirildi\u011finde \u015f\u00fcphelinin gaz fi\u015fe\u011finin birilerine isabet etmesi halinde yaralay\u0131c\u0131 ve \u00f6ld\u00fcr\u00fcc\u00fc zarar verece\u011fini \u00f6ng\u00f6rmesine ra\u011fmen kalabal\u0131\u011fa do\u011fru gaz fi\u015fe\u011fini ate\u015fleyerek olas\u0131 kast ile maktul\u00fcn \u00f6l\u00fcm\u00fcne sebebiyet verdi\u011fi&#8230;\u201d ifadeleri kullan\u0131ld\u0131. \u00a0Hatay 2. A\u011f\u0131r Ceza Mahkemesi taraf\u0131ndan kabul edilen iddianamede san\u0131k Ahmet Ku\u015f&#8217;un 20 y\u0131la kadar hapsi istendi.<\/p>\n<!-- Error, Advert is not available at this time due to schedule\/geolocation restrictions! -->\n","protected":false},"excerpt":{"rendered":"<p>Gezi Park\u0131 direni\u015fi s\u0131ras\u0131nda Hatay&#8217;daki eylemlerde ba\u015f\u0131na gaz fi\u015fe\u011fi isabet etmesi sonucu hayat\u0131n\u0131 kaybeden Abdullah C\u00f6mert davas\u0131nda polis memuruna 20 y\u0131la kadar hapis cezas\u0131 istendi.<\/p>\n","protected":false},"author":4,"featured_media":174797,"comment_status":"open","ping_status":"open","sticky":false,"template":"","format":"standard","meta":{"_acf_changed":false,"footnotes":""},"categories":[6155,5005,6202,349,6805],"tags":[159595,159596,7390,221292,131452,1396,136773],"class_list":["post-163634","post","type-post","status-publish","format-standard","has-post-thumbnail","hentry","category-gundem","category-manset","category-politika","category-son-dakika","category-turkiye","tag-abdullah-comert-cinayeti","tag-ahmet-kus","tag-cinayet","tag-cinayet-haberleri","tag-gezi-parki-direnisi","tag-hatay","tag-hatay-gezi-parki"],"acf":[],"_links":{"self":[{"href":"https:\/\/www.nationalturk.com\/tr\/wp-json\/wp\/v2\/posts\/163634","targetHints":{"allow":["GET"]}}],"collection":[{"href":"https:\/\/www.nationalturk.com\/tr\/wp-json\/wp\/v2\/posts"}],"about":[{"href":"https:\/\/www.nationalturk.com\/tr\/wp-json\/wp\/v2\/types\/post"}],"author":[{"embeddable":true,"href":"https:\/\/www.nationalturk.com\/tr\/wp-json\/wp\/v2\/users\/4"}],"replies":[{"embeddable":true,"href":"https:\/\/www.nationalturk.com\/tr\/wp-json\/wp\/v2\/comments?post=163634"}],"version-history":[{"count":0,"href":"https:\/\/www.nationalturk.com\/tr\/wp-json\/wp\/v2\/posts\/163634\/revisions"}],"wp:featuredmedia":[{"embeddable":true,"href":"https:\/\/www.nationalturk.com\/tr\/wp-json\/wp\/v2\/media\/174797"}],"wp:attachment":[{"href":"https:\/\/www.nationalturk.com\/tr\/wp-json\/wp\/v2\/media?parent=163634"}],"wp:term":[{"taxonomy":"category","embeddable":true,"href":"https:\/\/www.nationalturk.com\/tr\/wp-json\/wp\/v2\/categories?post=163634"},{"taxonomy":"post_tag","embeddable":true,"href":"https:\/\/www.nationalturk.com\/tr\/wp-json\/wp\/v2\/tags?post=163634"}],"curies":[{"name":"wp","href":"https:\/\/api.w.org\/{rel}","templated":true}]}}