{"id":163637,"date":"2014-04-14T17:08:49","date_gmt":"2014-04-14T14:08:49","guid":{"rendered":"http:\/\/www.nationalturk.com\/?p=163637"},"modified":"2014-04-14T17:08:49","modified_gmt":"2014-04-14T14:08:49","slug":"chpli-tanaldan-erdogan-icin-301-basvurusu-163637","status":"publish","type":"post","link":"https:\/\/www.nationalturk.com\/tr\/chpli-tanaldan-erdogan-icin-301-basvurusu-163637\/","title":{"rendered":"CHP&#8217;li Tanal&#8217;dan Erdo\u011fan i\u00e7in 301 ba\u015fvurusu"},"content":{"rendered":"<p><img loading=\"lazy\" decoding=\"async\" class=\"alignleft size-medium wp-image-163638\" alt=\"Erdo\u011fan\" src=\"http:\/\/www.nationalturk.com\/tr\/wp-content\/uploads\/2014\/04\/erdogan_5_kasim_grup-280x202.jpg\" width=\"280\" height=\"202\" title=\"\" srcset=\"https:\/\/www.nationalturk.com\/tr\/wp-content\/uploads\/2014\/04\/erdogan_5_kasim_grup-280x202.jpg 280w, https:\/\/www.nationalturk.com\/tr\/wp-content\/uploads\/2014\/04\/erdogan_5_kasim_grup-553x400.jpg 553w, https:\/\/www.nationalturk.com\/tr\/wp-content\/uploads\/2014\/04\/erdogan_5_kasim_grup.jpg 1106w\" sizes=\"auto, (max-width: 280px) 100vw, 280px\" \/><\/p>\n<h1>CHP \u0130stanbul Milletvekili Mahmut Tanal, Ba\u015fbakan Recep Tayyip Erdo\u011fan&#8217;\u0131n TCK 301&#8217;in maddeden yarg\u0131lanmas\u0131 i\u00e7in Ankara Cumhuriyet Ba\u015fsavc\u0131l\u0131\u011f\u0131&#8217;na su\u00e7 duyurusunda bulundu.<\/h1>\n<p>Mahmut Tanal, Ankara Cumhuriyet Ba\u015fsavc\u0131l\u0131\u011f\u0131&#8217;na yapt\u0131\u011f\u0131 su\u00e7 duyurusunda, Ba\u015fbakan&#8217;\u0131n T\u00fcrk Ceza Kanununun 301. maddesi uyar\u0131nca T\u00fcrk Milletini, T\u00fcrkiye Cumhuriyeti Devletini, Devletin kurum ve organlar\u0131n\u0131 a\u015fa\u011f\u0131lama su\u00e7unu i\u015fledi\u011fini iddia etti.<\/p>\n<p>Tanal, su\u00e7 duyurusu dilek\u00e7esinde, Anayasa Mahkemesi&#8217;nin, 2 Nisan&#8217;da Twitter yasa\u011f\u0131n\u0131n ifade \u00f6zg\u00fcrl\u00fc\u011f\u00fcne ayk\u0131r\u0131 bulmas\u0131, 9 Nisan&#8217;da kamuoyunda Tam G\u00fcn Yasas\u0131 olarak bilinen yasan\u0131n iki maddesinin y\u00fcr\u00fcrl\u00fc\u011f\u00fcn\u00fc durdurmas\u0131, 10 Nisan&#8217;da HSYK&#8217;n\u0131n yap\u0131s\u0131n\u0131 de\u011fi\u015ftiren kanunu Adalet Bakan\u0131na verilen yetkilerini d\u00fczenleyen h\u00fck\u00fcmlerinin b\u00fcy\u00fck \u00e7o\u011funlu\u011funu iptal etmesi ve 11 Nisan&#8217;da Bilgi Teknolojileri ve \u0130leti\u015fim Kurumuna tan\u0131nan ki\u015fisel verilerin i\u015flenmesi ve gizlili\u011finin korunmas\u0131na ili\u015fkin kanun h\u00fckm\u00fcn\u00fc iptal etmesi sonucu; Ba\u015fbakan&#8217;\u0131n, Anayasa Mahkemesi&#8217;ne a\u011f\u0131r ifadelerde bulunarak devletin anayasal bir kurumu olan Anayasa Mahkemesini a\u015fa\u011f\u0131lad\u0131\u011f\u0131n\u0131 ve ulusal \u00e7\u0131karlara ters kararlar almakla itham etti\u011fini savundu.<\/p>\n<!-- Error, Advert is not available at this time due to schedule\/geolocation restrictions! -->\n","protected":false},"excerpt":{"rendered":"<p>CHP \u0130stanbul Milletvekili Mahmut Tanal, Ba\u015fbakan Recep Tayyip Erdo\u011fan&#8217;\u0131n TCK 301&#8217;in maddeden yarg\u0131lanmas\u0131 i\u00e7in Ankara Cumhuriyet Ba\u015fsavc\u0131l\u0131\u011f\u0131&#8217;na su\u00e7 duyurusunda bulundu.<\/p>\n","protected":false},"author":4,"featured_media":174796,"comment_status":"open","ping_status":"open","sticky":false,"template":"","format":"standard","meta":{"_acf_changed":false,"footnotes":""},"categories":[6155,5005,6202,6805],"tags":[3888,159605,57136,787],"class_list":["post-163637","post","type-post","status-publish","format-standard","has-post-thumbnail","hentry","category-gundem","category-manset","category-politika","category-turkiye","tag-basbakan-erdogan","tag-erdogan-anayasa-mahkemesi","tag-mahmut-tanal","tag-recep-tayyip-erdogan"],"acf":[],"_links":{"self":[{"href":"https:\/\/www.nationalturk.com\/tr\/wp-json\/wp\/v2\/posts\/163637","targetHints":{"allow":["GET"]}}],"collection":[{"href":"https:\/\/www.nationalturk.com\/tr\/wp-json\/wp\/v2\/posts"}],"about":[{"href":"https:\/\/www.nationalturk.com\/tr\/wp-json\/wp\/v2\/types\/post"}],"author":[{"embeddable":true,"href":"https:\/\/www.nationalturk.com\/tr\/wp-json\/wp\/v2\/users\/4"}],"replies":[{"embeddable":true,"href":"https:\/\/www.nationalturk.com\/tr\/wp-json\/wp\/v2\/comments?post=163637"}],"version-history":[{"count":0,"href":"https:\/\/www.nationalturk.com\/tr\/wp-json\/wp\/v2\/posts\/163637\/revisions"}],"wp:featuredmedia":[{"embeddable":true,"href":"https:\/\/www.nationalturk.com\/tr\/wp-json\/wp\/v2\/media\/174796"}],"wp:attachment":[{"href":"https:\/\/www.nationalturk.com\/tr\/wp-json\/wp\/v2\/media?parent=163637"}],"wp:term":[{"taxonomy":"category","embeddable":true,"href":"https:\/\/www.nationalturk.com\/tr\/wp-json\/wp\/v2\/categories?post=163637"},{"taxonomy":"post_tag","embeddable":true,"href":"https:\/\/www.nationalturk.com\/tr\/wp-json\/wp\/v2\/tags?post=163637"}],"curies":[{"name":"wp","href":"https:\/\/api.w.org\/{rel}","templated":true}]}}