{"id":163693,"date":"2014-04-15T12:27:09","date_gmt":"2014-04-15T09:27:09","guid":{"rendered":"http:\/\/www.nationalturk.com\/?p=163693"},"modified":"2014-04-15T12:34:50","modified_gmt":"2014-04-15T09:34:50","slug":"barcelona-jurgen-klopp-pesinde-163693","status":"publish","type":"post","link":"https:\/\/www.nationalturk.com\/tr\/barcelona-jurgen-klopp-pesinde-163693\/","title":{"rendered":"Barcelona J\u00fcrgen Klopp&#8217;un pe\u015finde!"},"content":{"rendered":"<p><img loading=\"lazy\" decoding=\"async\" class=\"alignleft size-medium wp-image-163699\" alt=\"Jurgen Klopp\" src=\"http:\/\/www.nationalturk.com\/tr\/wp-content\/uploads\/2014\/04\/jurgen_klopp_barcelona-280x168.jpg\" width=\"280\" height=\"168\" title=\"\" srcset=\"https:\/\/www.nationalturk.com\/tr\/wp-content\/uploads\/2014\/04\/jurgen_klopp_barcelona-280x168.jpg 280w, https:\/\/www.nationalturk.com\/tr\/wp-content\/uploads\/2014\/04\/jurgen_klopp_barcelona.jpg 460w\" sizes=\"auto, (max-width: 280px) 100vw, 280px\" \/><\/p>\n<h1><a href=\"http:\/\/www.elclasico.biz\/\" target=\"_blank\" rel=\"noopener\">La Liga<\/a>&#8216;daki \u015fampiyonluk yar\u0131\u015f\u0131nda geriye d\u00fc\u015fen, \u015eampiyonlar Ligi&#8217;nde Atletico Madrid&#8217;e elenen <a href=\"http:\/\/www.elclasico.biz\/\" target=\"_blank\" rel=\"noopener\">Barcelona<\/a> Borussia Dortmund Teknik Direkt\u00f6r\u00fc J\u00fcrgen Klopp&#8217;a kancay\u0131 takt\u0131.<\/h1>\n<p><span style=\"line-height: 1.5em;\"><a href=\"http:\/\/www.elclasico.biz\/\" target=\"_blank\" rel=\"noopener\">elclasico.biz<\/a> sitesinin haberine g\u00f6re \u0130spanya La Liga \u2019da ard arda al\u0131nan ba\u015far\u0131s\u0131z tablonun ard\u0131ndan, toparlanma evresine giren Barcelona, Santiago Barnebau\u2019da oynanan El Clasico sonras\u0131nda y\u00fcreklere su serpmi\u015f, eski g\u00fcnlerine d\u00f6n\u00fc\u015f sinyali vermi\u015fti. Fakat ilerleyen haftalarda g\u00fcn ge\u00e7tik\u00e7e etkisiz oyununu tekrar ortaya \u00e7\u0131karan Katalanlar, su\u00e7lu olarak teknik adamlar\u0131 Gerardo Martino\u2019yu sorumlu tutuyor.<\/span><\/p>\n<!-- Error, Advert is not available at this time due to schedule\/geolocation restrictions! -->\n<p>\u00d6ncesinde Atletico Madrid\u2019le Vicente Calderon\u2019da oynanan kar\u015f\u0131la\u015fmada etkisiz futboluyla 1-0\u2019l\u0131k skorla yenilip oklar\u0131 \u00fczerine \u00e7eken Katalanlar, sonras\u0131nda ligde Granada deplasman\u0131ndan da 1-0 l\u0131k yenilgiyle d\u00f6nd\u00fc.<br \/>\nTak\u0131m\u0131n pas futbolunu eskisi gibi oynayamamas\u0131, oyunculardaki isteksiz ve formsuzlu\u011funda g\u00f6z \u00f6n\u00fcnde oldu\u011funu d\u00fc\u015f\u00fcn\u00fcrsek, Barcelona\u2019n\u0131n ciddi sorunlar\u0131 oldu\u011funu belirtebiliriz. Keza bunun yan\u0131nda 2015 yaz\u0131na kadar 2014 yaz ve 2015 ara transferini kapsayan,2 d\u00f6nemlik transfer yasa\u011f\u0131n\u0131 da hesaba katmak gerekir. Barcelona\u2019n\u0131n altyap\u0131dan \u00e7\u0131kard\u0131\u011f\u0131 oyuncularla bug\u00fcnleri in\u015fa etti\u011fini s\u00f6ylersek yanl\u0131\u015f olmaz.<\/p>\n<h2>J\u00fcrgen Klopp Barcelona Fl\u00f6rt\u00fc<\/h2>\n<p>Y\u00f6netim hem Guardiola gibi sevilen bir teknik teknik direkt\u00f6r bulmak istiyor, emde sistem ve tecr\u00fcbe a\u00e7\u0131s\u0131ndan sorun ya\u015famay\u0131p kendi sistemleri i\u00e7inde bo\u011fulmayacak, \u00e7\u0131k\u0131\u015f noktalar\u0131 olan birini getirmek istiyor.<br \/>\nBu \u0131\u015f\u0131kta son g\u00fcnlerde \u00e7\u0131kan bilgilerle beraber J\u00fcrgen Klopp i\u00e7in \u00f6ncelikle Barcelona\u2019n\u0131n \u00fcst d\u00fczey y\u00f6neticilerin Almanya\u2019ya u\u00e7tu\u011fu bilgisi s\u0131zd\u0131.<\/p>\n<p>Gen\u00e7 \u00e7al\u0131\u015ft\u0131r\u0131c\u0131 Borussia Dortmund\u2019u adeta k\u00fcllerinden do\u011furup, Barcelona sisteminin de\u011fi\u015fik bir varyasyonu olan, uzun pas-h\u0131zl\u0131 h\u00fccum mantalitesini oyuna yans\u0131t\u0131yor. Son zamanlarda Manchester United\u2019la da ad\u0131 \u00e7\u0131kan J\u00fcrgen Klopp \u2019un Borussia Dortmund\u2019la misyonunu tamamlad\u0131\u011f\u0131, u\u011furlama s\u00fcrecinin Pep Guardiolavari bir \u015fekilde olaca\u011f\u0131 konu\u015fulmaya ba\u015fland\u0131.<\/p>\n<p>G\u00f6r\u00fcnen o ki \u0130spanya medyas\u0131 Barcelona\u2019n\u0131n yeni teknik adam\u0131 olarak Klopp\u2019u \u015fimdiden duyurdu.<br \/>\nBarcelona\u2019n\u0131n Transfer Yasa\u011f\u0131 J\u00fcrgen Kloop\u2019u Etkiler mi ?<\/p>\n<p>F\u0130FA\u2019n\u0131n transfer yasa\u011f\u0131n\u0131n sadece futbolcu transferlerini kapsad\u0131\u011f\u0131, bunun yan\u0131nda teknik direkt\u00f6rleri kapsamad\u0131\u011f\u0131n\u0131 da belirtip, Klopp\u2019unda Barcelona\u2019y\u0131 \u00e7al\u0131\u015ft\u0131rmaya s\u0131cak bakt\u0131\u011f\u0131n\u0131 s\u00f6yleyebiliriz.\u00a0\u0130lerleyen g\u00fcnler ne getirir bilinmez, fakat Klopp \u2019la beraber Katalanlar\u0131n aranan kan\u0131 bulaca\u011f\u0131n\u0131 \u00f6ng\u00f6rebiliriz.<\/p>\n<!-- Error, Advert is not available at this time due to schedule\/geolocation restrictions! -->\n","protected":false},"excerpt":{"rendered":"<p>La Liga&#8217;daki \u015fampiyonluk yar\u0131\u015f\u0131nda geriye d\u00fc\u015fen, \u015eampiyonlar Ligi&#8217;nde Atletico Madrid&#8217;e elenen Barcelona Borussia Dortmund Teknik Direkt\u00f6r\u00fc J\u00fcrgen Klopp&#8217;a kancay\u0131 takt\u0131.<\/p>\n","protected":false},"author":4,"featured_media":174785,"comment_status":"open","ping_status":"open","sticky":false,"template":"","format":"standard","meta":{"_acf_changed":false,"footnotes":""},"categories":[6774,5005,6194],"tags":[1038,46019,46029],"class_list":["post-163693","post","type-post","status-publish","format-standard","has-post-thumbnail","hentry","category-futbol","category-manset","category-spor","tag-barcelona","tag-borussia-dortmund","tag-jurgen-klopp"],"acf":[],"_links":{"self":[{"href":"https:\/\/www.nationalturk.com\/tr\/wp-json\/wp\/v2\/posts\/163693","targetHints":{"allow":["GET"]}}],"collection":[{"href":"https:\/\/www.nationalturk.com\/tr\/wp-json\/wp\/v2\/posts"}],"about":[{"href":"https:\/\/www.nationalturk.com\/tr\/wp-json\/wp\/v2\/types\/post"}],"author":[{"embeddable":true,"href":"https:\/\/www.nationalturk.com\/tr\/wp-json\/wp\/v2\/users\/4"}],"replies":[{"embeddable":true,"href":"https:\/\/www.nationalturk.com\/tr\/wp-json\/wp\/v2\/comments?post=163693"}],"version-history":[{"count":0,"href":"https:\/\/www.nationalturk.com\/tr\/wp-json\/wp\/v2\/posts\/163693\/revisions"}],"wp:featuredmedia":[{"embeddable":true,"href":"https:\/\/www.nationalturk.com\/tr\/wp-json\/wp\/v2\/media\/174785"}],"wp:attachment":[{"href":"https:\/\/www.nationalturk.com\/tr\/wp-json\/wp\/v2\/media?parent=163693"}],"wp:term":[{"taxonomy":"category","embeddable":true,"href":"https:\/\/www.nationalturk.com\/tr\/wp-json\/wp\/v2\/categories?post=163693"},{"taxonomy":"post_tag","embeddable":true,"href":"https:\/\/www.nationalturk.com\/tr\/wp-json\/wp\/v2\/tags?post=163693"}],"curies":[{"name":"wp","href":"https:\/\/api.w.org\/{rel}","templated":true}]}}