{"id":163781,"date":"2014-04-16T11:44:21","date_gmt":"2014-04-16T08:44:21","guid":{"rendered":"http:\/\/www.nationalturk.com\/?p=163781"},"modified":"2026-02-15T13:37:35","modified_gmt":"2026-02-15T10:37:35","slug":"copsuz-biber-gazsiz-1-mayis-coskusu-kuba-devrim-meydani-163781","status":"publish","type":"post","link":"https:\/\/www.nationalturk.com\/tr\/copsuz-biber-gazsiz-1-mayis-coskusu-kuba-devrim-meydani-163781\/","title":{"rendered":"Copsuz biber gazs\u0131z 1 May\u0131s co\u015fkusu: K\u00fcba Devrim Meydan\u0131"},"content":{"rendered":"<p><img loading=\"lazy\" decoding=\"async\" class=\"alignnone size-full wp-image-163783\" alt=\"K\u00fcba 1 May\u0131s\" src=\"http:\/\/www.nationalturk.com\/tr\/wp-content\/uploads\/2014\/04\/kuba_1_mayis.jpg\" width=\"610\" height=\"279\" title=\"\" srcset=\"https:\/\/www.nationalturk.com\/tr\/wp-content\/uploads\/2014\/04\/kuba_1_mayis.jpg 610w, https:\/\/www.nationalturk.com\/tr\/wp-content\/uploads\/2014\/04\/kuba_1_mayis-280x128.jpg 280w\" sizes=\"auto, (max-width: 610px) 100vw, 610px\" \/><\/p>\n<h1>\u0130stanbul Valili\u011fi&#8217;nin 1 May\u0131s&#8217;ta Taksim Meydan\u0131&#8217;n\u0131 kutlamalara kapatma sinyali vermesinin ard\u0131ndan \u0130stanbul&#8217;u yine olayl\u0131 bir 1 May\u0131s g\u00fcn\u00fc bekliyor. 1 May\u0131s&#8217;\u0131 b\u00fcy\u00fck bir co\u015fkuyla kutlamak isteyenlerin tercihi ise yine K\u00fcba&#8230; 1 May\u0131s K\u00fcba &#8216;da yine muhte\u015fem kutlanacak.<\/h1>\n<p>2013 y\u0131l\u0131nda \u0130stanbul Valili\u011fi&#8217;nin Taksim Yayala\u015ft\u0131rma Projesi in\u015faat\u0131n\u0131 gerek\u00e7e g\u00f6stererek Taksim Meydan\u0131&#8217;n\u0131 1 May\u0131s&#8217;ta kapatmas\u0131yla \u00f6zellikle Be\u015fikta\u015f, \u015ei\u015fli, Unkapan\u0131, Okmeydan\u0131 gibi b\u00f6lgelerde olaylar \u00e7\u0131km\u0131\u015f ve onlarca ki\u015fi yaralanm\u0131\u015ft\u0131. \u0130stanbul Valili\u011fi bu y\u0131l da 1 May\u0131s&#8217;ta Taksim Meydan\u0131&#8217;n\u0131 yasaklayaca\u011f\u0131n\u0131n sinyallerini verdi ve Vali H\u00fcseyin Avni Mutlu sendikalara Yenikap\u0131&#8217;y\u0131 i\u015faret etti. Ancak D\u0130SK, KESK ve TMMOB&#8217;un ba\u015f\u0131n\u0131 \u00e7ekti\u011fi sendikalar 1 May\u0131s&#8217;ta Taksim&#8217;e \u00e7\u0131kmaya kararl\u0131. Bu durum da ak\u0131llara yine olayl\u0131 1 May\u0131s&#8217;lar\u0131 getiriyor.<\/p>\n<p>D\u00fcnyada 1 May\u0131s \u0130\u015f\u00e7i ve Emek\u00e7i bayram\u0131n\u0131n en b\u00fcy\u00fck co\u015fkuyla kutland\u0131\u011f\u0131 \u015fehir olan K\u00fcba&#8217;n\u0131n ba\u015fkenti Havana ise bu y\u0131l da bir\u00e7ok T\u00fcrk vatanda\u015f\u0131n\u0131n adeta ak\u0131n edece\u011fi \u015fehirlerin ba\u015f\u0131n\u0131 \u00e7ekiyor. Olaylardan, polis \u015fiddetinden, TOMAlardan, biber gaz\u0131ndan uzak 1 May\u0131s co\u015fkusu ya\u015famak isteyenler 1 May\u0131s turlar\u0131 ile K\u00fcba&#8217;ya gitmek i\u00e7in kollar\u0131 s\u0131vad\u0131 bile.<\/p>\n<p>K\u00fcba Devrimi&#8217;nden sonra \u00fclke tarihinin en \u00f6nemli yeri haline gelen tarihi Devrim Meydan\u0131 bu y\u0131l da 1 May\u0131s&#8217;ta y\u00fczbinlerce devrimciye ev sahipli\u011fi yapacak. Fidel Castro&#8217;nun ve devrimin di\u011fer \u00f6nderlerinin halkla bulu\u015fma yeri olan tarihi Devrim Meydan\u0131, her y\u0131l 1 May\u0131s\u2019ta dolup ta\u015fan co\u015fkulu mitingleriyle de zihinlere kaz\u0131nm\u0131\u015f durumda.<\/p>\n<!-- Error, Advert is not available at this time due to schedule\/geolocation restrictions! -->\n","protected":false},"excerpt":{"rendered":"<p>\u0130stanbul Valili\u011fi&#8217;nin 1 May\u0131s&#8217;ta Taksim Meydan\u0131&#8217;n\u0131 kutlamalara kapatma sinyali vermesinin ard\u0131ndan \u0130stanbul&#8217;u yine olayl\u0131 bir 1 May\u0131s g\u00fcn\u00fc bekliyor. 1 May\u0131s&#8217;\u0131 b\u00fcy\u00fck bir co\u015fkuyla kutlamak isteyenlerin tercihi ise yine K\u00fcba&#8230; 1 May\u0131s K\u00fcba &#8216;da yine muhte\u015fem kutlanacak.<\/p>\n","protected":false},"author":4,"featured_media":163783,"comment_status":"open","ping_status":"open","sticky":false,"template":"","format":"standard","meta":{"_acf_changed":false,"footnotes":""},"categories":[6665,6155,6771,5005,6202,6805],"tags":[157298,129195,67883,99293,23171,129199,145669,931,129196,129198,24758,1011,98898,14,3805,52192],"class_list":["post-163781","post","type-post","status-publish","format-standard","has-post-thumbnail","hentry","category-dunya","category-gundem","category-latin-amerika","category-manset","category-politika","category-turkiye","tag-1-mayis-2014","tag-1-mayis-besiktas","tag-1-mayis-kuba","tag-1-mayis-kuba-coskusu","tag-1-mayis-taksim","tag-besiktas-kuba","tag-devrim-meydani","tag-fidel-castro","tag-halkin-takimi","tag-halkin-takimi-kuba","tag-huseyin-avni-mutlu","tag-istanbul","tag-istanbul-valisi","tag-kuba","tag-taksim","tag-vali"],"acf":[],"_links":{"self":[{"href":"https:\/\/www.nationalturk.com\/tr\/wp-json\/wp\/v2\/posts\/163781","targetHints":{"allow":["GET"]}}],"collection":[{"href":"https:\/\/www.nationalturk.com\/tr\/wp-json\/wp\/v2\/posts"}],"about":[{"href":"https:\/\/www.nationalturk.com\/tr\/wp-json\/wp\/v2\/types\/post"}],"author":[{"embeddable":true,"href":"https:\/\/www.nationalturk.com\/tr\/wp-json\/wp\/v2\/users\/4"}],"replies":[{"embeddable":true,"href":"https:\/\/www.nationalturk.com\/tr\/wp-json\/wp\/v2\/comments?post=163781"}],"version-history":[{"count":1,"href":"https:\/\/www.nationalturk.com\/tr\/wp-json\/wp\/v2\/posts\/163781\/revisions"}],"predecessor-version":[{"id":306847,"href":"https:\/\/www.nationalturk.com\/tr\/wp-json\/wp\/v2\/posts\/163781\/revisions\/306847"}],"wp:featuredmedia":[{"embeddable":true,"href":"https:\/\/www.nationalturk.com\/tr\/wp-json\/wp\/v2\/media\/163783"}],"wp:attachment":[{"href":"https:\/\/www.nationalturk.com\/tr\/wp-json\/wp\/v2\/media?parent=163781"}],"wp:term":[{"taxonomy":"category","embeddable":true,"href":"https:\/\/www.nationalturk.com\/tr\/wp-json\/wp\/v2\/categories?post=163781"},{"taxonomy":"post_tag","embeddable":true,"href":"https:\/\/www.nationalturk.com\/tr\/wp-json\/wp\/v2\/tags?post=163781"}],"curies":[{"name":"wp","href":"https:\/\/api.w.org\/{rel}","templated":true}]}}