{"id":163795,"date":"2014-04-16T14:41:11","date_gmt":"2014-04-16T11:41:11","guid":{"rendered":"http:\/\/www.nationalturk.com\/?p=163795"},"modified":"2014-04-16T15:31:19","modified_gmt":"2014-04-16T12:31:19","slug":"prens-william-duses-kate-ve-kucuk-prens-george-gunesli-avustralyada-ingiltere-kraliyet-ailesi-haberleri-163795","status":"publish","type":"post","link":"https:\/\/www.nationalturk.com\/tr\/prens-william-duses-kate-ve-kucuk-prens-george-gunesli-avustralyada-ingiltere-kraliyet-ailesi-haberleri-163795\/","title":{"rendered":"Prens William, D\u00fc\u015fes Kate ve K\u00fc\u00e7\u00fck prens George g\u00fcne\u015fli Avustralya&#8217;da \/ \u0130ngiltere Kraliyet Ailesi Haberleri"},"content":{"rendered":"<h1><a href=\"http:\/\/www.nationalturk.com\/tr\/wp-content\/uploads\/2014\/04\/William-And-Kate-Australia.jpg\"><img loading=\"lazy\" decoding=\"async\" class=\"alignnone size-full wp-image-163801\" title=\"Kate ve William Avustralyada\" alt=\"Kate ve William Avustralyada\" src=\"http:\/\/www.nationalturk.com\/tr\/wp-content\/uploads\/2014\/04\/William-And-Kate-Australia.jpg\" width=\"610\" height=\"342\" srcset=\"https:\/\/www.nationalturk.com\/tr\/wp-content\/uploads\/2014\/04\/William-And-Kate-Australia.jpg 610w, https:\/\/www.nationalturk.com\/tr\/wp-content\/uploads\/2014\/04\/William-And-Kate-Australia-280x156.jpg 280w\" sizes=\"auto, (max-width: 610px) 100vw, 610px\" \/><\/a><\/h1>\n<h1>Yeni Zellanda&#8217;n\u0131n ya\u011fmurlu havas\u0131ndan sonra Avustralya&#8217;ya ge\u00e7en \u0130ngiltere Kraliyet ailesinin yeni nesil \u00fcyeleri Cambridge D\u00fc\u015fesi Kate e\u015fi Prens William ve bebek Prens George g\u00fcne\u015fli Sydney&#8217;de halk\u0131n s\u0131cak ilgisi ile kar\u015f\u0131land\u0131lar.<\/h1>\n<p>Dokuz g\u00fcnl\u00fck Yeni Zellanda Turunu tamamlayan Kraliyet Ailesinin yeni jenerasyon \u00fcyeleri Cambridge D\u00fc\u015fesi Kate e\u015fi Prens William ve 9 ayl\u0131k bebekleri Prens George Avustralya&#8217;ya ge\u00e7tiler.<\/p>\n<p><a href=\"http:\/\/www.nationalturk.com\/tr\/wp-content\/uploads\/2014\/04\/Duchess-Kate-Prince-William-Little-Prince-George-Australia.jpg\"><img loading=\"lazy\" decoding=\"async\" class=\"alignnone size-full wp-image-163802\" alt=\"The Duke And Duchess Of Cambridge Tour Australia And New Zealand - Day 10\" src=\"http:\/\/www.nationalturk.com\/tr\/wp-content\/uploads\/2014\/04\/Duchess-Kate-Prince-William-Little-Prince-George-Australia.jpg\" width=\"610\" height=\"342\" title=\"\" srcset=\"https:\/\/www.nationalturk.com\/tr\/wp-content\/uploads\/2014\/04\/Duchess-Kate-Prince-William-Little-Prince-George-Australia.jpg 610w, https:\/\/www.nationalturk.com\/tr\/wp-content\/uploads\/2014\/04\/Duchess-Kate-Prince-William-Little-Prince-George-Australia-280x156.jpg 280w\" sizes=\"auto, (max-width: 610px) 100vw, 610px\" \/><\/a><\/p>\n<p>Sydney kentinde Avustralya i\u00e7i\u015fleri Bakan\u0131 taraf\u0131ndan kar\u015f\u0131lanan ve \u00a0Avustralyal\u0131lar\u0131n yo\u011fun ilgisi ile kar\u015f\u0131la\u015fan gen\u00e7 aile daha sonra \u00dcnl\u00fc Sydney Opera binas\u0131n\u0131 ziyaret ettiler ve burda kendilerini saatlerce bekleyen insanlar\u0131n yo\u011fun ilgisi ile kar\u015f\u0131la\u015ft\u0131lar.<\/p>\n<p><a href=\"http:\/\/www.nationalturk.com\/tr\/wp-content\/uploads\/2014\/04\/Duchess-Kate-Prince-William-Little-Prince-George-14.jpg\"><img loading=\"lazy\" decoding=\"async\" class=\"alignnone size-full wp-image-163803\" alt=\"The Duke And Duchess Of Cambridge Tour Australia And New Zealand - Day 10\" src=\"http:\/\/www.nationalturk.com\/tr\/wp-content\/uploads\/2014\/04\/Duchess-Kate-Prince-William-Little-Prince-George-14.jpg\" width=\"610\" height=\"342\" title=\"\" srcset=\"https:\/\/www.nationalturk.com\/tr\/wp-content\/uploads\/2014\/04\/Duchess-Kate-Prince-William-Little-Prince-George-14.jpg 610w, https:\/\/www.nationalturk.com\/tr\/wp-content\/uploads\/2014\/04\/Duchess-Kate-Prince-William-Little-Prince-George-14-280x156.jpg 280w\" sizes=\"auto, (max-width: 610px) 100vw, 610px\" \/><\/a><\/p>\n<p>Prens William Avustralyal\u0131larla sohbet ederken kuca\u011f\u0131nda minik prens George&#8217;u ta\u015f\u0131yan e\u015fi D\u00fc\u015fes Katherine&#8217;de hayranlar\u0131n\u0131n kendisine sundu\u011fu \u00e7i\u00e7ekleri ald\u0131 ve foto\u011fraf \u00e7ektirdi.<\/p>\n<p><a href=\"http:\/\/www.nationalturk.com\/tr\/wp-content\/uploads\/2014\/04\/Duchess-Kate-Prince-William-Little-Prince-George-12.jpg\"><img loading=\"lazy\" decoding=\"async\" class=\"alignnone size-full wp-image-163804\" alt=\"Britain&#039;s Prince William greets a well-wisher following a reception at the Sydney Opera House\" src=\"http:\/\/www.nationalturk.com\/tr\/wp-content\/uploads\/2014\/04\/Duchess-Kate-Prince-William-Little-Prince-George-12.jpg\" width=\"610\" height=\"342\" title=\"\" srcset=\"https:\/\/www.nationalturk.com\/tr\/wp-content\/uploads\/2014\/04\/Duchess-Kate-Prince-William-Little-Prince-George-12.jpg 610w, https:\/\/www.nationalturk.com\/tr\/wp-content\/uploads\/2014\/04\/Duchess-Kate-Prince-William-Little-Prince-George-12-280x156.jpg 280w\" sizes=\"auto, (max-width: 610px) 100vw, 610px\" \/><\/a><\/p>\n<p>Kraliyet ailesinin yeni jenerasyonuna b\u00fcy\u00fck ilgi g\u00f6steren Avustralyal\u0131lardan baz\u0131lar\u0131 &#8221; Biliyoruz ki Majesteleri Krali\u00e7e i\u00e7in Avustrlayn\u0131n \u00f6zel bir anlam\u0131 var ve B\u00fct\u00fcn Avustralyal\u0131lar i\u00e7in Krali\u00e7e II. Elizabeth \u00e7ok \u00f6nemlidir \u015fimdi Monar\u015finin bu gen\u00e7 \u00e7iftine g\u00f6sterdi\u011fimiz ilgi ile Majestelerine sayg\u0131m\u0131z\u0131 sunuyoruz &#8221; \u015feklinde konu\u015ftular.<\/p>\n<p><a href=\"http:\/\/www.nationalturk.com\/tr\/wp-content\/uploads\/2014\/04\/Duchess-Kate-Prince-William-Little-Prince-George-13.jpg\"><img loading=\"lazy\" decoding=\"async\" class=\"alignnone size-full wp-image-163805\" alt=\"Britain&#039;s Prince William and Catherine, Duchess of Cambridge, walk during a reception at the Sydney Opera House\" src=\"http:\/\/www.nationalturk.com\/tr\/wp-content\/uploads\/2014\/04\/Duchess-Kate-Prince-William-Little-Prince-George-13.jpg\" width=\"610\" height=\"342\" title=\"\" srcset=\"https:\/\/www.nationalturk.com\/tr\/wp-content\/uploads\/2014\/04\/Duchess-Kate-Prince-William-Little-Prince-George-13.jpg 610w, https:\/\/www.nationalturk.com\/tr\/wp-content\/uploads\/2014\/04\/Duchess-Kate-Prince-William-Little-Prince-George-13-280x156.jpg 280w\" sizes=\"auto, (max-width: 610px) 100vw, 610px\" \/><\/a><\/p>\n<p>D\u00fc\u015fes Kate ve Prens William Opera binas\u0131n\u0131 gezerek eko denemeleri yapt\u0131lar.<\/p>\n<!-- Error, Advert is not available at this time due to schedule\/geolocation restrictions! -->\n<p>&nbsp;<\/p>\n<p>&nbsp;<\/p>\n<p>&nbsp;<\/p>\n","protected":false},"excerpt":{"rendered":"<p>Yeni Zellanda&#8217;n\u0131n ya\u011fmurlu havas\u0131ndan sonra Avustralya&#8217;ya ge\u00e7en \u0130ngiltere Kraliyet ailesinin yeni nesil \u00fcyeleri Cambridge D\u00fc\u015fesi Kate e\u015fi Prens William ve bebek Prens George g\u00fcne\u015fli Sydney&#8217;de halk\u0131n s\u0131cak ilgisi ile kar\u015f\u0131land\u0131lar.<\/p>\n","protected":false},"author":761,"featured_media":163801,"comment_status":"open","ping_status":"open","sticky":false,"template":"","format":"standard","meta":{"_acf_changed":false,"footnotes":""},"categories":[6665,6155,6232,5005,349,67944],"tags":[473,136522,1874,110598,144537],"class_list":["post-163795","post","type-post","status-publish","format-standard","has-post-thumbnail","hentry","category-dunya","category-gundem","category-magazin","category-manset","category-son-dakika","category-yurtdisi-magazin-haberleri","tag-avustralya","tag-cambridge-dusesi-kate","tag-ingiltere","tag-ingiltere-kraliyet-ailesi","tag-kraliyet-ailesi"],"acf":[],"_links":{"self":[{"href":"https:\/\/www.nationalturk.com\/tr\/wp-json\/wp\/v2\/posts\/163795","targetHints":{"allow":["GET"]}}],"collection":[{"href":"https:\/\/www.nationalturk.com\/tr\/wp-json\/wp\/v2\/posts"}],"about":[{"href":"https:\/\/www.nationalturk.com\/tr\/wp-json\/wp\/v2\/types\/post"}],"author":[{"embeddable":true,"href":"https:\/\/www.nationalturk.com\/tr\/wp-json\/wp\/v2\/users\/761"}],"replies":[{"embeddable":true,"href":"https:\/\/www.nationalturk.com\/tr\/wp-json\/wp\/v2\/comments?post=163795"}],"version-history":[{"count":0,"href":"https:\/\/www.nationalturk.com\/tr\/wp-json\/wp\/v2\/posts\/163795\/revisions"}],"wp:featuredmedia":[{"embeddable":true,"href":"https:\/\/www.nationalturk.com\/tr\/wp-json\/wp\/v2\/media\/163801"}],"wp:attachment":[{"href":"https:\/\/www.nationalturk.com\/tr\/wp-json\/wp\/v2\/media?parent=163795"}],"wp:term":[{"taxonomy":"category","embeddable":true,"href":"https:\/\/www.nationalturk.com\/tr\/wp-json\/wp\/v2\/categories?post=163795"},{"taxonomy":"post_tag","embeddable":true,"href":"https:\/\/www.nationalturk.com\/tr\/wp-json\/wp\/v2\/tags?post=163795"}],"curies":[{"name":"wp","href":"https:\/\/api.w.org\/{rel}","templated":true}]}}