{"id":163807,"date":"2014-04-16T14:43:25","date_gmt":"2014-04-16T11:43:25","guid":{"rendered":"http:\/\/www.nationalturk.com\/?p=163807"},"modified":"2014-04-16T14:43:25","modified_gmt":"2014-04-16T11:43:25","slug":"urdunden-suriyeye-hava-operasyonu-163807","status":"publish","type":"post","link":"https:\/\/www.nationalturk.com\/tr\/urdunden-suriyeye-hava-operasyonu-163807\/","title":{"rendered":"\u00dcrd\u00fcn&#8217;den Suriye&#8217;ye hava operasyonu"},"content":{"rendered":"<p><img loading=\"lazy\" decoding=\"async\" class=\"alignnone size-large wp-image-163809\" alt=\"Suriye \u00dcrd\u00fcn \u00e7at\u0131\u015fma\" src=\"http:\/\/www.nationalturk.com\/tr\/wp-content\/uploads\/2014\/04\/suriye_urdun_catisma-600x400.jpg\" width=\"600\" height=\"400\" title=\"\" srcset=\"https:\/\/www.nationalturk.com\/tr\/wp-content\/uploads\/2014\/04\/suriye_urdun_catisma-600x400.jpg 600w, https:\/\/www.nationalturk.com\/tr\/wp-content\/uploads\/2014\/04\/suriye_urdun_catisma-280x186.jpg 280w, https:\/\/www.nationalturk.com\/tr\/wp-content\/uploads\/2014\/04\/suriye_urdun_catisma.jpg 1200w\" sizes=\"auto, (max-width: 600px) 100vw, 600px\" \/><\/p>\n<h1>\u00dcrd\u00fcn ordusu, hava kuvvetlerine ba\u011fl\u0131 sava\u015f u\u00e7aklar\u0131n\u0131n, Suriye s\u0131n\u0131r\u0131n\u0131 ge\u00e7meye \u00e7al\u0131\u015fan baz\u0131 ara\u00e7lar\u0131 vurdu\u011funu a\u00e7\u0131klad\u0131.<\/h1>\n<p><span style=\"line-height: 1.5em;\">\u00dcrd\u00fcn Hava Kuvvetleri\u2019ne ait sava\u015f u\u00e7aklar\u0131n\u0131n, Suriye s\u0131n\u0131r\u0131nda operasyon yapt\u0131\u011f\u0131 duyuruldu. A\u00e7\u0131klamada, \u2018sava\u015f u\u00e7aklar\u0131n\u0131n Suriye istikametinden s\u0131n\u0131r\u0131 ge\u00e7meye ve \u00dcrd\u00fcn\u2019e girmeye \u00e7al\u0131\u015fan birka\u00e7 z\u0131rhl\u0131 arac\u0131n vuruldu\u011fu\u2019 belirtildi. Z\u0131rhl\u0131 ara\u00e7lar\u0131n kime ait oldu\u011funun belirlenemedi\u011fini kaydeden ordu s\u00f6zc\u00fcs\u00fc, herhangi bir ba\u015fka detay vermeyi reddetti.<\/span><\/p>\n<!-- Error, Advert is not available at this time due to schedule\/geolocation restrictions! -->\n","protected":false},"excerpt":{"rendered":"<p>\u00dcrd\u00fcn ordusu, hava kuvvetlerine ba\u011fl\u0131 sava\u015f u\u00e7aklar\u0131n\u0131n, Suriye s\u0131n\u0131r\u0131n\u0131 ge\u00e7meye \u00e7al\u0131\u015fan baz\u0131 ara\u00e7lar\u0131 vurdu\u011funu a\u00e7\u0131klad\u0131.<\/p>\n","protected":false},"author":4,"featured_media":174764,"comment_status":"open","ping_status":"open","sticky":false,"template":"","format":"standard","meta":{"_acf_changed":false,"footnotes":""},"categories":[6665,6155,6772,6202,349],"tags":[67998,109526,99697,108200,7421,108199],"class_list":["post-163807","post","type-post","status-publish","format-standard","has-post-thumbnail","hentry","category-dunya","category-gundem","category-ortadogu","category-politika","category-son-dakika","tag-suriye-catisma","tag-suriye-ic-savas","tag-suriye-operasyon","tag-suriye-urdun","tag-urdun","tag-urdun-suriye"],"acf":[],"_links":{"self":[{"href":"https:\/\/www.nationalturk.com\/tr\/wp-json\/wp\/v2\/posts\/163807","targetHints":{"allow":["GET"]}}],"collection":[{"href":"https:\/\/www.nationalturk.com\/tr\/wp-json\/wp\/v2\/posts"}],"about":[{"href":"https:\/\/www.nationalturk.com\/tr\/wp-json\/wp\/v2\/types\/post"}],"author":[{"embeddable":true,"href":"https:\/\/www.nationalturk.com\/tr\/wp-json\/wp\/v2\/users\/4"}],"replies":[{"embeddable":true,"href":"https:\/\/www.nationalturk.com\/tr\/wp-json\/wp\/v2\/comments?post=163807"}],"version-history":[{"count":0,"href":"https:\/\/www.nationalturk.com\/tr\/wp-json\/wp\/v2\/posts\/163807\/revisions"}],"wp:featuredmedia":[{"embeddable":true,"href":"https:\/\/www.nationalturk.com\/tr\/wp-json\/wp\/v2\/media\/174764"}],"wp:attachment":[{"href":"https:\/\/www.nationalturk.com\/tr\/wp-json\/wp\/v2\/media?parent=163807"}],"wp:term":[{"taxonomy":"category","embeddable":true,"href":"https:\/\/www.nationalturk.com\/tr\/wp-json\/wp\/v2\/categories?post=163807"},{"taxonomy":"post_tag","embeddable":true,"href":"https:\/\/www.nationalturk.com\/tr\/wp-json\/wp\/v2\/tags?post=163807"}],"curies":[{"name":"wp","href":"https:\/\/api.w.org\/{rel}","templated":true}]}}