{"id":164010,"date":"2014-04-20T15:39:43","date_gmt":"2014-04-20T12:39:43","guid":{"rendered":"http:\/\/www.nationalturk.com\/?p=164010"},"modified":"2014-04-20T15:39:43","modified_gmt":"2014-04-20T12:39:43","slug":"atletico-madrid-arda-turan-164010","status":"publish","type":"post","link":"https:\/\/www.nationalturk.com\/tr\/atletico-madrid-arda-turan-164010\/","title":{"rendered":"Atletico Madrid&#8217;te Arda Turan sevinci"},"content":{"rendered":"<h1><a href=\"http:\/\/www.nationalturk.com\/tr\/wp-content\/uploads\/2014\/04\/atletico-madrid-chelsea.jpg\"><img loading=\"lazy\" decoding=\"async\" class=\"aligncenter size-large wp-image-164012\" alt=\"\" src=\"http:\/\/www.nationalturk.com\/tr\/wp-content\/uploads\/2014\/04\/atletico-madrid-chelsea-610x382.jpg\" width=\"610\" height=\"382\" title=\"\" srcset=\"https:\/\/www.nationalturk.com\/tr\/wp-content\/uploads\/2014\/04\/atletico-madrid-chelsea-610x382.jpg 610w, https:\/\/www.nationalturk.com\/tr\/wp-content\/uploads\/2014\/04\/atletico-madrid-chelsea-280x175.jpg 280w, https:\/\/www.nationalturk.com\/tr\/wp-content\/uploads\/2014\/04\/atletico-madrid-chelsea.jpg 1200w\" sizes=\"auto, (max-width: 610px) 100vw, 610px\" \/><\/a>\u015eampiyonlar Ligi yar\u0131 final ilk ma\u00e7\u0131 i\u00e7in haz\u0131rl\u0131klar\u0131n\u0131 s\u00fcrd\u00fcren Atletico Madrid&#8217;te, Arda Turan sevinci ya\u015fan\u0131yor. Kas\u0131\u011f\u0131ndaki a\u011fr\u0131lar\u0131 nedeniyle yakla\u015f\u0131k 20 g\u00fcnd\u00fcr sahalardan uzak olan milli futbolcu, tak\u0131mla birlikte \u00e7al\u0131\u015ft\u0131.<\/h1>\n<p>Atletico Madrid, UEFA \u015eampiyonlar Ligi yar\u0131 finali ilk ma\u00e7\u0131nda, 22 Nisan Sal\u0131 g\u00fcn\u00fc Chelsea ile oynayaca\u011f\u0131 kar\u015f\u0131la\u015fman\u0131n haz\u0131rl\u0131klar\u0131n\u0131 s\u00fcrd\u00fcrd\u00fc.<\/p>\n<p>Madrid ekibi, Vicente Calderon Stad\u0131&#8217;nda, teknik direkt\u00f6r Diego Simeone y\u00f6netiminde ger\u00e7ekle\u015fen antrenmanda tam kadro \u00e7al\u0131\u015ft\u0131.<\/p>\n<p>Devler Ligi&#8217;nde Barcelona ile 1 Nisan&#8217;da oynanan \u00e7eyrek final ilk kar\u015f\u0131la\u015fmas\u0131nda kas\u0131\u011f\u0131nda a\u011fr\u0131 hissederek oyundan \u00e7\u0131kan ve o tarihten bu yana sahalardan uzak kalan Arda Turan da antrenmanda yer ald\u0131. Arjantinli teknik adam, Arda&#8217;y\u0131 Chelsea ma\u00e7\u0131nda sahaya s\u00fcrmeyi planlad\u0131\u011f\u0131 muhtemel 11 ile birlikte \u00e7al\u0131\u015ft\u0131rd\u0131.<\/p>\n<p>Di\u011fer yandan, Arda&#8217;n\u0131n antrenman s\u0131ras\u0131nda s\u0131k s\u0131k kas\u0131klar\u0131n\u0131 tuttu\u011fu ve a\u011fr\u0131lar\u0131n\u0131n oldu\u011fu g\u00f6zlendi.<\/p>\n<h3><a href=\"http:\/\/www.wts.com.tr\/barcelona-atletico-madrid-maci.htm\" target=\"_blank\" rel=\"noopener\">Barcelona Atletico Madrid ma\u00e7\u0131n\u0131 yerinde izlemek i\u00e7in t\u0131klay\u0131n<\/a><\/h3>\n<p>&#8220;Tarih yazmak i\u00e7in ideal bir zaman&#8221;<\/p>\n<p>Atletico Madrid&#8217;in ba\u015far\u0131l\u0131 orta saha oyuncular\u0131 Diego ve Gabi, antrenman sonras\u0131nda bas\u0131n mensuplar\u0131na Chelsea ma\u00e7\u0131yla ilgili de\u011ferlendirmelerde bulundu.<\/p>\n<p>Tak\u0131m olarak Chelsea ma\u00e7\u0131na iyi konsantre olduklar\u0131n\u0131 ve finale kalmak istediklerini belirten Gabi, &#8220;Tarih yazmak i\u00e7in ideal bir zaman&#8221; ifadesini kulland\u0131. \u015eampiyonlar Ligi&#8217;nde yar\u0131 finale kalan tak\u0131mlar aras\u0131nda b\u00fct\u00e7esi en az olan kul\u00fcb\u00fcn Atletico Madrid olmas\u0131n\u0131n hat\u0131rlat\u0131lmas\u0131 \u00fczerine Gabi, &#8220;Kul\u00fcp olarak daha az b\u00fct\u00e7emiz olabilir ama heyecan\u0131m\u0131z hepsinden fazla&#8221; cevab\u0131n\u0131 verdi. \u0130spanyol futbolcu ayr\u0131ca, Atletico Madrid taraftar\u0131n\u0131n di\u011fer tak\u0131mlar\u0131n taraftarlar\u0131ndan farkl\u0131 oldu\u011funu kaydederek, &#8220;Bizim en b\u00fcy\u00fck g\u00fcc\u00fcm\u00fcz taraftar\u0131m\u0131z. Sahada bizimle birlikte oynuyorlar&#8221; de\u011ferlendirmesinde bulundu.<\/p>\n<p>Madrid ekibinin Brezilyal\u0131 futbolcusu Diego ise finale kalabileceklerine inand\u0131klar\u0131n\u0131 ifade ederek, &#8220;Yar\u0131 finale geldikten sonra art\u0131k t\u00fcm tak\u0131mlar\u0131n \u015fanslar\u0131 e\u015fit. Favori yok. Chelsea \u00e7ok g\u00fc\u00e7l\u00fc, h\u0131zl\u0131 oynayan bir tak\u0131m ama biz turu ge\u00e7ece\u011fimize inan\u0131yoruz. Tak\u0131mdaki inan\u00e7 \u00e7ok \u00fcst d\u00fczeyde&#8221; diye konu\u015ftu. Atletico Madrid&#8217;in ligde ad\u0131m ad\u0131m \u015fampiyonlu\u011fa gitmesi ve \u015eampiyonlar Ligi&#8217;nde yar\u0131 finale y\u00fckselmesinin \u00fczerlerinde bir bask\u0131 yarat\u0131p yaratmad\u0131\u011f\u0131 y\u00f6n\u00fcnde gelen bir soruya Diego, &#8220;Tam tersine. \u00c7ok rahat\u0131z ve mutlu sona ula\u015fmak istiyoruz&#8221; cevab\u0131n\u0131 verdi.<\/p>\n<div class=\"a-single a-157\"><!-- nationalturk.com Bali 610x90 -->\r\n<ins data-revive-zoneid=\"412\" data-revive-ct0=\"{clickurl_enc}\" data-revive-id=\"2093837923c3e243d9d78d731533cba1\"><\/ins>\r\n<script async src=\"\/\/www.hot-affiliates.com\/ad\/www\/delivery\/asyncjs.php\"><\/script><\/div>\n","protected":false},"excerpt":{"rendered":"<p>\u015eampiyonlar Ligi yar\u0131 final ilk ma\u00e7\u0131 i\u00e7in haz\u0131rl\u0131klar\u0131n\u0131 s\u00fcrd\u00fcren Atletico Madrid&#8217;te, Arda Turan sevinci ya\u015fan\u0131yor. Kas\u0131\u011f\u0131ndaki a\u011fr\u0131lar\u0131 nedeniyle yakla\u015f\u0131k 20 g\u00fcnd\u00fcr sahalardan uzak olan milli futbolcu, tak\u0131mla birlikte \u00e7al\u0131\u015ft\u0131.<\/p>\n","protected":false},"author":3,"featured_media":174727,"comment_status":"open","ping_status":"open","sticky":false,"template":"","format":"standard","meta":{"_acf_changed":false,"footnotes":""},"categories":[6774,5005,6194],"tags":[6335,142845,47816,7932,66667,151110,1036,110084,142830,56879,828,44578,7468,57533],"class_list":["post-164010","post","type-post","status-publish","format-standard","has-post-thumbnail","hentry","category-futbol","category-manset","category-spor","tag-arda-turan","tag-arda-turan-ispanya","tag-arda-turan-sakatlik","tag-atletico-madrid","tag-atletico-madrid-arda-turan","tag-atletico-madrid-maclari","tag-chelsea","tag-chelsea-atletico-madrid","tag-chelsea-maclari","tag-diego-simeone","tag-sampiyonlar-ligi","tag-sampiyonlar-ligi-maclari","tag-uefa-sampiyonlar-ligi","tag-vicente-calderon"],"acf":[],"_links":{"self":[{"href":"https:\/\/www.nationalturk.com\/tr\/wp-json\/wp\/v2\/posts\/164010","targetHints":{"allow":["GET"]}}],"collection":[{"href":"https:\/\/www.nationalturk.com\/tr\/wp-json\/wp\/v2\/posts"}],"about":[{"href":"https:\/\/www.nationalturk.com\/tr\/wp-json\/wp\/v2\/types\/post"}],"author":[{"embeddable":true,"href":"https:\/\/www.nationalturk.com\/tr\/wp-json\/wp\/v2\/users\/3"}],"replies":[{"embeddable":true,"href":"https:\/\/www.nationalturk.com\/tr\/wp-json\/wp\/v2\/comments?post=164010"}],"version-history":[{"count":0,"href":"https:\/\/www.nationalturk.com\/tr\/wp-json\/wp\/v2\/posts\/164010\/revisions"}],"wp:featuredmedia":[{"embeddable":true,"href":"https:\/\/www.nationalturk.com\/tr\/wp-json\/wp\/v2\/media\/174727"}],"wp:attachment":[{"href":"https:\/\/www.nationalturk.com\/tr\/wp-json\/wp\/v2\/media?parent=164010"}],"wp:term":[{"taxonomy":"category","embeddable":true,"href":"https:\/\/www.nationalturk.com\/tr\/wp-json\/wp\/v2\/categories?post=164010"},{"taxonomy":"post_tag","embeddable":true,"href":"https:\/\/www.nationalturk.com\/tr\/wp-json\/wp\/v2\/tags?post=164010"}],"curies":[{"name":"wp","href":"https:\/\/api.w.org\/{rel}","templated":true}]}}