{"id":164106,"date":"2014-04-22T12:23:01","date_gmt":"2014-04-22T09:23:01","guid":{"rendered":"http:\/\/www.nationalturk.com\/?p=164106"},"modified":"2014-04-22T12:23:01","modified_gmt":"2014-04-22T09:23:01","slug":"cuneyt-cakir-benfica-juventus-macini-yonetecek-164106","status":"publish","type":"post","link":"https:\/\/www.nationalturk.com\/tr\/cuneyt-cakir-benfica-juventus-macini-yonetecek-164106\/","title":{"rendered":"C\u00fcneyt \u00c7ak\u0131r Benfica Juventus ma\u00e7\u0131n\u0131 y\u00f6netecek"},"content":{"rendered":"<p><img loading=\"lazy\" decoding=\"async\" class=\"alignnone size-full wp-image-164107\" alt=\"C\u00fcneyt \u00c7ak\u0131r\" src=\"http:\/\/www.nationalturk.com\/tr\/wp-content\/uploads\/2014\/04\/cuneyt_cakir_fenerbahce_besiktas.jpg\" width=\"610\" height=\"366\" title=\"\" srcset=\"https:\/\/www.nationalturk.com\/tr\/wp-content\/uploads\/2014\/04\/cuneyt_cakir_fenerbahce_besiktas.jpg 610w, https:\/\/www.nationalturk.com\/tr\/wp-content\/uploads\/2014\/04\/cuneyt_cakir_fenerbahce_besiktas-280x168.jpg 280w\" sizes=\"auto, (max-width: 610px) 100vw, 610px\" \/><\/p>\n<h1>Hakem C\u00fcneyt \u00c7ak\u0131r, UEFA Avrupa Ligi yar\u0131 finalinde d\u00fcd\u00fck \u00e7alacak. UEFA C\u00fcneyt \u00c7ak\u0131r&#8217;\u0131 Benfica Juventus ma\u00e7\u0131nda g\u00f6revlendirdi.<\/h1>\n<p><span style=\"line-height: 1.5em;\">T\u00fcrkiye Futbol Federasyonu&#8217;ndan yap\u0131lan a\u00e7\u0131klamaya g\u00f6re \u00c7ak\u0131r, 24 Nisan Per\u015fembe g\u00fcn\u00fc Portekiz&#8217;in ba\u015fkenti Lizbon&#8217;da yap\u0131lacak m\u00fccadelede d\u00fcd\u00fck \u00e7alacak.\u00a0<\/span>Luz Stad\u0131&#8217;nda TS\u0130 22.05&#8217;te ba\u015flayacak m\u00fccadelede \u00c7ak\u0131r&#8217;\u0131n yard\u0131mc\u0131l\u0131klar\u0131n\u0131, 2014 FIFA D\u00fcnya Kupas\u0131 Finalleri&#8217;nde beraber g\u00f6rev alaca\u011f\u0131, Bahattin Duran ve Tar\u0131k Ongun yapacak. Mustafa Emre Eyisoy&#8217;un 4. hakemlik g\u00f6revini \u00fcstlenece\u011fi m\u00fccadelenin ilave yard\u0131mc\u0131 hakemleri ise H\u00fcseyin G\u00f6\u00e7ek ve Bar\u0131\u015f \u015eim\u015fek.<\/p>\n<p>Benfica-Juventus m\u00fccadelesi C\u00fcneyt \u00c7ak\u0131r&#8217;\u0131n uluslararas\u0131 arenada y\u00f6netece\u011fi 87. ma\u00e7 olacak.<\/p>\n<div class=\"a-single a-157\"><!-- nationalturk.com Bali 610x90 -->\r\n<ins data-revive-zoneid=\"412\" data-revive-ct0=\"{clickurl_enc}\" data-revive-id=\"2093837923c3e243d9d78d731533cba1\"><\/ins>\r\n<script async src=\"\/\/www.hot-affiliates.com\/ad\/www\/delivery\/asyncjs.php\"><\/script><\/div>\n","protected":false},"excerpt":{"rendered":"<p>Hakem C\u00fcneyt \u00c7ak\u0131r, UEFA Avrupa Ligi yar\u0131 finalinde d\u00fcd\u00fck \u00e7alacak. UEFA C\u00fcneyt \u00c7ak\u0131r&#8217;\u0131 Benfica Juventus ma\u00e7\u0131nda g\u00f6revlendirdi.<\/p>\n","protected":false},"author":4,"featured_media":164107,"comment_status":"open","ping_status":"open","sticky":false,"template":"","format":"standard","meta":{"_acf_changed":false,"footnotes":""},"categories":[6774,6194],"tags":[12376,22187,4118],"class_list":["post-164106","post","type-post","status-publish","format-standard","has-post-thumbnail","hentry","category-futbol","category-spor","tag-cuneyt-cakir","tag-cuneyt-cakir-uefa","tag-uefa-avrupa-ligi"],"acf":[],"_links":{"self":[{"href":"https:\/\/www.nationalturk.com\/tr\/wp-json\/wp\/v2\/posts\/164106","targetHints":{"allow":["GET"]}}],"collection":[{"href":"https:\/\/www.nationalturk.com\/tr\/wp-json\/wp\/v2\/posts"}],"about":[{"href":"https:\/\/www.nationalturk.com\/tr\/wp-json\/wp\/v2\/types\/post"}],"author":[{"embeddable":true,"href":"https:\/\/www.nationalturk.com\/tr\/wp-json\/wp\/v2\/users\/4"}],"replies":[{"embeddable":true,"href":"https:\/\/www.nationalturk.com\/tr\/wp-json\/wp\/v2\/comments?post=164106"}],"version-history":[{"count":0,"href":"https:\/\/www.nationalturk.com\/tr\/wp-json\/wp\/v2\/posts\/164106\/revisions"}],"wp:featuredmedia":[{"embeddable":true,"href":"https:\/\/www.nationalturk.com\/tr\/wp-json\/wp\/v2\/media\/164107"}],"wp:attachment":[{"href":"https:\/\/www.nationalturk.com\/tr\/wp-json\/wp\/v2\/media?parent=164106"}],"wp:term":[{"taxonomy":"category","embeddable":true,"href":"https:\/\/www.nationalturk.com\/tr\/wp-json\/wp\/v2\/categories?post=164106"},{"taxonomy":"post_tag","embeddable":true,"href":"https:\/\/www.nationalturk.com\/tr\/wp-json\/wp\/v2\/tags?post=164106"}],"curies":[{"name":"wp","href":"https:\/\/api.w.org\/{rel}","templated":true}]}}