{"id":164142,"date":"2014-04-22T17:31:13","date_gmt":"2014-04-22T14:31:13","guid":{"rendered":"http:\/\/www.nationalturk.com\/?p=164142"},"modified":"2014-04-22T17:31:13","modified_gmt":"2014-04-22T14:31:13","slug":"nejat-isler-taburcu-oldu-tedavisi-devam-edecek-164142","status":"publish","type":"post","link":"https:\/\/www.nationalturk.com\/tr\/nejat-isler-taburcu-oldu-tedavisi-devam-edecek-164142\/","title":{"rendered":"Nejat \u0130\u015fler taburcu oldu, tedavisi devam edecek"},"content":{"rendered":"<p><img loading=\"lazy\" decoding=\"async\" class=\"alignnone size-full wp-image-164143\" alt=\"Nejat \u0130\u015fler taburcu oldu\" src=\"http:\/\/www.nationalturk.com\/tr\/wp-content\/uploads\/2014\/04\/nejat_isler_hasta_923847.jpeg\" width=\"610\" height=\"341\" title=\"\" srcset=\"https:\/\/www.nationalturk.com\/tr\/wp-content\/uploads\/2014\/04\/nejat_isler_hasta_923847.jpeg 610w, https:\/\/www.nationalturk.com\/tr\/wp-content\/uploads\/2014\/04\/nejat_isler_hasta_923847-280x156.jpeg 280w\" sizes=\"auto, (max-width: 610px) 100vw, 610px\" \/><\/p>\n<h1>3 ay\u0131 a\u015fk\u0131n bir s\u00fcredir hastanede tedavi g\u00f6ren Nejat \u0130\u015fler taburcu oldu. Nejat \u0130\u015fler&#8217;in tedavisi ve kontrolleri ise devam edecek. \/ Nejat \u0130\u015fler taburcu oldu&#8230;<\/h1>\n<p>Nejat \u0130\u015fler&#8217;in tedavi g\u00f6rd\u00fc\u011f\u00fc Vehbi Ko\u00e7 Vakf\u0131 Amerikan Hastanesi taraf\u0131ndan yap\u0131lan a\u00e7\u0131klamada \u00a0&#8220;8 \u015eubat 2014 tarihinde ba\u015fka bir hastaneden Yo\u011fun Bak\u0131m \u00dcnitemize transfer olan Nejat \u0130\u015fler, sa\u011fl\u0131k durumundaki olumlu geli\u015fmelerin ard\u0131ndan ayaktan kontrol ve tedavilerine devam etmek \u00fczere hastanemizden taburcu olmu\u015ftur&#8221; ifadeleri kullan\u0131ld\u0131.<\/p>\n<p><span style=\"line-height: 1.5em;\">Tiyatrocu Orhan Ayd\u0131n da Twitter&#8217;dan payla\u015ft\u0131\u011f\u0131 mesajda &#8220;<\/span>1 Saat \u00f6nce NEJAT \u0130\u015eLER karde\u015fimle kar\u015f\u0131la\u015ft\u0131m.\u00a0Kucakla\u015ft\u0131k.\u00a0Hastaneden \u00e7\u0131kal\u0131 30 dakika olmu\u015f&#8221; dedi.<\/p>\n<span style=\"font-weight: bold; color: #f00;\">Error, group does not exist! Check your syntax! (ID: 62)<\/span>\n","protected":false},"excerpt":{"rendered":"<p>3 ay\u0131 a\u015fk\u0131n bir s\u00fcredir hastanede tedavi g\u00f6ren Nejat \u0130\u015fler taburcu oldu. Nejat \u0130\u015fler&#8217;in tedavisi ve kontrolleri ise devam edecek. \/ Nejat \u0130\u015fler taburcu oldu&#8230;<\/p>\n","protected":false},"author":4,"featured_media":164143,"comment_status":"open","ping_status":"open","sticky":false,"template":"","format":"standard","meta":{"_acf_changed":false,"footnotes":""},"categories":[6155,6232,5005,349,6805],"tags":[151725,143354,143358,143266],"class_list":["post-164142","post","type-post","status-publish","format-standard","has-post-thumbnail","hentry","category-gundem","category-magazin","category-manset","category-son-dakika","category-turkiye","tag-nejat-isler-hastane","tag-nejat-isler-saglik-durumu","tag-nejat-isler-son-durumu","tag-orhan-aydin"],"acf":[],"_links":{"self":[{"href":"https:\/\/www.nationalturk.com\/tr\/wp-json\/wp\/v2\/posts\/164142","targetHints":{"allow":["GET"]}}],"collection":[{"href":"https:\/\/www.nationalturk.com\/tr\/wp-json\/wp\/v2\/posts"}],"about":[{"href":"https:\/\/www.nationalturk.com\/tr\/wp-json\/wp\/v2\/types\/post"}],"author":[{"embeddable":true,"href":"https:\/\/www.nationalturk.com\/tr\/wp-json\/wp\/v2\/users\/4"}],"replies":[{"embeddable":true,"href":"https:\/\/www.nationalturk.com\/tr\/wp-json\/wp\/v2\/comments?post=164142"}],"version-history":[{"count":0,"href":"https:\/\/www.nationalturk.com\/tr\/wp-json\/wp\/v2\/posts\/164142\/revisions"}],"wp:featuredmedia":[{"embeddable":true,"href":"https:\/\/www.nationalturk.com\/tr\/wp-json\/wp\/v2\/media\/164143"}],"wp:attachment":[{"href":"https:\/\/www.nationalturk.com\/tr\/wp-json\/wp\/v2\/media?parent=164142"}],"wp:term":[{"taxonomy":"category","embeddable":true,"href":"https:\/\/www.nationalturk.com\/tr\/wp-json\/wp\/v2\/categories?post=164142"},{"taxonomy":"post_tag","embeddable":true,"href":"https:\/\/www.nationalturk.com\/tr\/wp-json\/wp\/v2\/tags?post=164142"}],"curies":[{"name":"wp","href":"https:\/\/api.w.org\/{rel}","templated":true}]}}