{"id":164307,"date":"2014-04-25T14:40:51","date_gmt":"2014-04-25T11:40:51","guid":{"rendered":"http:\/\/www.nationalturk.com\/?p=164307"},"modified":"2022-09-18T10:42:21","modified_gmt":"2022-09-18T07:42:21","slug":"chpli-altay-hasim-kilic-cubbesiyle-ders-vermistir-164307","status":"publish","type":"post","link":"https:\/\/www.nationalturk.com\/tr\/chpli-altay-hasim-kilic-cubbesiyle-ders-vermistir-164307\/","title":{"rendered":"CHP&#8217;li Altay: Ha\u015fim K\u0131l\u0131\u00e7 c\u00fcbbesiyle ders vermi\u015ftir"},"content":{"rendered":"<p><img loading=\"lazy\" decoding=\"async\" class=\"alignleft size-medium wp-image-164308\" alt=\"Engin Altay\" src=\"http:\/\/www.nationalturk.com\/tr\/wp-content\/uploads\/2014\/04\/engin_altay_chp-280x148.jpg\" width=\"280\" height=\"148\" title=\"\" srcset=\"https:\/\/www.nationalturk.com\/tr\/wp-content\/uploads\/2014\/04\/engin_altay_chp-280x148.jpg 280w, https:\/\/www.nationalturk.com\/tr\/wp-content\/uploads\/2014\/04\/engin_altay_chp.jpg 554w\" sizes=\"auto, (max-width: 280px) 100vw, 280px\" \/><\/p>\n<h1>CHP Grup Ba\u015fkanvekili Engin Altay, Anayasa Mahkemesi Ba\u015fkan\u0131 Ha\u015fim K\u0131l\u0131\u00e7&#8217;\u0131n yapt\u0131\u011f\u0131 sert konu\u015fmay\u0131 de\u011ferlendirirken &#8216;C\u00fcbbesini \u00e7\u0131karmad\u0131, c\u00fcbbesiyle ders verdi&#8217; ifadelerini kulland\u0131.<\/h1>\n<p><span style=\"line-height: 1.5em;\">Engin Altay, TBMM&#8217;de d\u00fczenledi\u011fi bas\u0131n toplant\u0131s\u0131nda, \u0130stanbul Cumhuriyet Ba\u015fsavc\u0131l\u0131\u011f\u0131&#8217;n\u0131n y\u00fcr\u00fctt\u00fc\u011f\u00fc soru\u015fturma \u00e7er\u00e7evesinde 17 Aral\u0131k ve 25 Aral\u0131k operasyonlar\u0131yla T\u00fcrkiye&#8217;de yeni bir s\u00fcre\u00e7 ba\u015flad\u0131\u011f\u0131n\u0131 s\u00f6yledi.<\/span><\/p>\n<p>AK Parti H\u00fck\u00fcmeti&#8217;nin, &#8220;hukuken zanl\u0131 h\u00fck\u00fcmet haline geldi\u011fini&#8221; ileri s\u00fcren Altay, AK Parti&#8217;nin her vesileyle 17 ve 25 Aral\u0131k soru\u015fturmas\u0131n\u0131 \u00f6rtecek, kirli \u00e7ama\u015f\u0131rlar\u0131 temizleyecek \u00e7ama\u015f\u0131r makinesi gibi TBMM&#8217;yi kullan\u0131p, baz\u0131 yasalar\u0131 \u00e7\u0131kard\u0131\u011f\u0131n\u0131 savundu.<\/p>\n<p>Altay, AK Parti&#8217;nin, kamuoyundan gelen bask\u0131lar\u0131n, kendilerinin aylar \u00f6nce s\u00f6yledi\u011fi noktaya k\u0131smen de olsa gelmesini sa\u011flad\u0131\u011f\u0131n\u0131 belirtti.<\/p>\n<p>AK Parti&#8217;nin 19 Mart&#8217;ta d\u00f6rt eski bakanla ilgili soru\u015fturma komisyonu kurulmas\u0131na dair \u00f6nerge sundu\u011funu, daha sonra bunu \u00e7ekerek yeni bir \u00f6nerge verdi\u011fini an\u0131msatan Altay, son \u00f6nergenin biraz daha makul noktada oldu\u011funu kaydetti.<\/p>\n<p>&#8220;Soru\u015fturma \u00f6nergesi Anayasa&#8217;ya ayk\u0131r\u0131&#8221;<\/p>\n<p>Altay, son \u00f6nergede d\u00f6rt eski bakan i\u00e7in tek komisyon kurulmas\u0131n\u0131n \u00f6ng\u00f6r\u00fcld\u00fc\u011f\u00fcn\u00fc ancak TBMM Ba\u015fkanl\u0131\u011f\u0131&#8217;n\u0131n fezlekeleri Genel Kurul&#8217;a sunarken Erdo\u011fan Bayraktar i\u00e7in ayr\u0131, di\u011fer \u00fc\u00e7 eski bakanla ilgili ayr\u0131 bilgilendirme yapt\u0131\u011f\u0131n\u0131 s\u00f6yledi.<\/p>\n<p>Altay, TBMM Ba\u015fkanl\u0131\u011f\u0131&#8217;na iki ayr\u0131 dosyan\u0131n geldi\u011finin anla\u015f\u0131ld\u0131\u011f\u0131n\u0131 dile getirerek, numara ve dosyalar\u0131n farkl\u0131 oldu\u011funu vurgulad\u0131. Altay, \u015f\u00f6yle devam etti:<\/p>\n<p>&#8220;Birisi 17 Aral\u0131k operasyonlar\u0131na vesile olan soru\u015fturmayla, di\u011feri 25 Aral\u0131k operasyonuna vesile olan soru\u015fturmayla ilgili. Bu kapsamda AKP&#8217;nin verdi\u011fi soru\u015fturma \u00f6nergesi de Anayasa, \u0130\u00e7t\u00fcz\u00fck, Ceza Muhakemeleri Kanunu&#8217;na ayk\u0131r\u0131d\u0131r. Meclis Ba\u015fkanl\u0131\u011f\u0131&#8217;n\u0131n, AKP Genel Merkezi&#8217;nden gelen emir ve talimatla de\u011fil TBMM \u0130\u00e7t\u00fcz\u00fc\u011f\u00fc ve anayasan\u0131n emir ve talimatlar\u0131yla \u00e7al\u0131\u015fmas\u0131n\u0131 bekliyoruz.<\/p>\n<p>Ayr\u0131ca bu durum Erdo\u011fan Bayraktar&#8217;a da haks\u0131zl\u0131kt\u0131r. \u00c7\u00fcnk\u00fc Bayraktar ile ilgili d\u00fczenlenen soru\u015fturma evrak\u0131nda n\u00fcfuz ticareti ve g\u00f6revi k\u00f6t\u00fcye kullanma vard\u0131r. Oysa Egemen Ba\u011f\u0131\u015f, Zafer \u00c7a\u011flayan ve Muammer G\u00fcler ile ilgili, R\u0131za Sarraf ile ba\u011flant\u0131l\u0131 olarak r\u00fc\u015fvet, sahtecilik, resmi belgede sahtecilik, gizlili\u011fi ihlal gibi su\u00e7lar var. Olmas\u0131 gereken d\u00f6rt bakan i\u00e7in ayr\u0131 komisyon kurulmal\u0131 ama en az\u0131ndan 3 bakan\u0131n ayr\u0131, Bayraktar i\u00e7in ayr\u0131 kurulmas\u0131 gerekir.&#8221;<\/p>\n<p>Altay, soru\u015fturma \u00f6nergelerinin g\u00f6r\u00fc\u015fmelerinin 5 May\u0131s Pazartesi g\u00fcn\u00fc yap\u0131lmas\u0131yla, g\u00f6r\u00fc\u015fmelerin halktan ka\u00e7\u0131r\u0131lmas\u0131n\u0131n ama\u00e7land\u0131\u011f\u0131n\u0131 iddia etti.<\/p>\n<p>AK Parti&#8217;nin, TBMM \u0130\u00e7t\u00fcz\u00fc\u011f\u00fc&#8217;n\u00fcn 109. maddesine g\u00f6re bu konuda konu\u015fan, h\u00fck\u00fcm verenlerin komisyonda g\u00f6rev alamayaca\u011f\u0131 h\u00fckm\u00fcnden hareketle \u00e7ok geni\u015f kapsaml\u0131 ar\u015fiv taramas\u0131 yaparak, CHP milletvekillerinin a\u00e7\u0131klamalar\u0131n\u0131 raporlad\u0131\u011f\u0131n\u0131 \u00f6ne s\u00fcren Altay, &#8220;AKP, 76 milyon i\u00e7inde konu\u015fma \u00e7a\u011f\u0131na gelmi\u015f, 3 ya\u015f\u0131ndan b\u00fcy\u00fck olup da bu soru\u015fturma s\u00fcrecinde hi\u00e7 konu\u015fmam\u0131\u015f bir ki\u015fi bulurlarsa&#8230; Bir konuyla ilgili konu\u015fmak, de\u011ferlendirme yapmak ba\u015fka h\u00fck\u00fcm vermek ba\u015fkad\u0131r. \u0130\u00e7t\u00fcz\u00fck, soru\u015fturmayla ilgili pe\u015fin h\u00fck\u00fcm verenlerin komisyona \u00fcye olamayaca\u011f\u0131 \u015feklinde alg\u0131lanmal\u0131d\u0131r&#8221; diye konu\u015ftu.<\/p>\n<p>Altay, AK Parti&#8217;nin, soru\u015fturma \u00f6nergesiyle zanl\u0131 d\u00f6rt bakan\u0131 aklama pe\u015finde oldu\u011funu ileri s\u00fcrd\u00fc.<\/p>\n<p>&nbsp;<\/p>\n<p>-&#8220;Taksim&#8217;i kapatmay\u0131n&#8221;<\/p>\n<p>&nbsp;<\/p>\n<p>Altay, AK Parti&#8217;nin 4 y\u0131l \u00f6nce \u0130stanbul&#8217;da ast\u0131\u011f\u0131n\u0131 s\u00f6yledi\u011fi &#8220;Art\u0131k 1 May\u0131s hem bayram hem Taksim&#8217;de kutlu olsun&#8221; afi\u015fini g\u00f6sterdi.<\/p>\n<p>\u0130\u015f\u00e7i, memur, eme\u011fiyle ge\u00e7inen herkesin bu bayram\u0131 istedi\u011fi yerde, istedi\u011fi gibi kutlamas\u0131n en temel insan hakk\u0131 oldu\u011funu dile getiren Altay, temel hak ve \u00f6zg\u00fcrl\u00fckleri kullanma hakk\u0131n\u0131n Ba\u015fbakan&#8217;\u0131n iki duda\u011f\u0131nda olmamas\u0131 gerekti\u011fini s\u00f6yledi.<\/p>\n<p>H\u00fck\u00fcmet&#8217;i uyard\u0131klar\u0131n\u0131 ifade eden Altay, ki\u015filerin anayasa, yasa, uluslararas\u0131 anla\u015fmalardan kaynakl\u0131 haklar\u0131n\u0131 engellemenin demokrasilerde kabul edilemeyece\u011fini vurgulad\u0131.<\/p>\n<p>Altay, &#8220;H\u00fck\u00fcmet&#8217;i, sendikalar\u0131 sa\u011fduyuya davet ediyorum. H\u00fck\u00fcmet Taksim&#8217;i, isteniyorsa Kad\u0131k\u00f6y&#8217;\u00fc, Yenikap\u0131&#8217;y\u0131, Kayseri&#8217;yi a\u00e7mal\u0131d\u0131r. A\u0130HM kararlar\u0131 \u00e7er\u00e7evesinde 1 May\u0131s&#8217;\u0131n, bayram, \u015f\u00f6len havas\u0131nda ya\u015fanmas\u0131 engellenmemelidir. Taksim&#8217;in a\u00e7\u0131lmas\u0131 hukuk devletinin bir gere\u011fidir. H\u00fck\u00fcmet&#8217;e \u00e7a\u011fr\u0131m\u0131z\u0131 yineliyoruz, Taksim&#8217;i kapatmay\u0131n, toplumu germeyin, insanlar\u0131 b\u00f6lmeyin&#8221; diye konu\u015ftu.<\/p>\n<p>Altay&#8217;a, Anayasa Mahkemesi Ba\u015fkan\u0131 Ha\u015fim K\u0131l\u0131\u00e7&#8217;\u0131n bug\u00fcnk\u00fc a\u00e7\u0131klamalar\u0131 da soruldu.<\/p>\n<p>K\u0131l\u0131\u00e7&#8217;\u0131n a\u00e7\u0131klamalar\u0131n\u0131n bir kayna\u011f\u0131 oldu\u011funu belirten Altay, Ba\u015fbakan&#8217;\u0131n, &#8220;Anayasa Mahkemesi kararlar\u0131na sayg\u0131 duymuyorum&#8221;, bir AK Parti yetkilisinin &#8220;Anayasa mahkemesi milli olmaktan \u00e7\u0131kt\u0131&#8221;, TBMM Ba\u015fkan\u0131&#8217;n\u0131n, &#8220;Anayasan\u0131n 138. maddesi \u00f6lm\u00fc\u015ft\u00fcr&#8221; a\u00e7\u0131klamalar\u0131, Cumhurba\u015fkan\u0131&#8217;n\u0131n, &#8220;Anayasa uygun de\u011fil ama imzalay\u0131 vereyim&#8221; anlay\u0131\u015f\u0131n\u0131n bulundu\u011funu savundu. Altay,&#8221;Yasama, y\u00fcr\u00fctme organ\u0131n\u0131n bunlar\u0131n ba\u015f\u0131ndaki ki\u015filerin, devletin hukuk devleti olma \u00f6zelli\u011fini ortadan kald\u0131rmaya y\u00f6nelik eylem, s\u00f6ylem, tutum ve davran\u0131\u015flar\u0131 bug\u00fcn yarg\u0131 feryad\u0131 olarak y\u00fcksek yarg\u0131n\u0131n en tepesinde oturan ki\u015fi s\u0131fat\u0131yla, Anayasa Mahkemesi Ba\u015fkan\u0131 taraf\u0131ndan kamuoyuyla, vatanda\u015flar ile payla\u015f\u0131ld\u0131. Anayasa Mahkemesi Ba\u015fkan\u0131 c\u00fcbbesini \u00e7\u0131karmam\u0131\u015ft\u0131r, c\u00fcbbesiyle ders vermi\u015ftir&#8221; dedi.<\/p>\n<p>K\u0131l\u0131\u00e7&#8217;\u0131n vurgu yapt\u0131\u011f\u0131 konulara i\u015faret eden Altay, \u015f\u00f6yle devam etti:<\/p>\n<p>&#8220;Bu \u015fekilde yarg\u0131yla oynayanlara, yarg\u0131ya tecav\u00fcz edenlere kar\u015f\u0131 bir feryat, tokat, ders bug\u00fcn T\u00fcrkiye kamuoyuyla payla\u015f\u0131lm\u0131\u015f. Devletin hukuk devleti olma \u00f6zelli\u011fi ortadan kalkt\u0131\u011f\u0131nda hem sokakta hem devlet ayg\u0131t\u0131 i\u00e7inde anar\u015fi ba\u015flar. Y\u00fcksek Mahkeme Ba\u015fkan\u0131, buna dikkati \u00e7ekmi\u015ftir. Y\u00fcksek Mahkeme Ba\u015fkan\u0131, hukuk adam\u0131 kimli\u011fiyle bug\u00fcne kadar parlamentoda s\u00f6ylediklerimizi yarg\u0131n\u0131n en y\u00fcksek makam\u0131ndan duymak da bizim ne kadar hakl\u0131, do\u011fru oldu\u011fumuzun, hukukun \u00fcst\u00fcnl\u00fc\u011f\u00fcne Ba\u015fbakan da dahil sayg\u0131 g\u00f6stermesinin ne kadar zorunlu, gerekli oldu\u011funun a\u00e7\u0131k ifadesi olmu\u015ftur.&#8221;<\/p>\n<p>Anayasa Mahkemesi&#8217;nin bug\u00fcn i\u015fini yapt\u0131\u011f\u0131n\u0131 ifade eden Altay, y\u00fcksek yarg\u0131 organ\u0131n\u0131n ba\u015f\u0131 s\u0131fat\u0131yla devleti, hukuk devleti s\u0131n\u0131rlar\u0131na \u00e7ekmek i\u00e7in d\u00fc\u015f\u00fcnce ve de\u011ferlendirmelerini aktard\u0131\u011f\u0131n\u0131 belirtti. Altay, cumhurba\u015fkan\u0131 se\u00e7imiyle bug\u00fcnk\u00fc konu\u015fmas\u0131n\u0131 ili\u015fkilendiremedi\u011fini s\u00f6zlerine ekledi.<\/p>\n<!-- Error, Advert is not available at this time due to schedule\/geolocation restrictions! -->\n","protected":false},"excerpt":{"rendered":"<p>CHP Grup Ba\u015fkanvekili Engin Altay, Anayasa Mahkemesi Ba\u015fkan\u0131 Ha\u015fim K\u0131l\u0131\u00e7&#8217;\u0131n yapt\u0131\u011f\u0131 sert konu\u015fmay\u0131 de\u011ferlendirirken &#8216;C\u00fcbbesini \u00e7\u0131karmad\u0131, c\u00fcbbesiyle ders verdi&#8217; ifadelerini kulland\u0131.<\/p>\n","protected":false},"author":4,"featured_media":174680,"comment_status":"open","ping_status":"open","sticky":false,"template":"","format":"standard","meta":{"_acf_changed":false,"footnotes":""},"categories":[6155,5005,6202,6805],"tags":[23171,57107,11198,160368,3805],"class_list":["post-164307","post","type-post","status-publish","format-standard","has-post-thumbnail","hentry","category-gundem","category-manset","category-politika","category-turkiye","tag-1-mayis-taksim","tag-engin-altay","tag-hasim-kilic","tag-hasim-kilic-konusmasi","tag-taksim"],"acf":[],"_links":{"self":[{"href":"https:\/\/www.nationalturk.com\/tr\/wp-json\/wp\/v2\/posts\/164307","targetHints":{"allow":["GET"]}}],"collection":[{"href":"https:\/\/www.nationalturk.com\/tr\/wp-json\/wp\/v2\/posts"}],"about":[{"href":"https:\/\/www.nationalturk.com\/tr\/wp-json\/wp\/v2\/types\/post"}],"author":[{"embeddable":true,"href":"https:\/\/www.nationalturk.com\/tr\/wp-json\/wp\/v2\/users\/4"}],"replies":[{"embeddable":true,"href":"https:\/\/www.nationalturk.com\/tr\/wp-json\/wp\/v2\/comments?post=164307"}],"version-history":[{"count":0,"href":"https:\/\/www.nationalturk.com\/tr\/wp-json\/wp\/v2\/posts\/164307\/revisions"}],"wp:featuredmedia":[{"embeddable":true,"href":"https:\/\/www.nationalturk.com\/tr\/wp-json\/wp\/v2\/media\/174680"}],"wp:attachment":[{"href":"https:\/\/www.nationalturk.com\/tr\/wp-json\/wp\/v2\/media?parent=164307"}],"wp:term":[{"taxonomy":"category","embeddable":true,"href":"https:\/\/www.nationalturk.com\/tr\/wp-json\/wp\/v2\/categories?post=164307"},{"taxonomy":"post_tag","embeddable":true,"href":"https:\/\/www.nationalturk.com\/tr\/wp-json\/wp\/v2\/tags?post=164307"}],"curies":[{"name":"wp","href":"https:\/\/api.w.org\/{rel}","templated":true}]}}