{"id":164662,"date":"2014-05-02T16:45:58","date_gmt":"2014-05-02T13:45:58","guid":{"rendered":"http:\/\/www.nationalturk.com\/?p=164662"},"modified":"2014-05-02T16:45:58","modified_gmt":"2014-05-02T13:45:58","slug":"albay-murat-ozenalp-topraga-verildi-oramirale-tepki-fenerbahce-taraftari-kadar-olamadiniz-164662","status":"publish","type":"post","link":"https:\/\/www.nationalturk.com\/tr\/albay-murat-ozenalp-topraga-verildi-oramirale-tepki-fenerbahce-taraftari-kadar-olamadiniz-164662\/","title":{"rendered":"Albay Murat \u00d6zenalp topra\u011fa verildi \/ Oramirale tepki: Fenerbah\u00e7e taraftar\u0131 kadar olamad\u0131n\u0131z"},"content":{"rendered":"<figure id=\"attachment_164663\" aria-describedby=\"caption-attachment-164663\" style=\"width: 603px\" class=\"wp-caption alignnone\"><img loading=\"lazy\" decoding=\"async\" class=\"size-large wp-image-164663\" alt=\"Albay Murat \u00d6zenalp&#039;in k\u0131z\u0131 Duru...\" src=\"http:\/\/www.nationalturk.com\/tr\/wp-content\/uploads\/2014\/05\/albay_murat_kizi-603x400.jpg\" width=\"603\" height=\"400\" title=\"\" srcset=\"https:\/\/www.nationalturk.com\/tr\/wp-content\/uploads\/2014\/05\/albay_murat_kizi-603x400.jpg 603w, https:\/\/www.nationalturk.com\/tr\/wp-content\/uploads\/2014\/05\/albay_murat_kizi-280x185.jpg 280w, https:\/\/www.nationalturk.com\/tr\/wp-content\/uploads\/2014\/05\/albay_murat_kizi.jpg 1200w\" sizes=\"auto, (max-width: 603px) 100vw, 603px\" \/><figcaption id=\"caption-attachment-164663\" class=\"wp-caption-text\"><strong>Albay Murat \u00d6zenalp&#8217;in k\u0131z\u0131 Duru&#8230;<\/strong><\/figcaption><\/figure>\n<h1>Balyoz davas\u0131 h\u00fck\u00fcml\u00fcs\u00fc Deniz Kurmay Albay Murat \u00d6zenalp bug\u00fcn Ankara&#8217;da topra\u011fa verildi. Cezaevinde beyin kanamas\u0131 ge\u00e7iren \u00d6zenalp&#8217;in yak\u0131nlar\u0131 Deniz Kuvvetleri Komutan\u0131 Oramiral B\u00fclent Bostano\u011flu&#8217;na sert tepki g\u00f6sterdi: Fenerbah\u00e7e taraftar\u0131 kadar olamad\u0131n\u0131z.<\/h1>\n<p>Albay Murat \u00d6zenalp i\u00e7in ilk t\u00f6ren GATA&#8217;da yap\u0131ld\u0131.\u00a0Murat \u00d6zenalp&#8217;in o\u011flu Batuhan \u00d6zenalp, GATA&#8217;daki t\u00f6rene babas\u0131n\u0131n TCG G\u00d6KOVA F-496 yaz\u0131l\u0131 askeri gemi \u015fapkas\u0131yla kat\u0131ld\u0131.\u00a0T\u00f6renin ilk dakikalar\u0131nda ne oldu\u011fundan habersiz k\u0131z\u0131 Duru, daha sonra aile yak\u0131nlar\u0131n\u0131n feryatlar\u0131 \u00fczerine a\u011flamaya ba\u015flad\u0131.\u00a0Abisi Batuhan, Duru&#8217;yu kuca\u011f\u0131na alarak alandan uzakla\u015ft\u0131rd\u0131. Murat \u00d6zenalp&#8217;in naa\u015f\u0131 daha sonra dava arkada\u015flar\u0131n\u0131n son kez g\u00f6rmesi i\u00e7in Mamak\u00a0Askeri Cezaevi&#8217;ne g\u00f6t\u00fcr\u00fcld\u00fc.<\/p>\n<h2>&#8220;Fenerbah\u00e7e taraftar\u0131 kadar olamad\u0131n\u0131z&#8221;<\/h2>\n<p><span style=\"line-height: 1.5em;\">Albay Murat \u00d6zenalp\u2019in cenazesinde Deniz Kuvvetleri Komutan\u0131 Oramiral B\u00fclent Bostano\u011flu protesto edildi.\u00a0<\/span>\u00d6zanalp\u2019in ac\u0131l\u0131 yak\u0131nlar\u0131 Bostano\u011flu\u2019nun cenazeye kat\u0131lmas\u0131na, \u201cTasfiye bitti, katliam ba\u015flad\u0131\u201d, \u201cSessiz \u00e7\u0131\u011fl\u0131\u011fa gelmeyen buraya da gelmesin\u201d, \u201cAskerinizi nas\u0131l teslim ettiniz?\u201d, \u201cFenerbah\u00e7e taraftar\u0131 kadar olamad\u0131n\u0131z\u201d, \u201cO gemileri kimlerle y\u00fczd\u00fcreceksiniz bakal\u0131m. Okuyun \u00fcfleyin y\u00fczd\u00fcr\u00fcrs\u00fcn\u00fcz\u201d c\u00fcmleleriyle tepki g\u00f6sterdi.<\/p>\n<p><span style=\"line-height: 1.5em;\">Bostano\u011flu&#8217;na cenaze t\u00f6reni sonras\u0131nda da tepki g\u00f6sterildi.\u00a0<\/span>Tepkinin artmas\u0131 \u00fczerine Bostano\u011flu, makam arac\u0131yla korumalar e\u015fli\u011finde adeta ka\u00e7arcas\u0131na t\u00f6ren alan\u0131ndan uzakla\u015ft\u0131.<\/p>\n<p><img loading=\"lazy\" decoding=\"async\" class=\"alignnone size-large wp-image-164664\" alt=\"Murat \u00d6zenalp Cenaze\" src=\"http:\/\/www.nationalturk.com\/tr\/wp-content\/uploads\/2014\/05\/murat_ozenalp_cenaze_328742-603x400.jpg\" width=\"603\" height=\"400\" title=\"\" srcset=\"https:\/\/www.nationalturk.com\/tr\/wp-content\/uploads\/2014\/05\/murat_ozenalp_cenaze_328742-603x400.jpg 603w, https:\/\/www.nationalturk.com\/tr\/wp-content\/uploads\/2014\/05\/murat_ozenalp_cenaze_328742-280x185.jpg 280w, https:\/\/www.nationalturk.com\/tr\/wp-content\/uploads\/2014\/05\/murat_ozenalp_cenaze_328742.jpg 1200w\" sizes=\"auto, (max-width: 603px) 100vw, 603px\" \/><\/p>\n<!-- Error, Advert is not available at this time due to schedule\/geolocation restrictions! -->\n","protected":false},"excerpt":{"rendered":"<p>Balyoz davas\u0131 h\u00fck\u00fcml\u00fcs\u00fc Deniz Kurmay Albay Murat \u00d6zenalp bug\u00fcn Ankara&#8217;da topra\u011fa verildi. Cezaevinde beyin kanamas\u0131 ge\u00e7iren \u00d6zenalp&#8217;in yak\u0131nlar\u0131 Deniz Kuvvetleri Komutan\u0131 Oramiral B\u00fclent Bostano\u011flu&#8217;na sert tepki g\u00f6sterdi: Fenerbah\u00e7e taraftar\u0131 kadar olamad\u0131n\u0131z.<\/p>\n","protected":false},"author":4,"featured_media":174608,"comment_status":"open","ping_status":"open","sticky":false,"template":"","format":"standard","meta":{"_acf_changed":false,"footnotes":""},"categories":[6155,5005,6202,6805],"tags":[120352,160870,40762],"class_list":["post-164662","post","type-post","status-publish","format-standard","has-post-thumbnail","hentry","category-gundem","category-manset","category-politika","category-turkiye","tag-albay","tag-bulent-bostanoglu","tag-fenerbahce-taraftari"],"acf":[],"_links":{"self":[{"href":"https:\/\/www.nationalturk.com\/tr\/wp-json\/wp\/v2\/posts\/164662","targetHints":{"allow":["GET"]}}],"collection":[{"href":"https:\/\/www.nationalturk.com\/tr\/wp-json\/wp\/v2\/posts"}],"about":[{"href":"https:\/\/www.nationalturk.com\/tr\/wp-json\/wp\/v2\/types\/post"}],"author":[{"embeddable":true,"href":"https:\/\/www.nationalturk.com\/tr\/wp-json\/wp\/v2\/users\/4"}],"replies":[{"embeddable":true,"href":"https:\/\/www.nationalturk.com\/tr\/wp-json\/wp\/v2\/comments?post=164662"}],"version-history":[{"count":0,"href":"https:\/\/www.nationalturk.com\/tr\/wp-json\/wp\/v2\/posts\/164662\/revisions"}],"wp:featuredmedia":[{"embeddable":true,"href":"https:\/\/www.nationalturk.com\/tr\/wp-json\/wp\/v2\/media\/174608"}],"wp:attachment":[{"href":"https:\/\/www.nationalturk.com\/tr\/wp-json\/wp\/v2\/media?parent=164662"}],"wp:term":[{"taxonomy":"category","embeddable":true,"href":"https:\/\/www.nationalturk.com\/tr\/wp-json\/wp\/v2\/categories?post=164662"},{"taxonomy":"post_tag","embeddable":true,"href":"https:\/\/www.nationalturk.com\/tr\/wp-json\/wp\/v2\/tags?post=164662"}],"curies":[{"name":"wp","href":"https:\/\/api.w.org\/{rel}","templated":true}]}}