{"id":164966,"date":"2014-05-07T14:59:09","date_gmt":"2014-05-07T11:59:09","guid":{"rendered":"http:\/\/www.nationalturk.com\/?p=164966"},"modified":"2022-09-18T12:12:29","modified_gmt":"2022-09-18T09:12:29","slug":"taksim-imam-adnan-sokakta-catisma-164966","status":"publish","type":"post","link":"https:\/\/www.nationalturk.com\/tr\/taksim-imam-adnan-sokakta-catisma-164966\/","title":{"rendered":"Taksim \u0130mam Adnan Sokak&#8217;ta \u00e7at\u0131\u015fma!"},"content":{"rendered":"<h1><img loading=\"lazy\" decoding=\"async\" class=\"alignnone size-large wp-image-164974\" alt=\"Taksim \u0130mam Adnan \u00e7at\u0131\u015fma\" src=\"http:\/\/www.nationalturk.com\/tr\/wp-content\/uploads\/2014\/05\/taksim_imam_adnan_catisma-600x400.jpg\" width=\"600\" height=\"400\" title=\"\" srcset=\"https:\/\/www.nationalturk.com\/tr\/wp-content\/uploads\/2014\/05\/taksim_imam_adnan_catisma-600x400.jpg 600w, https:\/\/www.nationalturk.com\/tr\/wp-content\/uploads\/2014\/05\/taksim_imam_adnan_catisma-280x186.jpg 280w, https:\/\/www.nationalturk.com\/tr\/wp-content\/uploads\/2014\/05\/taksim_imam_adnan_catisma.jpg 1200w\" sizes=\"auto, (max-width: 600px) 100vw, 600px\" \/><\/h1>\n<h1>Taksim&#8217;de barlar\u0131n ve k\u00fc\u00e7\u00fck otellerin bulundu\u011fu \u0130mam Adnan Sokak&#8217;ta silahl\u0131 \u00e7at\u0131\u015fma \u00e7\u0131kt\u0131. \u00c7evik kuvvet polislerinin biber gaz\u0131yla m\u00fcdahale etti\u011fi olayda bir ki\u015fi yaraland\u0131. \/\u00a0Taksim \u0130mam Adnan Sokak&#8217;ta \u00e7at\u0131\u015fma!<\/h1>\n<p>Al\u0131nan bilgilere g\u00f6re Taksim \u0130stiklal Caddesi \u00fczerindeki \u0130mam Adnan Sokak&#8217;ta faaliyet g\u00f6steren bir otelin \u00f6n\u00fcnde \u00e7al\u0131\u015fanlarla 3 otel m\u00fc\u015fterisi aras\u0131nda tart\u0131\u015fma \u00e7\u0131kt\u0131. Tart\u0131\u015fman\u0131n b\u00fcy\u00fcmesi \u00fczerine gruptan baz\u0131lar\u0131 silah kulland\u0131. Kur\u015funlara hedef olan bir<span style=\"line-height: 1.5em;\">\u00a0otel \u00e7al\u0131\u015fan\u0131 yaralan\u0131rken baz\u0131 i\u015f yerleri de zarar g\u00f6rd\u00fc. Olay yerine gelen polis ekipleri, kavgaya kar\u0131\u015fanlara biber gaz\u0131yla m\u00fcdahale etti.<\/span><\/p>\n<p>Biber gaz\u0131ndan etkilenen 2 ki\u015fi Okmeydan\u0131 E\u011fitim ve Ara\u015ft\u0131rma Hastanesi&#8217;ne, yaral\u0131 otel \u00e7al\u0131\u015fan\u0131 da \u015ei\u015fli Hamidiye Etfal E\u011fitim ve Ara\u015ft\u0131rma Hastanesi&#8217;ne kald\u0131r\u0131ld\u0131. Olay yeri inceleme ekipleri, b\u00f6lgede geni\u015f \u00e7apl\u0131 ara\u015ft\u0131rma yapt\u0131.<\/p>\n<!-- Error, Advert is not available at this time due to schedule\/geolocation restrictions! -->\n","protected":false},"excerpt":{"rendered":"<p>Taksim&#8217;de barlar\u0131n ve k\u00fc\u00e7\u00fck otellerin bulundu\u011fu \u0130mam Adnan Sokak&#8217;ta silahl\u0131 \u00e7at\u0131\u015fma \u00e7\u0131kt\u0131. \u00c7evik kuvvet polislerinin biber gaz\u0131yla m\u00fcdahale etti\u011fi olayda bir ki\u015fi yaraland\u0131. \/ Taksim \u0130mam Adnan Sokak&#8217;ta \u00e7at\u0131\u015fma!<\/p>\n","protected":false},"author":4,"featured_media":174552,"comment_status":"open","ping_status":"open","sticky":false,"template":"","format":"standard","meta":{"_acf_changed":false,"footnotes":""},"categories":[6155,349,6805],"tags":[70082,26869,3805,161335],"class_list":["post-164966","post","type-post","status-publish","format-standard","has-post-thumbnail","hentry","category-gundem","category-son-dakika","category-turkiye","tag-imam-adnan-sokak","tag-istiklal-caddesi","tag-taksim","tag-taksim-catisma"],"acf":[],"_links":{"self":[{"href":"https:\/\/www.nationalturk.com\/tr\/wp-json\/wp\/v2\/posts\/164966","targetHints":{"allow":["GET"]}}],"collection":[{"href":"https:\/\/www.nationalturk.com\/tr\/wp-json\/wp\/v2\/posts"}],"about":[{"href":"https:\/\/www.nationalturk.com\/tr\/wp-json\/wp\/v2\/types\/post"}],"author":[{"embeddable":true,"href":"https:\/\/www.nationalturk.com\/tr\/wp-json\/wp\/v2\/users\/4"}],"replies":[{"embeddable":true,"href":"https:\/\/www.nationalturk.com\/tr\/wp-json\/wp\/v2\/comments?post=164966"}],"version-history":[{"count":0,"href":"https:\/\/www.nationalturk.com\/tr\/wp-json\/wp\/v2\/posts\/164966\/revisions"}],"wp:featuredmedia":[{"embeddable":true,"href":"https:\/\/www.nationalturk.com\/tr\/wp-json\/wp\/v2\/media\/174552"}],"wp:attachment":[{"href":"https:\/\/www.nationalturk.com\/tr\/wp-json\/wp\/v2\/media?parent=164966"}],"wp:term":[{"taxonomy":"category","embeddable":true,"href":"https:\/\/www.nationalturk.com\/tr\/wp-json\/wp\/v2\/categories?post=164966"},{"taxonomy":"post_tag","embeddable":true,"href":"https:\/\/www.nationalturk.com\/tr\/wp-json\/wp\/v2\/tags?post=164966"}],"curies":[{"name":"wp","href":"https:\/\/api.w.org\/{rel}","templated":true}]}}