{"id":164970,"date":"2014-05-07T15:18:34","date_gmt":"2014-05-07T12:18:34","guid":{"rendered":"http:\/\/www.nationalturk.com\/?p=164970"},"modified":"2014-05-07T15:18:34","modified_gmt":"2014-05-07T12:18:34","slug":"gezinin-gonullu-doktorlarindan-alkislanan-savunma-164970","status":"publish","type":"post","link":"https:\/\/www.nationalturk.com\/tr\/gezinin-gonullu-doktorlarindan-alkislanan-savunma-164970\/","title":{"rendered":"Gezi&#8217;nin g\u00f6n\u00fcll\u00fc doktorlar\u0131ndan alk\u0131\u015flanan savunma"},"content":{"rendered":"<p><img loading=\"lazy\" decoding=\"async\" class=\"alignnone size-full wp-image-164971\" alt=\"Dolmabah\u00e7e camii\" src=\"http:\/\/www.nationalturk.com\/tr\/wp-content\/uploads\/2014\/05\/dolmabahce_cami_.jpg\" width=\"610\" height=\"360\" title=\"\"><\/p>\n<h1>Gezi Park\u0131 direni\u015fiyle ilgili olarak 255 san\u0131\u011f\u0131n yarg\u0131land\u0131\u011f\u0131 davada bug\u00fcn yaral\u0131lara t\u0131bbi yard\u0131mda bulunduklar\u0131 i\u00e7in yarg\u0131lanan doktorlar\u0131n savunmas\u0131 izleyiciler taraf\u0131ndan b\u00fcy\u00fck alk\u0131\u015f ald\u0131.<\/h1>\n<p><span style=\"line-height: 1.5em;\">\u0130stanbul 55. Asliye Ceza Mahkemesi&#8217;nce May\u0131s ay\u0131 boyunca Sal\u0131, \u00c7ar\u015famba ve Per\u015fembe g\u00fcnleri g\u00f6r\u00fclecek davan\u0131n 2. duru\u015fmas\u0131na 2 asistan doktor san\u0131\u011f\u0131n yan\u0131 s\u0131ra 11 tutuksuz san\u0131k ve m\u00fc\u015fteki Ali \u00c7ezik ve avukatlar kat\u0131ld\u0131.\u00a0<\/span><\/p>\n<p>San\u0131klar\u0131n &#8220;2911 Say\u0131l\u0131 Toplant\u0131 ve g\u00f6steri y\u00fcr\u00fcy\u00fc\u015fleri kanuna muhalefet&#8221;, &#8220;g\u00f6revi yapt\u0131rmamak i\u00e7in direnme&#8221;,&#8221;kamu g\u00f6revini usuls\u00fcz \u00fcstlenme ve kamu mal\u0131na zarar verme&#8221;, &#8220;\u00d6zel k\u0131yafetleri usuls\u00fcz kullanma&#8221;, &#8220;su\u00e7luyu kay\u0131rma&#8221; &#8220;ibadethaneyi kirletmek suretiyle zarar verme&#8221; ve &#8221; h\u0131rs\u0131zl\u0131k&#8221; gibi su\u00e7lar\u0131 i\u015fledikleri iddias\u0131yla 1 y\u0131l ile 11 bu\u00e7uk y\u0131l aras\u0131nda de\u011fi\u015fen hapis cezalar\u0131 istemiyle yarg\u0131land\u0131klar\u0131 davada kimlik tespitinin ard\u0131ndan savunmalar\u0131n al\u0131nmas\u0131na ge\u00e7ildi.<\/p>\n<h2>Doktorlar\u0131n savunmas\u0131 alk\u0131\u015f ald\u0131<\/h2>\n<p>Davan\u0131n doktor san\u0131\u011f\u0131 \u0130stanbul \u00dcniversitesi T\u0131p Fak\u00fcltesi Genel Cerrahi Asistan\u0131 Sercan Y\u00fcksel, 2 Haziran&#8217;da ya\u015fad\u0131klar\u0131n\u0131 \u015f\u00f6yle anlatt\u0131:<\/p>\n<p>&#8220;Hastanedeki n\u00f6betim bittikten sonra ak\u015fam \u00fczeri \u00fczerimde doktor k\u0131yafetiyle Cihangir&#8217;deki evime gitmek i\u00e7in dolmu\u015fa bindim. O s\u0131rada olaylar ya\u015fand\u0131\u011f\u0131 i\u00e7in G\u00fcm\u00fc\u015fsuyu&#8217;ndan dolmu\u015ftan indim. \u0130n\u00f6n\u00fc Stad\u0131&#8217;n\u0131n orada gazl\u0131 m\u00fcdahaleden dolay\u0131 havada gaz yo\u011funlu\u011fu olduk\u00e7a y\u00fcksekti ,ben de etkilendim. Bezmi Alem Sultan Camii&#8217;nin oraya geldi\u011fimde caminin kap\u0131s\u0131nda gazdan etkilenmi\u015f, v\u00fccuduna gaz fi\u015fe\u011fi isabet etmi\u015f, v\u00fccudunda kemik k\u0131r\u0131klar\u0131 bulunan yaral\u0131lar g\u00f6rd\u00fcm. Polisin gazl\u0131 m\u00fcdahalesi nedeniyle kalabal\u0131k camiiye do\u011fru ka\u00e7\u0131yordu. Eylemciler yaral\u0131lar\u0131 camiye ta\u015f\u0131yordu. Ben de yaral\u0131lar\u0131n camiye ta\u015f\u0131nd\u0131\u011f\u0131n\u0131 g\u00f6r\u00fcnce hekimlik refleksiyle yaral\u0131lara yard\u0131m etmek i\u00e7in camiye girdim. Cami kap\u0131s\u0131nda bir ki\u015fi ayakkab\u0131m\u0131 \u00e7\u0131karmam konusunda uyar\u0131nca ayakkab\u0131m\u0131 \u00e7\u0131kar\u0131p kenara koydum. Kenarda ayakkab\u0131 y\u0131\u011f\u0131n\u0131 duruyordu. \u0130\u00e7erde bir\u00e7ok sa\u011fl\u0131k \u00e7al\u0131\u015fan\u0131n\u0131n da yaral\u0131lara yard\u0131m etti\u011fini g\u00f6rd\u00fcm. Ben de ald\u0131\u011f\u0131m e\u011fitim do\u011frultusunda m\u00fcdahale ettim.<\/p>\n<p><span style=\"line-height: 1.5em;\">Yaral\u0131lar\u0131n say\u0131s\u0131 \u00e7ok art\u0131nca aciliyete g\u00f6re yaral\u0131lar\u0131 s\u0131n\u0131fland\u0131rd\u0131k. Kafa travmas\u0131 ge\u00e7iren, kafas\u0131 g\u00f6z\u00fc kanayan, gaz fi\u015fe\u011finden etkilenen yaral\u0131lar vard\u0131. 112&#8217;yi aray\u0131p ambulans istedik ama \u00e7ok gecikmeli olarak geldi.<\/span><\/p>\n<p><span style=\"line-height: 1.5em;\"> Camide sigara i\u00e7enlerin oldu\u011fu s\u00f6ylendi, sigara i\u00e7en kimseyi g\u00f6remedim. Oradaki herkes gazdan etkilenmi\u015f nefes darl\u0131\u011f\u0131 \u00e7ekiyordu bu durumda kimse sigara i\u00e7meyi d\u00fc\u015f\u00fcnemez. Camide yiyecek i\u00e7ecek t\u00fcketildi\u011fi s\u00f6ylendi, a\u011f\u0131r yaral\u0131lar\u0131n oldu\u011fu bir ortamda kimse yemek yemeyi d\u00fc\u015f\u00fcnmez. <\/span><\/p>\n<p><span style=\"line-height: 1.5em;\">Bizi camiyi kirletmekle su\u00e7luyorlar, kanamal\u0131 hastalardan akan kan hal\u0131ya akm\u0131\u015f olabilir. Bunlar ola\u011fan \u015feylerdir. Kirletme de\u011fildir. Bizi su\u00e7luyu kay\u0131rmakla itham ediyorlar. Bize yaral\u0131 olarak gelen insanlara su\u00e7lu olup olmad\u0131\u011f\u0131n\u0131 sormay\u0131z. Yaral\u0131 ki\u015fi oradan ge\u00e7en bir vatanda\u015f, bir esnaf yada eylemci olabilir. Bizim i\u00e7in bunun hi\u00e7bir \u00f6nemi yok. Zaten ald\u0131\u011f\u0131m\u0131z t\u0131p e\u011fitiminde hocalar\u0131m\u0131z bize hi\u00e7bir insan aras\u0131nda ayr\u0131m yapmamay\u0131 \u00f6\u011fretti. <\/span><\/p>\n<p><span style=\"line-height: 1.5em;\">Biz a\u011f\u0131r kanamal\u0131 insanlara m\u00fcdahale etmeseydik \u00e7ok fazla \u00f6l\u00fcm olabilirdi, a\u00e7\u0131k k\u0131r\u0131\u011f\u0131 olanlara m\u00fcdahale etmeseydik uzuv kay\u0131plar\u0131 olabilirdi, solunum s\u0131k\u0131nt\u0131s\u0131 \u00e7ekenlere m\u00fcdahale etmeseydik solunum yetmezli\u011finden \u00f6lebilirlerdi.<\/span><\/p>\n<p>Saat 03.30 civar\u0131nda camiyi toplu olarak terk ettik. Yaral\u0131lara m\u00fcdahale eden sa\u011fl\u0131k \u00e7al\u0131\u015fanlar\u0131na te\u015fekk\u00fcr ediyorum ve gurur duyuyorum.&#8221;<\/p>\n<p>Doktor Sercan Y\u00fcksel&#8217;in bu s\u00f6zleri salondaki izleyiciler taraf\u0131ndan alk\u0131\u015fland\u0131.<\/p>\n<p>Duru\u015fmada savunma yapan bir di\u011fer doktor san\u0131k Eren\u00e7 Yasemin Dokudan, 2 Haziran ak\u015fam\u0131 sosyal medyadan ve Tabip Odas\u0131&#8217;ndan Kabata\u015f b\u00f6lgesinde \u00e7ok say\u0131da yaral\u0131lar\u0131n oldu\u011fu ve doktora ihtiya\u00e7 bulundu\u011funu \u00f6\u011frendi\u011fini belirterek \u015funlar\u0131 s\u00f6yledi:<\/p>\n<p>&#8220;Olay, deprem gibi sel gibi ola\u011fan\u00fcst\u00fc bir durumdu. Bize atfedilen su\u00e7larda su\u00e7luyu kay\u0131rmak gibi su\u00e7lamalar y\u00f6neltiliyor. Bizim amac\u0131m\u0131z bunlar olamaz, mesleki refleksimizle hareket ettik. Yolda bay\u0131lan, u\u00e7akta fenala\u015fan birini g\u00f6r\u00fcp yard\u0131m\u0131na ko\u015ftu\u011fumuz gibi Bezmi Alem Camii&#8217;nde de mesleki refleksimizle ayn\u0131 \u015feyi yapt\u0131k. Su\u00e7lamalar beni \u00e7ok \u015fa\u015f\u0131rtt\u0131, T\u0131p Fak\u00fcltesi e\u011fitimini yanl\u0131\u015f m\u0131 \u00f6\u011frendim diye d\u00fc\u015f\u00fcnd\u00fcm. Yanl\u0131\u015fsam benim d\u00fc\u015f\u00fcncemi d\u00fczeltsinler.<\/p>\n<p><span style=\"line-height: 1.5em;\">Vicdanen de, hukuken de, t\u0131bbi etik a\u00e7\u0131s\u0131ndan da do\u011fru olan \u015feyi yapt\u0131k. \u015eimdi d\u00f6n\u00fcp bakt\u0131\u011f\u0131mda orada olmasak hayat\u0131n\u0131 kaybeden, engelli olacak onlarca insan olacakt\u0131. Orada bulunan t\u00fcm sa\u011fl\u0131k \u00e7al\u0131\u015fanlar\u0131yla gurur duyuyorum.\u00a0<\/span><\/p>\n<p>Ben bu davay\u0131 hipokrata a\u011f\u0131t olarak de\u011fil, hipokrat\u0131 yeniden sayg\u0131yla selamlama \u015fans\u0131 olarak g\u00f6r\u00fcyorum.&#8221;<\/p>\n<p>Dokudan&#8217;\u0131n konu\u015fmas\u0131 da alk\u0131\u015fland\u0131. Duru\u015fma, di\u011fer san\u0131k savunmalar\u0131n\u0131n yar\u0131n al\u0131nmas\u0131 i\u00e7in ertelendi.<\/p>\n<!-- Error, Advert is not available at this time due to schedule\/geolocation restrictions! -->\n","protected":false},"excerpt":{"rendered":"<p>Gezi Park\u0131 direni\u015fiyle ilgili olarak 255 san\u0131\u011f\u0131n yarg\u0131land\u0131\u011f\u0131 davada bug\u00fcn yaral\u0131lara t\u0131bbi yard\u0131mda bulunduklar\u0131 i\u00e7in yarg\u0131lanan doktorlar\u0131n savunmas\u0131 izleyiciler taraf\u0131ndan b\u00fcy\u00fck alk\u0131\u015f ald\u0131.<\/p>\n","protected":false},"author":4,"featured_media":164971,"comment_status":"open","ping_status":"open","sticky":false,"template":"","format":"standard","meta":{"_acf_changed":false,"footnotes":""},"categories":[6155,5005,6202,6805],"tags":[39290,161346,92829,131452],"class_list":["post-164970","post","type-post","status-publish","format-standard","has-post-thumbnail","hentry","category-gundem","category-manset","category-politika","category-turkiye","tag-dolmabahce","tag-gezi-davasi","tag-gezi-parki","tag-gezi-parki-direnisi"],"acf":[],"_links":{"self":[{"href":"https:\/\/www.nationalturk.com\/tr\/wp-json\/wp\/v2\/posts\/164970","targetHints":{"allow":["GET"]}}],"collection":[{"href":"https:\/\/www.nationalturk.com\/tr\/wp-json\/wp\/v2\/posts"}],"about":[{"href":"https:\/\/www.nationalturk.com\/tr\/wp-json\/wp\/v2\/types\/post"}],"author":[{"embeddable":true,"href":"https:\/\/www.nationalturk.com\/tr\/wp-json\/wp\/v2\/users\/4"}],"replies":[{"embeddable":true,"href":"https:\/\/www.nationalturk.com\/tr\/wp-json\/wp\/v2\/comments?post=164970"}],"version-history":[{"count":0,"href":"https:\/\/www.nationalturk.com\/tr\/wp-json\/wp\/v2\/posts\/164970\/revisions"}],"wp:featuredmedia":[{"embeddable":true,"href":"https:\/\/www.nationalturk.com\/tr\/wp-json\/wp\/v2\/media\/164971"}],"wp:attachment":[{"href":"https:\/\/www.nationalturk.com\/tr\/wp-json\/wp\/v2\/media?parent=164970"}],"wp:term":[{"taxonomy":"category","embeddable":true,"href":"https:\/\/www.nationalturk.com\/tr\/wp-json\/wp\/v2\/categories?post=164970"},{"taxonomy":"post_tag","embeddable":true,"href":"https:\/\/www.nationalturk.com\/tr\/wp-json\/wp\/v2\/tags?post=164970"}],"curies":[{"name":"wp","href":"https:\/\/api.w.org\/{rel}","templated":true}]}}