{"id":164989,"date":"2014-05-07T18:54:46","date_gmt":"2014-05-07T15:54:46","guid":{"rendered":"http:\/\/www.nationalturk.com\/?p=164989"},"modified":"2022-08-26T11:39:47","modified_gmt":"2022-08-26T08:39:47","slug":"selahattin-duman-baba-ogul-demirorenlerle-agir-dalga-gecti-164989","status":"publish","type":"post","link":"https:\/\/www.nationalturk.com\/tr\/selahattin-duman-baba-ogul-demirorenlerle-agir-dalga-gecti-164989\/","title":{"rendered":"Selahattin Duman baba o\u011ful Demir\u00f6ren&#8217;lerle b\u00f6yle dalga ge\u00e7ti!"},"content":{"rendered":"<p><img loading=\"lazy\" decoding=\"async\" class=\"alignleft size-full wp-image-164990\" alt=\"Erdo\u011fan Demir\u00f6ren Y\u0131ld\u0131r\u0131m Demir\u00f6ren\" src=\"http:\/\/www.nationalturk.com\/tr\/wp-content\/uploads\/2014\/05\/erdogan_yildirim.jpg\" width=\"315\" height=\"234\" title=\"\" srcset=\"https:\/\/www.nationalturk.com\/tr\/wp-content\/uploads\/2014\/05\/erdogan_yildirim.jpg 315w, https:\/\/www.nationalturk.com\/tr\/wp-content\/uploads\/2014\/05\/erdogan_yildirim-280x208.jpg 280w\" sizes=\"auto, (max-width: 315px) 100vw, 315px\" \/><\/p>\n<h1>H\u00fcrriyet gazetesi yazar\u0131 Selahattin Duman, eski patronu Erdo\u011fan Demir\u00f6ren ile o\u011flu TFF Ba\u015fkan\u0131 Y\u0131ld\u0131r\u0131m Demir\u00f6ren hakk\u0131nda e\u011flenceli bir yaz\u0131 kaleme ald\u0131 ve Be\u015fikta\u015f&#8217;\u0131n i\u00e7ler ac\u0131s\u0131 durumunu ortaya koydu.<\/h1>\n<p>Selahattin Duman&#8217;\u0131n &#8220;B\u00f6yle bir babam olsayd\u0131 da 103 milyon borcum olsayd\u0131..&#8221; ba\u015fl\u0131kl\u0131 yaz\u0131s\u0131;<\/p>\n<p>Babalar G\u00fcn\u00fc\u2019n\u00fcn idrak edilmesine daha vakit var ama aday\u0131m\u0131 \u015fimdiden a\u00e7\u0131kl\u0131yorum.. Eski patronumu (D\u00fcnya durduk\u00e7a nam\u0131 yedi iklim on d\u00f6rt diyar\u0131 dola\u015fs\u0131n..) bir evlada kar\u015f\u0131 g\u00f6sterilen ho\u015fg\u00f6r\u00fcn\u00fcn rekortmeni oldu\u011fu i\u00e7in resmen y\u0131l\u0131n babas\u0131 aday\u0131 il\u00e2n ediyorum..<br \/>\nBir baba kendisini s\u0131k\u00e7a hayal k\u0131r\u0131kl\u0131\u011f\u0131na u\u011fratan bir evlada kar\u015f\u0131 ancak bu kadar sab\u0131rl\u0131, bu kadar anlay\u0131\u015fl\u0131, bu kadar y\u00fcce g\u00f6n\u00fcll\u00fc olabilir..<\/p>\n<p>Kendi \u00f6z, \u015fahsi babam da bana kar\u015f\u0131 \u00e7ok sab\u0131rl\u0131yd\u0131 ama ne yaz\u0131k ki eli, eski patronum kadar a\u00e7\u0131k de\u011fildi..<br \/>\nOn liral\u0131k haftal\u0131\u011f\u0131n tahsilat saati geldi\u011finde, bana tasarruf \u00fczerine uzun bir nutuk \u00e7ekmeden elini cebine sokmazd\u0131..<br \/>\n\u00dcstelik o nutuklar, Meclis\u2019te b\u00fct\u00e7e g\u00f6r\u00fc\u015fmelerinde s\u00f6z alan muhalefet liderininki kadar uzun olurdu.. Laf\u0131n\u0131 da beni s\u00fcrg\u00fcndeki M\u0131s\u0131r Kral\u0131 Faruk\u2019tan bile m\u00fcsrif il\u00e2n etmeden bitirmezdi..<\/p>\n<h2><a href=\"http:\/\/www.nationalturk.com\/yildirim-demirorene-borc-odenecek-mi-besiktasta-son-dakika-ihtarnamesi-164982.htm#.U2pWK4F_uJg\" target=\"_blank\" rel=\"noopener\">Be\u015fikta\u015f&#8217;a \u015fok ihtarname! Haber i\u00e7in t\u0131klay\u0131n<\/a><\/h2>\n<p>Y\u0131l\u0131n babal\u0131\u011f\u0131na aday g\u00f6sterdi\u011fim eski patronumun el a\u00e7\u0131kl\u0131\u011f\u0131 ile \u015fahsi babam\u0131n mali politikas\u0131 k\u0131yas bile kabul etmez..<br \/>\nEski patronumun evlad\u0131 i\u00e7in harcad\u0131\u011f\u0131 paralarla G\u00fcney Do\u011fu\u2019nun e\u011fitim sorunu \u00e7\u00f6z\u00fcl\u00fcrd\u00fc..<br \/>\nO\u011flan\u0131n b\u00fcnyesindeki \u201cavarelik geni..\u201d daha ergenlik \u00e7a\u011f\u0131nda kendini y\u00fcz sivilcesi olarak belli etti\u011finden \u015eefkatli Baba harekete ge\u00e7ti.. Evlad\u0131n\u0131 diploma sahibi yapmak i\u00e7in gitti, \u00f6zel bir lise sat\u0131n ald\u0131..<br \/>\nY\u00fczde y\u00fcz do\u011fru bir yat\u0131r\u0131md\u0131.. \u0130\u015fe de yarad\u0131..<br \/>\nO\u011flan ya\u015f olarak zaten \u00f6\u011fretmenlerin \u00e7o\u011fuyla akran say\u0131l\u0131rd\u0131.. Aralar\u0131nda kar\u015f\u0131l\u0131kl\u0131 sevgi ve sayg\u0131 vard\u0131..<br \/>\nBu sayede okulu fazla zorlanmadan bitirdi.. Hayatta her zengin \u00e7ocu\u011funa \u201chelva filan sarmas\u0131 i\u00e7in..\u201d laz\u0131m olacak diplomas\u0131n\u0131 ald\u0131..<\/p>\n<p>EEE! Lise diplomas\u0131 ald\u0131 diye \u00e7ocu\u011fun hayata, Be\u015fikta\u015f \u0130l\u00e7esi Kaymakam Yard\u0131mc\u0131s\u0131 olarak ba\u015flayacak hali yoktu.. O y\u00fczden bir eyyam kendi \u015firketleri i\u00e7inde oyaland\u0131..<br \/>\n\u015eefkatli Baba bakt\u0131 ki kendi \u015firketleri o\u011fluna s\u0131k\u0131c\u0131 geliyor..<br \/>\n\u201c\u015eirket i\u00e7inde bo\u015f gezip, avare olmas\u0131n..\u201d diye d\u00fc\u015f\u00fcnd\u00fc ve o\u011flunun elinden tutup kul\u00fcp ba\u015fkan\u0131 yapt\u0131..<br \/>\n\u015eirketin paras\u0131n\u0131 yiyece\u011fine tak\u0131m\u0131n paras\u0131n\u0131 yesindi.. Ana fikir buydu..<br \/>\nKul\u00fcp ba\u015f\u0131na ne geldi\u011fini anlayana kadar, iki rakaml\u0131 olan bor\u00e7lar\u0131, Hay\u0131rl\u0131 Evlad\u2019\u0131n y\u00f6netiminde yar\u0131m milyar\u0131 buluverdi..<br \/>\nKul\u00fcb\u00fcn kongre \u00fcyeleri o kadar paran\u0131n harcanmas\u0131ndan dolay\u0131 \u015faduman olacaklar\u0131na, ileri geri konu\u015fmaya ba\u015flad\u0131lar..<br \/>\n\u0130ki taraftar yan yana gelse birinden biri mutlaka lafa \u201cBu kadar borcu kim \u00f6deyecek?\u201d diye ba\u015fl\u0131yordu..<br \/>\nHay\u0131rl\u0131 Evlad sonunda bu kadar bo\u015f laftan bunald\u0131..<br \/>\nKul\u00fcb\u00fcn resmi bir toplant\u0131s\u0131nda k\u00fcrs\u00fcye \u00e7\u0131kt\u0131.. \u201cArkada\u015flar ben federasyona gidiyorum.. Giderken de kul\u00fcpten alaca\u011f\u0131m olan 103 milyon liray\u0131 hibe ediyorum..\u201d deyiverdi..<br \/>\nGer\u00e7i para baban\u0131n cebinden \u00e7\u0131km\u0131\u015ft\u0131 ama ba\u011f\u0131\u015flayan oydu..<\/p>\n<p><strong>BABA NE YAPTI?<\/strong><\/p>\n<p>\u015eAHS\u0130 kasas\u0131ndan 126 milyon lira \u00e7\u0131kan ancak kul\u00fcb\u00fcn defterine g\u00f6re sadece \u201c103 milyon lira alacakl\u0131..\u201d g\u00f6z\u00fcken \u015eefkatli Baba duruma \u00f6nce uyanamad\u0131..<br \/>\nZaten o s\u0131rada ba\u015f\u0131 sat\u0131n ald\u0131\u011f\u0131 iki gazetenin (Milliyet ile Vatan) karn\u0131 doymaz personeli ile beladayd\u0131..<br \/>\nHer birine g\u00fcnde \u201cyedi lira\u201d yemek paras\u0131 veriyor, yine yetiremiyordu.. \u00dcstelik kar\u015f\u0131s\u0131na dikilen Milliyet\u2019in o g\u00fcnk\u00fc pa\u015fas\u0131 \u201cg\u00fcnde alt\u0131 lira..\u201d daha yemek zamm\u0131 istiyordu..<br \/>\nG\u00fcnde 13 lira yemek paras\u0131!! Teheey!! Bu \u00e7ocuklar Paper Moon\u2019da m\u0131 yiyordu \u00f6\u011fle yemeklerini?<br \/>\nBaba \u201cveremem, batar\u0131m..\u201d dedi.. Gazetenin o zamanki izans\u0131z pa\u015fas\u0131 ise \u201cAma o\u011flun tak\u0131ma 103 milyon lira ba\u011f\u0131\u015flad\u0131, \u015fimdi bunu arkada\u015flar\u0131ma nas\u0131l anlatay\u0131m..\u201d deyip laf\u0131 soktu..<br \/>\n\u015eefkatli Baba ister istemez evlad\u0131n\u0131 savundu..<br \/>\n\u201cO kadar para \u015fak diye ba\u011f\u0131\u015flan\u0131r m\u0131? Bir iki yaz\u0131 yazars\u0131n\u0131z.. Millet unutur gider..\u201d<br \/>\nGazete a\u00e7lar\u0131n\u0131n doymak bilmez kar\u0131nlar\u0131 i\u00e7in yemek paras\u0131 zamm\u0131n\u0131 vermedi ama o ba\u011f\u0131\u015f i\u015finin de pe\u015fine d\u00fc\u015femedi..<br \/>\nGezi vak\u2019as\u0131ndan beri siyaseten ortam gerilimliydi..<br \/>\nGazeteleri h\u00fck\u00fcmet adamlar\u0131na bir t\u00fcrl\u00fc yaranam\u0131yor, at\u0131lan ba\u015fl\u0131klar y\u00fcz\u00fcnden her g\u00fcn f\u0131r\u00e7a yiyordu.. \u201cTape\u201d tacirlerinin g\u00f6zleri k\u00f6r olsun.. O f\u0131r\u00e7a y\u00fcz\u00fcnden h\u00fcng\u00fcr \u015fang\u0131r a\u011flamas\u0131n\u0131 internetin diline d\u00fc\u015f\u00fcren onlard\u0131r..<br \/>\nUzun etmeyelim.. 103 milyonluk hesap bir t\u00fcrl\u00fc kapanmaz olmu\u015ftu.. Kapat\u0131lmas\u0131 i\u00e7in bir fikir \u00fcreten de yoktu..<br \/>\nKapatmak belki de Hay\u0131rl\u0131 Evlad\u2019a nasip olacakt\u0131..<\/p>\n<p>T\u00fcrkiye Futbol Federasyonu\u2019nun binas\u0131 i\u00e7in \u201cOkey Federasyonu\u2019nu da i\u00e7inde gizliden bar\u0131nd\u0131r\u0131yor..\u201d diyenlerin yalanc\u0131s\u0131y\u0131m..<br \/>\nFikir b\u00fcy\u00fck ihtimal Okey\u2019de tek ta\u015fa d\u00f6nerken geldi..<br \/>\nKafan\u0131n i\u00e7inde bir piknik t\u00fcp yand\u0131 ve \u015favk\u0131n\u0131 beynin \u00f6n korteksine g\u00f6nderdi.. Kafas\u0131nda yanan t\u00fcp\u00fcn \u015favk\u0131yla zihni ayd\u0131nlanan Hay\u0131rl\u0131 Evlad kendi kendine;<br \/>\n\u201cNeden olmas\u0131n?\u201d diye sordu..<br \/>\nKongre\u2019de \u00e7\u0131k\u0131p \u201cAlaca\u011f\u0131m\u0131 ba\u011f\u0131\u015fl\u0131yorum..\u201d demi\u015ftim.. S\u00f6z\u00fcm yine s\u00f6z.. Onlar bana k\u0131rk milyonu elden verirler, geriye kalan\u0131 ba\u011f\u0131\u015flam\u0131\u015f sayar\u0131z.. Tak\u0131m\u0131n borcu 103 milyon eksilir.. Ben sa\u011f, kul\u00fcp selamet..<\/p>\n<p>FEDERASYON\u2019da yanan t\u00fcp\u00fcn \u015favk\u0131 tak\u0131m\u0131n y\u00f6netimini de ayd\u0131nlatt\u0131..<br \/>\nTak\u0131m\u0131n ba\u015fkan\u0131, hesap defterinde kayd\u0131 duran ancak \u201cne ba\u011f\u0131\u015flanan ne tahsil edilen\u201d paray\u0131 her g\u00fcn kara kara d\u00fc\u015f\u00fcn\u00fcyordu..<br \/>\nForm\u00fcl\u00fc kabul ederse, cepten 40 milyon \u00e7\u0131kacak ama defterdeki bor\u00e7 103 milyon eksilecekti.. Ne yalan s\u00f6ylesin, fikir akl\u0131na yatm\u0131\u015ft\u0131..<br \/>\nNe var ki tak\u0131m\u0131n \u201cikinci ba\u015fkan\u0131\u201d tak\u0131m\u0131n paras\u0131 konusunda aksi, inat\u00e7\u0131 bir \u015fah\u0131st\u0131.. \u00dcstelik y\u00f6netimdeki tek i\u015fi de tak\u0131m\u0131n mali i\u015flerini yola koymakt\u0131.. Ba\u015fkan teklifi a\u00e7\u0131nca;<br \/>\n\u201cCebimizden k\u0131rk para vermem.. Madem borcu ba\u011f\u0131\u015fl\u0131yorum dedi, tamam\u0131n\u0131 ba\u011f\u0131\u015flar..\u201d dedi..<br \/>\nBu hay\u0131rl\u0131 i\u015f de \u00f6ylece ortada kald\u0131.. Top \u015fimdi ba\u015fkan ile yard\u0131mc\u0131s\u0131 aras\u0131nda d\u00f6n\u00fcp duruyor..<br \/>\nGel de alan savunmas\u0131 yapan baba ile o\u011fulun haline bak\u0131p duygulanma..<\/p>\n<!-- Error, Advert is not available at this time due to schedule\/geolocation restrictions! -->\n","protected":false},"excerpt":{"rendered":"<p>H\u00fcrriyet gazetesi yazar\u0131 Selahattin Duman, eski patronu Erdo\u011fan Demir\u00f6ren ile o\u011flu TFF Ba\u015fkan\u0131 Y\u0131ld\u0131r\u0131m Demir\u00f6ren hakk\u0131nda e\u011flenceli bir yaz\u0131 kaleme ald\u0131 ve Be\u015fikta\u015f&#8217;\u0131n i\u00e7ler ac\u0131s\u0131 durumunu ortaya koydu.<\/p>\n","protected":false},"author":4,"featured_media":164990,"comment_status":"open","ping_status":"open","sticky":false,"template":"","format":"standard","meta":{"_acf_changed":false,"footnotes":""},"categories":[6774,5005,6194],"tags":[1748,70101,66497,2269],"class_list":["post-164989","post","type-post","status-publish","format-standard","has-post-thumbnail","hentry","category-futbol","category-manset","category-spor","tag-besiktas","tag-besiktas-borc","tag-erdogan-demiroren","tag-yildirim-demiroren"],"acf":[],"_links":{"self":[{"href":"https:\/\/www.nationalturk.com\/tr\/wp-json\/wp\/v2\/posts\/164989","targetHints":{"allow":["GET"]}}],"collection":[{"href":"https:\/\/www.nationalturk.com\/tr\/wp-json\/wp\/v2\/posts"}],"about":[{"href":"https:\/\/www.nationalturk.com\/tr\/wp-json\/wp\/v2\/types\/post"}],"author":[{"embeddable":true,"href":"https:\/\/www.nationalturk.com\/tr\/wp-json\/wp\/v2\/users\/4"}],"replies":[{"embeddable":true,"href":"https:\/\/www.nationalturk.com\/tr\/wp-json\/wp\/v2\/comments?post=164989"}],"version-history":[{"count":0,"href":"https:\/\/www.nationalturk.com\/tr\/wp-json\/wp\/v2\/posts\/164989\/revisions"}],"wp:featuredmedia":[{"embeddable":true,"href":"https:\/\/www.nationalturk.com\/tr\/wp-json\/wp\/v2\/media\/164990"}],"wp:attachment":[{"href":"https:\/\/www.nationalturk.com\/tr\/wp-json\/wp\/v2\/media?parent=164989"}],"wp:term":[{"taxonomy":"category","embeddable":true,"href":"https:\/\/www.nationalturk.com\/tr\/wp-json\/wp\/v2\/categories?post=164989"},{"taxonomy":"post_tag","embeddable":true,"href":"https:\/\/www.nationalturk.com\/tr\/wp-json\/wp\/v2\/tags?post=164989"}],"curies":[{"name":"wp","href":"https:\/\/api.w.org\/{rel}","templated":true}]}}