{"id":165126,"date":"2014-05-09T15:43:52","date_gmt":"2014-05-09T12:43:52","guid":{"rendered":"http:\/\/www.nationalturk.com\/?p=165126"},"modified":"2014-05-09T15:44:09","modified_gmt":"2014-05-09T12:44:09","slug":"fazil-say-viyana-gezi-konseri-165126","status":"publish","type":"post","link":"https:\/\/www.nationalturk.com\/tr\/fazil-say-viyana-gezi-konseri-165126\/","title":{"rendered":"Faz\u0131l Say, Viyana\u2019da Gezi Konseri verecek"},"content":{"rendered":"<h1><a href=\"http:\/\/www.nationalturk.com\/tr\/wp-content\/uploads\/2014\/05\/fazil-say-viyana-gezi-konseri.jpg\"><img loading=\"lazy\" decoding=\"async\" class=\"aligncenter size-full wp-image-165127\" alt=\"\" src=\"http:\/\/www.nationalturk.com\/tr\/wp-content\/uploads\/2014\/05\/fazil-say-viyana-gezi-konseri.jpg\" width=\"610\" height=\"366\" title=\"\" srcset=\"https:\/\/www.nationalturk.com\/tr\/wp-content\/uploads\/2014\/05\/fazil-say-viyana-gezi-konseri.jpg 610w, https:\/\/www.nationalturk.com\/tr\/wp-content\/uploads\/2014\/05\/fazil-say-viyana-gezi-konseri-280x168.jpg 280w\" sizes=\"auto, (max-width: 610px) 100vw, 610px\" \/><\/a>D\u00fcnyaca \u00fcnl\u00fc piyanist ve besteci Faz\u0131l Say, Gezi Park\u0131 direni\u015finin ba\u015flang\u0131c\u0131 olan 30 May\u0131s&#8217;ta Viyana\u2019da konser verecek.<\/h1>\n<p>\u00dcnl\u00fc piyanist Faz\u0131l Say, Viyana Volkstheater\u2019da 30 May\u0131s Cuma g\u00fcn\u00fc &#8220;Gezi Konseri&#8221; ad\u0131 alt\u0131nda sahne alacak.<\/p>\n<p>Austurya&#8217;n\u0131 ba\u015fkenti Viyana&#8217;da hayranlar\u0131 ile bulu\u015facak olan Say, Gezi Direni\u015fi i\u00e7in besteledi\u011fi \u2018Gezi Park\u0131 1\u2013\u0130ki piyano ve orkestra\u2019 isimli kon\u00e7ertosunun yan\u0131 s\u0131ra, yeni bestesi \u2018Gezi Park\u0131 2 \u2013Piyano sonat\u0131\u2019na da yer verecek.<\/p>\n<h2><a href=\"http:\/\/www.wts.com.tr\/viyana-turu.htm\" target=\"_blank\" rel=\"noopener\">V\u0130YANA TURLARI \u0130\u00c7\u0130N TIKLAYIN<\/a><\/h2>\n<p>Ferhan &#8211; Ferzan \u00d6nder karde\u015fler, Martin Grubinger Percussive, Serenad Ba\u011fcan ve W\u00fcrttemberg Filarmoni Orkestras\u0131 da Faz\u0131l Say&#8217;\u0131 Viyana&#8217;da yaln\u0131z b\u0131rakmayacak.<\/p>\n<!-- Error, Advert is not available at this time due to schedule\/geolocation restrictions! -->\n","protected":false},"excerpt":{"rendered":"<p>D\u00fcnyaca \u00fcnl\u00fc piyanist ve besteci Faz\u0131l Say, Gezi Park\u0131 direni\u015finin ba\u015flang\u0131c\u0131 olan 30 May\u0131s&#8217;ta Viyana\u2019da konser verecek.<\/p>\n","protected":false},"author":3,"featured_media":165127,"comment_status":"open","ping_status":"open","sticky":false,"template":"","format":"standard","meta":{"_acf_changed":false,"footnotes":""},"categories":[6232,36154],"tags":[1585,153297,118367,161503,3750,92829,131452,131226,25728],"class_list":["post-165126","post","type-post","status-publish","format-standard","has-post-thumbnail","hentry","category-magazin","category-muzik","tag-fazil-say","tag-fazil-say-avusturya","tag-fazil-say-besteleri","tag-fazil-say-kimdir","tag-fazil-say-konserleri","tag-gezi-parki","tag-gezi-parki-direnisi","tag-gezi-parki-olaylari","tag-viyana"],"acf":[],"_links":{"self":[{"href":"https:\/\/www.nationalturk.com\/tr\/wp-json\/wp\/v2\/posts\/165126","targetHints":{"allow":["GET"]}}],"collection":[{"href":"https:\/\/www.nationalturk.com\/tr\/wp-json\/wp\/v2\/posts"}],"about":[{"href":"https:\/\/www.nationalturk.com\/tr\/wp-json\/wp\/v2\/types\/post"}],"author":[{"embeddable":true,"href":"https:\/\/www.nationalturk.com\/tr\/wp-json\/wp\/v2\/users\/3"}],"replies":[{"embeddable":true,"href":"https:\/\/www.nationalturk.com\/tr\/wp-json\/wp\/v2\/comments?post=165126"}],"version-history":[{"count":0,"href":"https:\/\/www.nationalturk.com\/tr\/wp-json\/wp\/v2\/posts\/165126\/revisions"}],"wp:featuredmedia":[{"embeddable":true,"href":"https:\/\/www.nationalturk.com\/tr\/wp-json\/wp\/v2\/media\/165127"}],"wp:attachment":[{"href":"https:\/\/www.nationalturk.com\/tr\/wp-json\/wp\/v2\/media?parent=165126"}],"wp:term":[{"taxonomy":"category","embeddable":true,"href":"https:\/\/www.nationalturk.com\/tr\/wp-json\/wp\/v2\/categories?post=165126"},{"taxonomy":"post_tag","embeddable":true,"href":"https:\/\/www.nationalturk.com\/tr\/wp-json\/wp\/v2\/tags?post=165126"}],"curies":[{"name":"wp","href":"https:\/\/api.w.org\/{rel}","templated":true}]}}