{"id":165365,"date":"2014-05-14T11:43:54","date_gmt":"2014-05-14T08:43:54","guid":{"rendered":"http:\/\/www.nationalturk.com\/?p=165365"},"modified":"2014-05-14T11:43:54","modified_gmt":"2014-05-14T08:43:54","slug":"besiktasli-futbolculardan-soma-icin-saygi-durusu-165365","status":"publish","type":"post","link":"https:\/\/www.nationalturk.com\/tr\/besiktasli-futbolculardan-soma-icin-saygi-durusu-165365\/","title":{"rendered":"Be\u015fikta\u015fl\u0131 futbolculardan Soma i\u00e7in sayg\u0131 duru\u015fu"},"content":{"rendered":"<p><img loading=\"lazy\" decoding=\"async\" class=\"alignnone size-large wp-image-165366\" alt=\"Be\u015fikta\u015f Soma sayg\u0131 duru\u015fu\" src=\"http:\/\/www.nationalturk.com\/tr\/wp-content\/uploads\/2014\/05\/besiktas_soma_saygi_durusu-610x270.jpg\" width=\"610\" height=\"270\" title=\"\" srcset=\"https:\/\/www.nationalturk.com\/tr\/wp-content\/uploads\/2014\/05\/besiktas_soma_saygi_durusu-610x270.jpg 610w, https:\/\/www.nationalturk.com\/tr\/wp-content\/uploads\/2014\/05\/besiktas_soma_saygi_durusu-280x124.jpg 280w, https:\/\/www.nationalturk.com\/tr\/wp-content\/uploads\/2014\/05\/besiktas_soma_saygi_durusu.jpg 676w\" sizes=\"auto, (max-width: 610px) 100vw, 610px\" \/><\/p>\n<h1>B\u00fct\u00fcn T\u00fcrkiye&#8217;yi yasa bo\u011fan maden facias\u0131na Be\u015fikta\u015fl\u0131 futbolcular da kay\u0131ts\u0131z kalmad\u0131. Siyah beyazl\u0131 futbolcular bug\u00fcnk\u00fc antrenman \u00f6ncesinde sahada 1 dakikal\u0131k sayg\u0131 duru\u015funda bulundu.<\/h1>\n<p><span style=\"line-height: 1.5em;\">Soma madenlerinde ya\u015fanan \u00fcz\u00fcc\u00fc olay\u0131n ard\u0131ndan yas ilan edilirken siyah beyazl\u0131 ekibin antrenmanlar\u0131n\u0131 yapt\u0131\u011f\u0131 \u00dcmraniye Nevzat Demir Tesisleri&#8217;nde bayraklar yar\u0131ya indirildi. Be\u015fikta\u015fl\u0131 f<\/span>utbolcular antrenman \u00f6ncesinde ise Soma&#8217;da \u00f6len madenciler i\u00e7in bir dakikal\u0131k sayg\u0131 duru\u015funda bulundular.<\/p>\n<p>Be\u015fikta\u015f kul\u00fcb\u00fc de d\u00fcn ak\u015fam internet sitesinden \u015fu a\u00e7\u0131klamay\u0131 yapm\u0131\u015ft\u0131;<\/p>\n<p>&#8220;Manisa&#8217;n\u0131n Soma il\u00e7esinde ya\u015fanan maden kazas\u0131nda \u00e7ok say\u0131da vatanda\u015f\u0131m\u0131z\u0131n ya\u015fam\u0131n\u0131 yitirdi\u011fini ve bir\u00e7ok madencimizin de mahsur kald\u0131\u011f\u0131n\u0131 \u00fcz\u00fcnt\u00fcyle \u00f6\u011frenmi\u015f bulunmaktay\u0131z.<\/p>\n<p>Milletimizi derinden \u00fczen m\u00fcessif kazada ya\u015fam\u0131n\u0131 yitiren vatanda\u015flar\u0131m\u0131za Allah&#8217;tan rahmet, ailelerine ba\u015fsa\u011fl\u0131\u011f\u0131, yaralanan vatanda\u015flar\u0131m\u0131za acil \u015fifalar diler; g\u00f6\u00e7\u00fck alt\u0131nda kurtar\u0131lmay\u0131 bekleyen madencilerimizden sevindirici haberlerin gelmesini y\u00fcrekten temenni ederiz.&#8221;<\/p>\n<!-- Error, Advert is not available at this time due to schedule\/geolocation restrictions! -->\n","protected":false},"excerpt":{"rendered":"<p>B\u00fct\u00fcn T\u00fcrkiye&#8217;yi yasa bo\u011fan maden facias\u0131na Be\u015fikta\u015fl\u0131 futbolcular da kay\u0131ts\u0131z kalmad\u0131. Siyah beyazl\u0131 futbolcular bug\u00fcnk\u00fc antrenman \u00f6ncesinde sahada 1 dakikal\u0131k sayg\u0131 duru\u015funda bulundu.<\/p>\n","protected":false},"author":4,"featured_media":174483,"comment_status":"open","ping_status":"open","sticky":false,"template":"","format":"standard","meta":{"_acf_changed":false,"footnotes":""},"categories":[6774,6155,5005,6194],"tags":[1748,161819,161822,161821,161820,58627,161810],"class_list":["post-165365","post","type-post","status-publish","format-standard","has-post-thumbnail","hentry","category-futbol","category-gundem","category-manset","category-spor","tag-besiktas","tag-besiktas-soma","tag-soma-besiktas","tag-soma-facia","tag-soma-kaza","tag-soma-maden","tag-soma-maden-kazasi"],"acf":[],"_links":{"self":[{"href":"https:\/\/www.nationalturk.com\/tr\/wp-json\/wp\/v2\/posts\/165365","targetHints":{"allow":["GET"]}}],"collection":[{"href":"https:\/\/www.nationalturk.com\/tr\/wp-json\/wp\/v2\/posts"}],"about":[{"href":"https:\/\/www.nationalturk.com\/tr\/wp-json\/wp\/v2\/types\/post"}],"author":[{"embeddable":true,"href":"https:\/\/www.nationalturk.com\/tr\/wp-json\/wp\/v2\/users\/4"}],"replies":[{"embeddable":true,"href":"https:\/\/www.nationalturk.com\/tr\/wp-json\/wp\/v2\/comments?post=165365"}],"version-history":[{"count":0,"href":"https:\/\/www.nationalturk.com\/tr\/wp-json\/wp\/v2\/posts\/165365\/revisions"}],"wp:featuredmedia":[{"embeddable":true,"href":"https:\/\/www.nationalturk.com\/tr\/wp-json\/wp\/v2\/media\/174483"}],"wp:attachment":[{"href":"https:\/\/www.nationalturk.com\/tr\/wp-json\/wp\/v2\/media?parent=165365"}],"wp:term":[{"taxonomy":"category","embeddable":true,"href":"https:\/\/www.nationalturk.com\/tr\/wp-json\/wp\/v2\/categories?post=165365"},{"taxonomy":"post_tag","embeddable":true,"href":"https:\/\/www.nationalturk.com\/tr\/wp-json\/wp\/v2\/tags?post=165365"}],"curies":[{"name":"wp","href":"https:\/\/api.w.org\/{rel}","templated":true}]}}