{"id":165376,"date":"2014-05-15T16:52:58","date_gmt":"2014-05-15T13:52:58","guid":{"rendered":"http:\/\/www.nationalturk.com\/?p=165376"},"modified":"2014-05-15T16:52:58","modified_gmt":"2014-05-15T13:52:58","slug":"sudan-seriat-mahkemesi-8-aylik-hamile-kadini-hristiyan-oldugu-icin-idama-mahkum-etti-dis-haberler-165376","status":"publish","type":"post","link":"https:\/\/www.nationalturk.com\/tr\/sudan-seriat-mahkemesi-8-aylik-hamile-kadini-hristiyan-oldugu-icin-idama-mahkum-etti-dis-haberler-165376\/","title":{"rendered":"Sudan \u015feriat mahkemesi 8 ayl\u0131k hamile kad\u0131n\u0131 Hristiyan oldu\u011fu i\u00e7in idama mahkum etti \/ D\u0131\u015f Haberler"},"content":{"rendered":"<h1 itemprop=\"articleBody\"><a href=\"http:\/\/www.nationalturk.com\/tr\/wp-content\/uploads\/2014\/05\/Christian-Woman-In-Sudan-Death-Sentence.jpg\"><img loading=\"lazy\" decoding=\"async\" class=\"alignnone size-full wp-image-165487\" title=\"Christian-Woman-In-Sudan-Death-Sentence\" alt=\"Christian-Woman-In-Sudan-Death-Sentence\" src=\"http:\/\/www.nationalturk.com\/tr\/wp-content\/uploads\/2014\/05\/Christian-Woman-In-Sudan-Death-Sentence.jpg\" width=\"610\" height=\"346\" srcset=\"https:\/\/www.nationalturk.com\/tr\/wp-content\/uploads\/2014\/05\/Christian-Woman-In-Sudan-Death-Sentence.jpg 610w, https:\/\/www.nationalturk.com\/tr\/wp-content\/uploads\/2014\/05\/Christian-Woman-In-Sudan-Death-Sentence-280x158.jpg 280w\" sizes=\"auto, (max-width: 610px) 100vw, 610px\" \/><\/a><\/h1>\n<h1 itemprop=\"articleBody\">Sudan&#8217;da din de\u011fi\u015ftirip Hristiyan olan ve Hristiyan bir erkekle evlenen 8 ayl\u0131k hamile\u00a0Meryem Yahya \u0130brahim \u0130shak adl\u0131 kad\u0131n \u015feriat yasalar\u0131na g\u00f6re idama mahkum edildi.<\/h1>\n<p>Sudan&#8217;da M\u00fcsl\u00fcman bir baba ve Hristiyan bir annenin \u00e7ocu\u011fu olan Meryem Yahya \u0130brahim \u0130shak Hristiyan bir rekekle evlenip din de\u011fi\u015ftirince \u015fer&#8217;i yasalara g\u00f6re zina yapmaktan tutuklan\u0131p yarg\u0131land\u0131.<\/p>\n<p>\u015eeriat yarg\u0131c\u0131 sekiz ayl\u0131k hamile olan Meryem Yahya \u0130brahim \u0130shak adl\u0131 kad\u0131na, &#8220;Sana karar\u0131ndan vazge\u00e7men i\u00e7in \u00fc\u00e7 g\u00fcn s\u00fcre verdik. Ama \u0130slam&#8217;a d\u00f6nmeyi reddetti\u011fin i\u00e7in sana as\u0131larak idam edilme cezas\u0131 veriyorum&#8221; dedi.<\/p>\n<p>Baz\u0131 Bat\u0131l\u0131 \u00fclkelerin b\u00fcy\u00fckel\u00e7ilikleri ve insan haklar\u0131 gruplar\u0131 kad\u0131n\u0131n dinini se\u00e7me \u00f6zg\u00fcrl\u00fc\u011f\u00fcne sayg\u0131 g\u00f6sterilmesi \u00e7a\u011fr\u0131s\u0131nda bulundu.<\/p>\n<p>N\u00fcfusunun \u00e7o\u011funlu\u011fu M\u00fcsl\u00fcman olan Sudan&#8217;da \u015feriat uygulan\u0131yor.<\/p>\n<p>Yarg\u0131\u00e7, Hristiyan bir ki\u015fiyle evlili\u011fi \u015feriata g\u00f6re ge\u00e7ersiz say\u0131ld\u0131\u011f\u0131 i\u00e7in \u0130shak&#8217;a zina su\u00e7undan da 100 k\u0131rba\u00e7 cezas\u0131 verdi.<\/p>\n<p>AFP, bir din adam\u0131n\u0131n duru\u015fmadan \u00f6nce demir kafes i\u00e7indeki \u0130shak&#8217;la yakla\u015f\u0131k yar\u0131m saat konu\u015ftu\u011funu aktard\u0131.<\/p>\n<p>Duru\u015fma s\u0131ras\u0131nda \u0130shak, &#8220;Ben bir H\u0131ristiyan\u0131m ve dinimi asla de\u011fi\u015ftirmedim&#8221; dedi.<\/p>\n<p>Uluslararas\u0131 Af \u00d6rg\u00fct\u00fc Amnesty International&#8217;a g\u00f6re \u0130shak, kendisi de Hristiyan olan annesi taraf\u0131ndan Ortodoks Hristiyan olarak yeti\u015ftirildi. M\u00fcsl\u00fcman olan babas\u0131n\u0131n \u00e7ocuklu\u011fu s\u0131ras\u0131nda \u0130shak&#8217;\u0131n yan\u0131nda olmad\u0131\u011f\u0131 belirtiliyor.<br \/>\nMahkemde, yarg\u0131\u00e7, kad\u0131na M\u00fcsl\u00fcman ad\u0131 Adraf el-Hadi Muhammed Abdullah olarak hitap etti.<\/p>\n<!-- Error, Advert is not available at this time due to schedule\/geolocation restrictions! -->\n<p>&nbsp;<\/p>\n","protected":false},"excerpt":{"rendered":"<p>Sudan&#8217;da din de\u011fi\u015ftirip Hristiyan olan ve Hristiyan bir erkekle evlenen 8 ayl\u0131k hamile Meryem Yahya \u0130brahim \u0130shak adl\u0131 kad\u0131n \u015feriat yasalar\u0131na g\u00f6re idama mahkum edildi.<\/p>\n","protected":false},"author":761,"featured_media":165487,"comment_status":"open","ping_status":"open","sticky":false,"template":"","format":"standard","meta":{"_acf_changed":false,"footnotes":""},"categories":[6767,6665,6155,5005,349],"tags":[8512],"class_list":["post-165376","post","type-post","status-publish","format-standard","has-post-thumbnail","hentry","category-afrika","category-dunya","category-gundem","category-manset","category-son-dakika","tag-sudan"],"acf":[],"_links":{"self":[{"href":"https:\/\/www.nationalturk.com\/tr\/wp-json\/wp\/v2\/posts\/165376","targetHints":{"allow":["GET"]}}],"collection":[{"href":"https:\/\/www.nationalturk.com\/tr\/wp-json\/wp\/v2\/posts"}],"about":[{"href":"https:\/\/www.nationalturk.com\/tr\/wp-json\/wp\/v2\/types\/post"}],"author":[{"embeddable":true,"href":"https:\/\/www.nationalturk.com\/tr\/wp-json\/wp\/v2\/users\/761"}],"replies":[{"embeddable":true,"href":"https:\/\/www.nationalturk.com\/tr\/wp-json\/wp\/v2\/comments?post=165376"}],"version-history":[{"count":0,"href":"https:\/\/www.nationalturk.com\/tr\/wp-json\/wp\/v2\/posts\/165376\/revisions"}],"wp:featuredmedia":[{"embeddable":true,"href":"https:\/\/www.nationalturk.com\/tr\/wp-json\/wp\/v2\/media\/165487"}],"wp:attachment":[{"href":"https:\/\/www.nationalturk.com\/tr\/wp-json\/wp\/v2\/media?parent=165376"}],"wp:term":[{"taxonomy":"category","embeddable":true,"href":"https:\/\/www.nationalturk.com\/tr\/wp-json\/wp\/v2\/categories?post=165376"},{"taxonomy":"post_tag","embeddable":true,"href":"https:\/\/www.nationalturk.com\/tr\/wp-json\/wp\/v2\/tags?post=165376"}],"curies":[{"name":"wp","href":"https:\/\/api.w.org\/{rel}","templated":true}]}}