{"id":165731,"date":"2014-05-21T11:21:55","date_gmt":"2014-05-21T08:21:55","guid":{"rendered":"http:\/\/www.nationalturk.com\/?p=165731"},"modified":"2014-05-21T11:21:55","modified_gmt":"2014-05-21T08:21:55","slug":"lionel-messi-dunya-kupasinda-barcelonadakinden-daha-iyi-olacagim-165731","status":"publish","type":"post","link":"https:\/\/www.nationalturk.com\/tr\/lionel-messi-dunya-kupasinda-barcelonadakinden-daha-iyi-olacagim-165731\/","title":{"rendered":"Lionel Messi: D\u00fcnya Kupas\u0131&#8217;nda Barcelona&#8217;dakinden daha iyi olaca\u011f\u0131m"},"content":{"rendered":"<p><img loading=\"lazy\" decoding=\"async\" class=\"alignnone size-full wp-image-165732\" alt=\"Messi\" src=\"http:\/\/www.nationalturk.com\/tr\/wp-content\/uploads\/2014\/05\/messi_almeria_maci.jpg\" width=\"610\" height=\"344\" title=\"\" srcset=\"https:\/\/www.nationalturk.com\/tr\/wp-content\/uploads\/2014\/05\/messi_almeria_maci.jpg 610w, https:\/\/www.nationalturk.com\/tr\/wp-content\/uploads\/2014\/05\/messi_almeria_maci-280x157.jpg 280w\" sizes=\"auto, (max-width: 610px) 100vw, 610px\" \/><\/p>\n<h1>Barcelona&#8217;n\u0131n y\u0131ld\u0131z\u0131 Lionel Messi, 2014 D\u00fcnya Kupas\u0131 i\u00e7in iddial\u0131 a\u00e7\u0131klamalar yapt\u0131. Messi, Brezilya&#8217;da d\u00fczenlenecek FIFA D\u00fcnya Kupas\u0131 finallerinde, bu sezon Barcelona&#8217;da sergiledi\u011fi performanstan \u00e7ok daha iyi oynayaca\u011f\u0131n\u0131 ifade etti.<\/h1>\n<p>FIFA&#8217;ya konu\u015fan Lionel Messi, milli formayla bug\u00fcne kadar beklentilerin alt\u0131nda kald\u0131\u011f\u0131n\u0131 itiraf ederek, &#8220;Milli tak\u0131m atmosferi tamamen farkl\u0131. Kariyerime bakt\u0131\u011f\u0131mda bir\u00e7ok defa Barcelona formas\u0131yla iyi oynad\u0131\u011f\u0131m\u0131n fark\u0131nday\u0131m. Bu sefer tam tersinin olmas\u0131n\u0131 bekliyorum&#8221; dedi. Antrenmanlarda maksimum enerji harcayarak en haz\u0131r hale gelece\u011fini ifade eden Messi, &#8220;<span style=\"line-height: 1.5em;\">Tak\u0131m arkada\u015flar\u0131mla ve di\u011fer ekiple bulu\u015ftu\u011fumda, mantalitemi de\u011fi\u015ftirerek \u00f6n\u00fcm\u00fczdeki turnuvaya odaklanaca\u011f\u0131m. Barcelona&#8217;n\u0131n bu sezon ba\u015far\u0131s\u0131z olmas\u0131nda ben dahil t\u00fcm futbolcular\u0131n pay\u0131 var. Tak\u0131m bir enerji eksikli\u011fi ya\u015fad\u0131&#8221; ifadelerini kulland\u0131.<\/span><\/p>\n<p><span style=\"line-height: 1.5em;\">Arjantin, 4 Haziran&#8217;da Trinidad ve Tobago, 7 Haziran&#8217;da ise Slovenya ile iki haz\u0131rl\u0131k ma\u00e7\u0131 oynayacak. D\u00fcnya Kupas\u0131 finallerinde F Grubu&#8217;nda Bosna Hersek, \u0130ran ve Nijerya ile kar\u015f\u0131la\u015facak &#8220;Tangocular&#8221;, ilk ma\u00e7\u0131na 16 Haziran&#8217;da \u00e7\u0131kacak.<\/span><\/p>\n<!-- Error, Advert is not available at this time due to schedule\/geolocation restrictions! -->\n","protected":false},"excerpt":{"rendered":"<p>Barcelona&#8217;n\u0131n y\u0131ld\u0131z\u0131 Lionel Messi, 2014 D\u00fcnya Kupas\u0131 i\u00e7in iddial\u0131 a\u00e7\u0131klamalar yapt\u0131. Messi, Brezilya&#8217;da d\u00fczenlenecek FIFA D\u00fcnya Kupas\u0131 finallerinde, bu sezon Barcelona&#8217;da sergiledi\u011fi performanstan \u00e7ok daha iyi oynayaca\u011f\u0131n\u0131 ifade etti.<\/p>\n","protected":false},"author":4,"featured_media":165732,"comment_status":"open","ping_status":"open","sticky":false,"template":"","format":"standard","meta":{"_acf_changed":false,"footnotes":""},"categories":[6774,5005,6194],"tags":[83620,54846,7089,7946,20555,162345],"class_list":["post-165731","post","type-post","status-publish","format-standard","has-post-thumbnail","hentry","category-futbol","category-manset","category-spor","tag-83620","tag-2014-dunya-kupasi","tag-arjantin","tag-lionel-messi","tag-messi","tag-messi-dunya-kupasi"],"acf":[],"_links":{"self":[{"href":"https:\/\/www.nationalturk.com\/tr\/wp-json\/wp\/v2\/posts\/165731","targetHints":{"allow":["GET"]}}],"collection":[{"href":"https:\/\/www.nationalturk.com\/tr\/wp-json\/wp\/v2\/posts"}],"about":[{"href":"https:\/\/www.nationalturk.com\/tr\/wp-json\/wp\/v2\/types\/post"}],"author":[{"embeddable":true,"href":"https:\/\/www.nationalturk.com\/tr\/wp-json\/wp\/v2\/users\/4"}],"replies":[{"embeddable":true,"href":"https:\/\/www.nationalturk.com\/tr\/wp-json\/wp\/v2\/comments?post=165731"}],"version-history":[{"count":0,"href":"https:\/\/www.nationalturk.com\/tr\/wp-json\/wp\/v2\/posts\/165731\/revisions"}],"wp:featuredmedia":[{"embeddable":true,"href":"https:\/\/www.nationalturk.com\/tr\/wp-json\/wp\/v2\/media\/165732"}],"wp:attachment":[{"href":"https:\/\/www.nationalturk.com\/tr\/wp-json\/wp\/v2\/media?parent=165731"}],"wp:term":[{"taxonomy":"category","embeddable":true,"href":"https:\/\/www.nationalturk.com\/tr\/wp-json\/wp\/v2\/categories?post=165731"},{"taxonomy":"post_tag","embeddable":true,"href":"https:\/\/www.nationalturk.com\/tr\/wp-json\/wp\/v2\/tags?post=165731"}],"curies":[{"name":"wp","href":"https:\/\/api.w.org\/{rel}","templated":true}]}}