{"id":165772,"date":"2014-05-22T09:39:23","date_gmt":"2014-05-22T06:39:23","guid":{"rendered":"http:\/\/www.nationalturk.com\/?p=165772"},"modified":"2014-05-22T09:39:23","modified_gmt":"2014-05-22T06:39:23","slug":"bogalar-arenada-matador-birakmadi-165772","status":"publish","type":"post","link":"https:\/\/www.nationalturk.com\/tr\/bogalar-arenada-matador-birakmadi-165772\/","title":{"rendered":"Bo\u011falar arenada matador b\u0131rakmad\u0131"},"content":{"rendered":"<h1><a href=\"http:\/\/www.nationalturk.com\/tr\/wp-content\/uploads\/2014\/05\/boga-guresleri-ispanya.jpg\"><img loading=\"lazy\" decoding=\"async\" class=\"alignleft size-medium wp-image-165773\" alt=\"\" src=\"http:\/\/www.nationalturk.com\/tr\/wp-content\/uploads\/2014\/05\/boga-guresleri-ispanya-280x174.jpg\" width=\"280\" height=\"174\" title=\"\" srcset=\"https:\/\/www.nationalturk.com\/tr\/wp-content\/uploads\/2014\/05\/boga-guresleri-ispanya-280x174.jpg 280w, https:\/\/www.nationalturk.com\/tr\/wp-content\/uploads\/2014\/05\/boga-guresleri-ispanya.jpg 563w\" sizes=\"auto, (max-width: 280px) 100vw, 280px\" \/><\/a>\u0130spanya&#8217;n\u0131n ba\u015fkenti Madrid&#8217;de &#8216;San Isidro&#8217; \u015fenlikleri kapsam\u0131nda d\u00fczenlenen ve 3\u00a0matadorun yaralanmas\u0131 ile ertelenen\u00a0bo\u011fa g\u00fcre\u015flerine devam edildi.<\/h1>\n<p>Las Ventas Arena&#8217;da bo\u011fan\u0131n kar\u015f\u0131s\u0131na \u00e7\u0131kacak sa\u011flam matador kalmamas\u0131 nedeniyle ertelenen g\u00fcre\u015flere program dahilinde devam edildi.<\/p>\n<p>1929 y\u0131l\u0131ndan bu yana bo\u011fa g\u00fcre\u015flerinin yap\u0131ld\u0131\u011f\u0131 Las Ventas arenas\u0131n\u0131n tarihinde d\u00fcn 4&#8217;\u00fcnc\u00fc kez ya\u015fanan olayda, bo\u011fan\u0131n boynuz darbesiyle yaralanan matadorlar\u0131n devam edemeyecek durumda olmas\u0131ndan dolay\u0131 bo\u011fa g\u00fcre\u015flerinin g\u00fcnl\u00fck program\u0131 ikinci turdan sonra durdurulmu\u015ftu.<\/p>\n<p>Matadorlardan biri ilk turda sol aya\u011f\u0131na ald\u0131\u011f\u0131 bo\u011fan\u0131n boynuz darbesi sonucu yaralan\u0131rken, di\u011fer ikisi ise ikinci turda dizinden ve sa\u011f baca\u011f\u0131ndan yara alarak bo\u011fa g\u00fcre\u015fini yar\u0131da b\u0131rakmak zorunda kald\u0131. \u00d6nce arena klini\u011finde, daha sonra hastanede tedavi g\u00f6ren matadorlar\u0131n sa\u011fl\u0131k durumlar\u0131n\u0131n iyi oldu\u011fu a\u00e7\u0131kland\u0131. Las Ventas&#8217;da en son 1979 y\u0131l\u0131nda arenada matador kalmamas\u0131ndan dolay\u0131 bo\u011fa g\u00fcre\u015fleri iptal edilmi\u015fti.<\/p>\n<p>\u00d6te yandan Las Ventas&#8217;daki olaydan dolay\u0131 bo\u011fa g\u00fcre\u015fi kar\u015f\u0131t\u0131 \u00f6rg\u00fctler, \u00f6zellikle internetteki sosyal payla\u015f\u0131m sitelerinde bo\u011fa g\u00fcre\u015flerine kar\u015f\u0131 tepkilerini daha g\u00fc\u00e7l\u00fc bir \u015fekilde dile getirdi.<\/p>\n<p>Las Ventas arenas\u0131 \u00f6n\u00fcnde toplanan bo\u011fa g\u00fcre\u015fi seven bir grup ise \u0130spanya&#8217;da k\u00fclt\u00fcrel de\u011fer say\u0131lan bo\u011fa g\u00fcre\u015fine sahip \u00e7\u0131kt\u0131.<\/p>\n<!-- Error, Advert is not available at this time due to schedule\/geolocation restrictions! -->\n","protected":false},"excerpt":{"rendered":"<p>\u0130spanya&#8217;n\u0131n ba\u015fkenti Madrid&#8217;de &#8216;San Isidro&#8217; \u015fenlikleri kapsam\u0131nda d\u00fczenlenen ve 3 matadorun yaralanmas\u0131 ile ertelenen bo\u011fa g\u00fcre\u015flerine devam edildi.<\/p>\n","protected":false},"author":3,"featured_media":174412,"comment_status":"open","ping_status":"open","sticky":false,"template":"","format":"standard","meta":{"_acf_changed":false,"footnotes":""},"categories":[6770,6155,6662],"tags":[15,162421,162420,38470,1151,78613,22679],"class_list":["post-165772","post","type-post","status-publish","format-standard","has-post-thumbnail","hentry","category-avrupa","category-gundem","category-yasam","tag-ispanya","tag-ispanya-boga","tag-ispanya-boga-guresleri","tag-ispanya-turu","tag-madrid","tag-madrid-ispanya","tag-matador"],"acf":[],"_links":{"self":[{"href":"https:\/\/www.nationalturk.com\/tr\/wp-json\/wp\/v2\/posts\/165772","targetHints":{"allow":["GET"]}}],"collection":[{"href":"https:\/\/www.nationalturk.com\/tr\/wp-json\/wp\/v2\/posts"}],"about":[{"href":"https:\/\/www.nationalturk.com\/tr\/wp-json\/wp\/v2\/types\/post"}],"author":[{"embeddable":true,"href":"https:\/\/www.nationalturk.com\/tr\/wp-json\/wp\/v2\/users\/3"}],"replies":[{"embeddable":true,"href":"https:\/\/www.nationalturk.com\/tr\/wp-json\/wp\/v2\/comments?post=165772"}],"version-history":[{"count":0,"href":"https:\/\/www.nationalturk.com\/tr\/wp-json\/wp\/v2\/posts\/165772\/revisions"}],"wp:featuredmedia":[{"embeddable":true,"href":"https:\/\/www.nationalturk.com\/tr\/wp-json\/wp\/v2\/media\/174412"}],"wp:attachment":[{"href":"https:\/\/www.nationalturk.com\/tr\/wp-json\/wp\/v2\/media?parent=165772"}],"wp:term":[{"taxonomy":"category","embeddable":true,"href":"https:\/\/www.nationalturk.com\/tr\/wp-json\/wp\/v2\/categories?post=165772"},{"taxonomy":"post_tag","embeddable":true,"href":"https:\/\/www.nationalturk.com\/tr\/wp-json\/wp\/v2\/tags?post=165772"}],"curies":[{"name":"wp","href":"https:\/\/api.w.org\/{rel}","templated":true}]}}