{"id":16580,"date":"2010-03-08T18:01:57","date_gmt":"2010-03-08T16:01:57","guid":{"rendered":"http:\/\/www.nationalturk.com\/?p=16580"},"modified":"2010-03-08T18:01:57","modified_gmt":"2010-03-08T16:01:57","slug":"burdurdaki-dev-yariklar","status":"publish","type":"post","link":"https:\/\/www.nationalturk.com\/tr\/burdurdaki-dev-yariklar\/","title":{"rendered":"Burdur&#8217;daki dev yar\u0131klar halk\u0131 korkutuyor"},"content":{"rendered":"<p><strong><img loading=\"lazy\" decoding=\"async\" class=\"alignleft size-medium wp-image-16581\" title=\"Burdur'da Dev Yar\u0131klar\" src=\"http:\/\/www.nationalturk.com\/tr\/wp-content\/uploads\/2010\/03\/burdur_yarik-279x187.jpg\" alt=\"Burdur'da Dev Yar\u0131klar\" width=\"228\" height=\"220\" srcset=\"https:\/\/www.nationalturk.com\/tr\/wp-content\/uploads\/2010\/03\/burdur_yarik-279x187.jpg 228w, https:\/\/www.nationalturk.com\/tr\/wp-content\/uploads\/2010\/03\/burdur_yarik.jpg 381w\" sizes=\"auto, (max-width: 228px) 100vw, 228px\" \/>Burdur&#8217;da son birka\u00e7 hafta i\u00e7inde meydana gelerek tarlalar\u0131 ikiye b\u00f6len dev yar\u0131klar vatanda\u015flarda korku ve pani\u011fe sebep oldu.<\/strong><\/p>\n<p>B\u00f6lgedeki yar\u0131klarla ilgili olarak ara\u015ft\u0131rma yapan Bilecik \u00dcniversitesi Fen Edebiyat Fak\u00fcltesi Co\u011frafya B\u00f6l\u00fcm\u00fc \u00d6\u011fretim \u00dcyesi Yrd.Do\u00e7.Dr. Nurfettin Kahraman,\u00a0\u201c\u0130lk olarak 1999 y\u0131l\u0131ndaki b\u00fcy\u00fck depremden sonra b\u00f6lgede yar\u0131klar meydana gelmi\u015fti. Bu sefer yar\u0131klar kent merkezine yakla\u015ft\u0131. 3 hat halinde 250 metreyi a\u015fan dev yar\u0131klar yer yer 5 metre derinli\u011fi buluyor. Bunlara birinci neden depremdir. Bu tarz yar\u0131klar\u0131n olu\u015fabilmesi i\u00e7in uzmanlar\u0131n ifadesiyle en az 6 veya daha b\u00fcy\u00fck depremlerin meydana gelmesi gerekiyor. Bu yar\u0131lmalar\u0131n meydana geldi\u011fi yerlerin yak\u0131nlar\u0131nda oturan ya da o olaylar\u0131 g\u00f6ren insanlara sorduk. Hepsi de hi\u00e7bir sars\u0131nt\u0131 hissetmediklerini s\u00f6yledi. Dolay\u0131s\u0131yla bu olay\u0131n depremle ilgisi yok. \u0130kinci sebebi ise zemin \u00f6zellikleriyle ilgisi olabilir. \u00dc\u00e7\u00fcnc\u00fc neden ise havzan\u0131n tektonik \u00f6zelliklerini g\u00f6z \u00f6n\u00fcne alarak a\u00e7\u0131klayabiliriz\u201d diye konu\u015ftu.<\/p>\n<p>Burdur Valisi \u0130brahim \u00d6z\u00e7imen de Yrd.Do\u00e7.Dr. Kahraman ile birlikte b\u00f6lgede incelemelerde bulundu.<\/p>\n<p>Vali \u00d6z\u00e7imen, incelemelerin ard\u0131ndan Burdur \u0130l Afet ve Acil Yard\u0131m M\u00fcd\u00fcr\u00fc Mehmet Oral\u2019a gerekli incelemelerin yap\u0131lmas\u0131 i\u00e7in talimat verdi.<\/p>\n<span style=\"font-weight: bold; color: #f00;\">Error, group does not exist! Check your syntax! (ID: 104)<\/span>\n","protected":false},"excerpt":{"rendered":"<p>Burdur&#8217;da son birka\u00e7 hafta i\u00e7inde meydana gelerek tarlalar\u0131 ikiye b\u00f6len dev yar\u0131klar vatanda\u015flarda korku ve pani\u011fe sebep oldu.<\/p>\n","protected":false},"author":4,"featured_media":192565,"comment_status":"open","ping_status":"open","sticky":false,"template":"","format":"standard","meta":{"_acf_changed":false,"footnotes":""},"categories":[6805],"tags":[17757,17758,17762,17760,17761],"class_list":["post-16580","post","type-post","status-publish","format-standard","has-post-thumbnail","hentry","category-turkiye","tag-burdur","tag-burdur-dev-yariklar","tag-burdur-valisi-ibrahim-ozcimen","tag-nurfettin-kahraman","tag-prof-nurfettin-kahraman"],"acf":[],"_links":{"self":[{"href":"https:\/\/www.nationalturk.com\/tr\/wp-json\/wp\/v2\/posts\/16580","targetHints":{"allow":["GET"]}}],"collection":[{"href":"https:\/\/www.nationalturk.com\/tr\/wp-json\/wp\/v2\/posts"}],"about":[{"href":"https:\/\/www.nationalturk.com\/tr\/wp-json\/wp\/v2\/types\/post"}],"author":[{"embeddable":true,"href":"https:\/\/www.nationalturk.com\/tr\/wp-json\/wp\/v2\/users\/4"}],"replies":[{"embeddable":true,"href":"https:\/\/www.nationalturk.com\/tr\/wp-json\/wp\/v2\/comments?post=16580"}],"version-history":[{"count":0,"href":"https:\/\/www.nationalturk.com\/tr\/wp-json\/wp\/v2\/posts\/16580\/revisions"}],"wp:featuredmedia":[{"embeddable":true,"href":"https:\/\/www.nationalturk.com\/tr\/wp-json\/wp\/v2\/media\/192565"}],"wp:attachment":[{"href":"https:\/\/www.nationalturk.com\/tr\/wp-json\/wp\/v2\/media?parent=16580"}],"wp:term":[{"taxonomy":"category","embeddable":true,"href":"https:\/\/www.nationalturk.com\/tr\/wp-json\/wp\/v2\/categories?post=16580"},{"taxonomy":"post_tag","embeddable":true,"href":"https:\/\/www.nationalturk.com\/tr\/wp-json\/wp\/v2\/tags?post=16580"}],"curies":[{"name":"wp","href":"https:\/\/api.w.org\/{rel}","templated":true}]}}