{"id":165934,"date":"2014-05-23T12:54:29","date_gmt":"2014-05-23T09:54:29","guid":{"rendered":"http:\/\/www.nationalturk.com\/?p=165934"},"modified":"2014-05-23T12:54:29","modified_gmt":"2014-05-23T09:54:29","slug":"erdogan-berkin-elvan-olmustur-gecmistir-165934","status":"publish","type":"post","link":"https:\/\/www.nationalturk.com\/tr\/erdogan-berkin-elvan-olmustur-gecmistir-165934\/","title":{"rendered":"Erdo\u011fan: Berkin Elvan \u00f6lm\u00fc\u015ft\u00fcr ge\u00e7mi\u015ftir"},"content":{"rendered":"<p><img loading=\"lazy\" decoding=\"async\" class=\"alignleft size-medium wp-image-165938\" alt=\"Ba\u015fbakan Erdo\u011fan\" src=\"http:\/\/www.nationalturk.com\/tr\/wp-content\/uploads\/2014\/05\/erdogan_5_kasim_grup-280x202.jpg\" width=\"280\" height=\"202\" title=\"\" srcset=\"https:\/\/www.nationalturk.com\/tr\/wp-content\/uploads\/2014\/05\/erdogan_5_kasim_grup-280x202.jpg 280w, https:\/\/www.nationalturk.com\/tr\/wp-content\/uploads\/2014\/05\/erdogan_5_kasim_grup-553x400.jpg 553w, https:\/\/www.nationalturk.com\/tr\/wp-content\/uploads\/2014\/05\/erdogan_5_kasim_grup.jpg 1106w\" sizes=\"auto, (max-width: 280px) 100vw, 280px\" \/><\/p>\n<h1>Ba\u015fbakan Recep Tayyip Erdo\u011fan Gezi Park\u0131 direni\u015finde polis taraf\u0131ndan \u00f6ld\u00fcr\u00fclen Berkin Elvan i\u00e7in enteresan ifadeler kullanmaya devam ediyor. Erdo\u011fan bug\u00fcn de &#8216;Berkin Elvan \u00f6lm\u00fc\u015ft\u00fcr ge\u00e7mi\u015ftir&#8217; dedi.<\/h1>\n<p>AKP Geni\u015fletilmi\u015f \u0130l Ba\u015fkanlar\u0131 Toplant\u0131s\u0131&#8217;nda konu\u015fan Ba\u015fbakan Erdo\u011fan Berkin Elvan i\u00e7in \u015funlar\u0131 s\u00f6yledi:<\/p>\n<p><span style=\"line-height: 1.5em;\">&#8220;301 \u015fehidimizin ac\u0131s\u0131 tazeyken sustuk. Kan kustuk, k\u0131z\u0131lc\u0131k \u015ferbeti i\u00e7tik dedik. Ama kimse kusura bakmazs\u0131n daha fazla susacak de\u011filiz. Soma\u2019y\u0131 bahane edip k\u0131ran, d\u00f6kenler kar\u015f\u0131s\u0131nda yine susmayaca\u011f\u0131z.<\/span><\/p>\n<p>Daha d\u00fcn yine olaylar oldu. Neymi\u015f Berkin Elvan\u2019\u0131 anmak i\u00e7in t\u00f6renler d\u00fczenleyeceklermi\u015f. Her \u00f6l\u00fcm hadisesinde bir t\u00f6ren mi d\u00fczenleyece\u011fiz. \u00d6lm\u00fc\u015ft\u00fcr ge\u00e7mi\u015ftir.\u00a0Ama K\u0131l\u0131\u00e7daro\u011flu\u2019na g\u00f6re \u00f6len bir gencimiz veya \u00e7ocu\u011fumuz. D\u00fcr\u00fcst ol d\u00fcr\u00fcst.<\/p>\n<p>Resimlerle kay\u0131tlarla hepsi ortada. Ama o yavruyu aldatanlar da su\u00e7lu. Bir Molotof polis arac\u0131n\u0131n i\u00e7ine d\u00fc\u015ft\u00fc. Yand\u0131lar, hastanede tedavi alt\u0131ndalar.&#8221;<\/p>\n<!-- Error, Advert is not available at this time due to schedule\/geolocation restrictions! -->\n","protected":false},"excerpt":{"rendered":"<p>Ba\u015fbakan Recep Tayyip Erdo\u011fan Gezi Park\u0131 direni\u015finde polis taraf\u0131ndan \u00f6ld\u00fcr\u00fclen Berkin Elvan i\u00e7in enteresan ifadeler kullanmaya devam ediyor. Erdo\u011fan bug\u00fcn de &#8216;Berkin Elvan \u00f6lm\u00fc\u015ft\u00fcr ge\u00e7mi\u015ftir&#8217; dedi.<\/p>\n","protected":false},"author":4,"featured_media":174386,"comment_status":"open","ping_status":"open","sticky":false,"template":"","format":"standard","meta":{"_acf_changed":false,"footnotes":""},"categories":[6155,5005,6202,6805],"tags":[9476,46126,3888,162627,162626,162624,162625],"class_list":["post-165934","post","type-post","status-publish","format-standard","has-post-thumbnail","hentry","category-gundem","category-manset","category-politika","category-turkiye","tag-akp","tag-akp-il-baskanlari","tag-basbakan-erdogan","tag-berkin-elvan-olmustur","tag-berkin-elvan-olmustur-gecmistir","tag-erdogan-berkin","tag-erdogan-berkin-elvan"],"acf":[],"_links":{"self":[{"href":"https:\/\/www.nationalturk.com\/tr\/wp-json\/wp\/v2\/posts\/165934","targetHints":{"allow":["GET"]}}],"collection":[{"href":"https:\/\/www.nationalturk.com\/tr\/wp-json\/wp\/v2\/posts"}],"about":[{"href":"https:\/\/www.nationalturk.com\/tr\/wp-json\/wp\/v2\/types\/post"}],"author":[{"embeddable":true,"href":"https:\/\/www.nationalturk.com\/tr\/wp-json\/wp\/v2\/users\/4"}],"replies":[{"embeddable":true,"href":"https:\/\/www.nationalturk.com\/tr\/wp-json\/wp\/v2\/comments?post=165934"}],"version-history":[{"count":0,"href":"https:\/\/www.nationalturk.com\/tr\/wp-json\/wp\/v2\/posts\/165934\/revisions"}],"wp:featuredmedia":[{"embeddable":true,"href":"https:\/\/www.nationalturk.com\/tr\/wp-json\/wp\/v2\/media\/174386"}],"wp:attachment":[{"href":"https:\/\/www.nationalturk.com\/tr\/wp-json\/wp\/v2\/media?parent=165934"}],"wp:term":[{"taxonomy":"category","embeddable":true,"href":"https:\/\/www.nationalturk.com\/tr\/wp-json\/wp\/v2\/categories?post=165934"},{"taxonomy":"post_tag","embeddable":true,"href":"https:\/\/www.nationalturk.com\/tr\/wp-json\/wp\/v2\/tags?post=165934"}],"curies":[{"name":"wp","href":"https:\/\/api.w.org\/{rel}","templated":true}]}}