{"id":165954,"date":"2014-05-23T16:19:40","date_gmt":"2014-05-23T13:19:40","guid":{"rendered":"http:\/\/www.nationalturk.com\/?p=165954"},"modified":"2026-02-15T13:37:10","modified_gmt":"2026-02-15T10:37:10","slug":"huseyin-avni-mutlu-okmeydanindaki-eli-silahlilari-yakalayacagiz-165954","status":"publish","type":"post","link":"https:\/\/www.nationalturk.com\/tr\/huseyin-avni-mutlu-okmeydanindaki-eli-silahlilari-yakalayacagiz-165954\/","title":{"rendered":"H\u00fcseyin Avni Mutlu: Okmeydan\u0131&#8217;ndaki eli silahl\u0131lar\u0131 yakalayaca\u011f\u0131z"},"content":{"rendered":"<h1><img loading=\"lazy\" decoding=\"async\" class=\"alignnone size-large wp-image-165955\" alt=\"H\u00fcseyin Avni Mutlu\" src=\"http:\/\/www.nationalturk.com\/tr\/wp-content\/uploads\/2014\/05\/huseyin_avni_mutlu_okmeydani-e1400851044649-610x362.jpg\" width=\"610\" height=\"362\" title=\"\" srcset=\"https:\/\/www.nationalturk.com\/tr\/wp-content\/uploads\/2014\/05\/huseyin_avni_mutlu_okmeydani-e1400851044649-610x362.jpg 610w, https:\/\/www.nationalturk.com\/tr\/wp-content\/uploads\/2014\/05\/huseyin_avni_mutlu_okmeydani-e1400851044649-280x166.jpg 280w, https:\/\/www.nationalturk.com\/tr\/wp-content\/uploads\/2014\/05\/huseyin_avni_mutlu_okmeydani-e1400851044649.jpg 869w\" sizes=\"auto, (max-width: 610px) 100vw, 610px\" \/><br \/>\n\u0130stanbul Valisi H\u00fcseyin Avni Mutlu, Okmeydan\u0131&#8217;nda ya\u015fanan olaylar\u0131n ard\u0131ndan eli silahl\u0131, y\u00fcz\u00fc maskeli gruplar\u0131n izlendi\u011fini ve mutlaka yakalanacaklar\u0131n\u0131 s\u00f6yledi.<\/h1>\n<p><span style=\"line-height: 1.5em;\">H\u00fcseyin Avni Mutlu, Aziz Mahmud H\u00fcdayi Camisi&#8217;nde k\u0131ld\u0131\u011f\u0131 cuma namaz\u0131n\u0131n ard\u0131ndan bas\u0131n mensuplar\u0131n\u0131n Okmeydan\u0131&#8217;nda ya\u015fanan olaylara ili\u015fkin sorular\u0131n\u0131 cevaplad\u0131.<\/span><\/p>\n<p>Okmeydan\u0131&#8217;nda U\u011fur Kurt&#8217;un vefat\u0131yla ac\u0131 bir s\u00fcre\u00e7 ya\u015fand\u0131\u011f\u0131n\u0131 ifade eden Mutlu, Kurt&#8217;un cemevindeki t\u00f6renin ard\u0131ndan memleketi Sivas&#8217;ta topra\u011fa verilece\u011fini hat\u0131latt\u0131.<\/p>\n<p>Olaylarda iki vatanda\u015f\u0131n ya\u015fam\u0131n\u0131 yitirdi\u011fini, 8 polisin yaraland\u0131\u011f\u0131n\u0131 belirten Mutlu, \u015fu bilgileri verdi:<\/p>\n<p>&#8220;Bu olayla ilgili Okmeydan\u0131&#8217;nda \u015fu anda da y\u00fcz\u00fc maskeli, eli zaman zaman silahl\u0131 bir tak\u0131m gruplar\u0131n, ki\u015filerin ajitasyonlar yapmak suretiyle toplumu tahrik etti\u011fi ve \u00e7at\u0131\u015fma ortam\u0131n\u0131 b\u00fcy\u00fcterek, \u00fclkemizin, \u015fehrimizin, insanlar\u0131m\u0131z\u0131n g\u00fcvenli\u011fini ve huzurunu ciddi \u015fekilde bozmaya y\u00f6nelik emeller i\u00e7erisinde olduklar\u0131n\u0131 hep birlikte g\u00f6r\u00fcyoruz. Bunlar\u0131 yakinen takip ediyoruz. \u00d6ncelikle huzurlu bir \u015fekilde Okmeydan\u0131&#8217;nda, U\u011fur Kurt&#8217;a yap\u0131lacak t\u00f6ren ve u\u011furlaman\u0131n tamamlanmas\u0131n\u0131, burada herhangi bir s\u0131k\u0131nt\u0131 ya\u015fanmamas\u0131n\u0131 y\u00fcrekten temenni ediyorum. Ancak bu b\u00f6lgede eli silahl\u0131, y\u00fcz\u00fc maskeli bir tak\u0131m gruplar\u0131n, bu toplant\u0131lara, t\u00f6renlere kat\u0131lacak vatanda\u015flar\u0131m\u0131z\u0131 tahrik etmeye y\u00f6nelik ajitasyonlar i\u00e7inde olduklar\u0131n\u0131 \u00e7ok net g\u00f6r\u00fcyoruz. \u0130stihbarat kay\u0131tlar\u0131m\u0131z da bu konuda \u00e7ok net. Gerek emniyet kuvvetlerimize yap\u0131lan sald\u0131r\u0131lar gerekse de 2 vatanda\u015f\u0131m\u0131z\u0131n \u00f6l\u00fcm\u00fcne sebebiyet veren sald\u0131r\u0131lar fevkalade \u00fcz\u00fcnt\u00fc vericidir. Bunlar\u0131n faillerini her hal\u00fckarda \u00e7\u0131kartaca\u011f\u0131z, bulaca\u011f\u0131z, adliyeye teslim edece\u011fiz ama \u00f6nemli olan bu noktadan sonra y\u00fcre\u011fi yaral\u0131 ve b\u00fcy\u00fck \u00fcz\u00fcnt\u00fc i\u00e7inde olan milletimizin g\u00f6nl\u00fcne ba\u015fka ac\u0131lar\u0131n d\u00fc\u015fmemesidir. Bunu her vesileyle ifade ediyorum ve herkesi duyarl\u0131 olmaya, bu ortam\u0131 ajite edecek her t\u00fcrl\u00fc hareketten ka\u00e7\u0131nmaya, dikkatli bir \u015fekilde olaylar\u0131 izlemeye davet ediyorum.&#8221;<\/p>\n<p><span style=\"line-height: 1.5em;\">\u0130stanbul Valisi Mutlu, g\u00f6zalt\u0131 olup olmad\u0131\u011f\u0131na ili\u015fkin soru \u00fczerine, emniyetin \u00e7al\u0131\u015fmalar\u0131n\u0131 s\u00fcrd\u00fcrd\u00fc\u011f\u00fcn\u00fc, yeni bilgilerin payla\u015f\u0131laca\u011f\u0131n\u0131 belirtti.<\/span><\/p>\n<p>Eli silahl\u0131, y\u00fcz\u00fc maskeli gruplar\u0131n izlendi\u011fini ifade eden Mutlu, &#8220;Bunlar\u0131 mutlaka yakalaca\u011f\u0131z ve adliyeye teslim edip, cezaland\u0131raca\u011f\u0131z. Devletin ve milletin g\u00fcc\u00fcnden daha b\u00fcy\u00fck g\u00fc\u00e7 hayali i\u00e7inde olanlara f\u0131rsat vermeyiz. Bunu bilsinler&#8221; diye konu\u015ftu.<\/p>\n<p>Cumhuriyet savc\u0131s\u0131n\u0131n olay yerine vaktinde gitmedi\u011fi iddialar\u0131na ili\u015fkin sorular \u00fczerine Mutlu, \u015funlar\u0131 kaydetti:<\/p>\n<p>&#8220;Saat konusunda herhangi bir de\u011ferlendirmem yok, bilgim yok. \u0130\u015fin do\u011fas\u0131 gere\u011fi ne yap\u0131lmas\u0131 gerekiyorsa adli makamlar mutlaka yapm\u0131\u015ft\u0131r. D\u00fcn ak\u015fam otopsi i\u015flemleri \u00e7ok s\u00fcratli \u015fekilde yap\u0131ld\u0131. U\u011fur Kurt&#8217;un kafas\u0131ndaki kur\u015fun \u00e7\u0131kart\u0131ld\u0131. Bu kur\u015funla birlikte balistik incelemeleri yap\u0131lacak. Bu balistik incelemelere y\u00f6nelik al\u0131nmas\u0131 gereken b\u00fct\u00fcn tedbirleri adli makamlar ald\u0131. En k\u0131sa s\u00fcre i\u00e7inde sonu\u00e7land\u0131r\u0131lacak. Bilgileri adli makamlar da bizler de a\u00e7\u0131klayaca\u011f\u0131z. Herhangi bir gecikme oldu\u011fu y\u00f6n\u00fcnde bana bilgi gelmedi. Bu adli makamlar\u0131m\u0131z\u0131n \u00e7al\u0131\u015fma sistemi i\u00e7inde makul, uygun bir takip s\u00fcrecidir. Bir gecikme oldu\u011fu konusunda bilgim yok. Bunu adli makamlar\u0131m\u0131z ayr\u0131ca de\u011ferlendirir. Gerekiyorsa kendileri a\u00e7\u0131klar.&#8221;<\/p>\n<p>&#8211; &#8220;Titizlikle \u00e7al\u0131\u015f\u0131yoruz&#8221;<\/p>\n<p>Bu t\u00fcr olaylar\u0131n ayd\u0131nlat\u0131lmas\u0131 ve gere\u011finin yap\u0131lmas\u0131n\u0131n g\u00f6revleri oldu\u011funu vurgulayan Mutlu, d\u00fcnden beri de titizlikle \u00e7al\u0131\u015ft\u0131klar\u0131n\u0131 s\u00f6yledi.<\/p>\n<p>\u0130stanbul Valisi Mutlu, bu konuda herkesin m\u00fcsterih olmas\u0131n\u0131 isteyerek, \u015f\u00f6yle devam etti:<\/p>\n<p>&#8220;Hi\u00e7bir konuda \u00fcst\u00fc kapal\u0131, \u00f6rt\u00fcl\u00fc bir \u015fey olmaz. Bu konuda \u00e7ok \u015feffaf \u00e7al\u0131\u015faca\u011f\u0131z. Fail, failler kimse her kimse mutlaka \u00e7\u0131kacakt\u0131r. Yaln\u0131z \u015fu ortamda kay\u0131plar\u0131m\u0131z var, bundan sonras\u0131 i\u00e7in \u00f6zellikle ve \u00f6zellikle s\u00f6yl\u00fcyorum, bas\u0131n\u0131m\u0131z da halk\u0131 bilgilendirme konusunda bu s\u00fcreci dikkatle takip etsin. Y\u00fcz\u00fc maskeli, eli silahl\u0131 ki\u015filerin Okmeydan\u0131 b\u00f6lgesini ve \u0130stanbulumuzu kar\u0131\u015ft\u0131rma y\u00f6n\u00fcndeki faaliyetlerini hep birlikte izleyiniz. Biz de izliyoruz ve bunlarla gerekli i\u015flemleri de yapaca\u011f\u0131z. Vatanda\u015f\u0131m\u0131z da bunu \u00e7ok net g\u00f6rs\u00fcn. Vatanda\u015flar\u0131n da bu olaylar\u0131n bulundu\u011fu b\u00f6lgelerde g\u00fcvenlikleriyle ilgili tedbirli olmalar\u0131nda fayda var.&#8221;<\/p>\n<p>&#8211; Valiler kararnamesi<\/p>\n<p>\u0130stanbul Valisi Mutlu, bir gazetecinin &#8220;Valiler kararnamesiyle g\u00f6rev yerinizin de\u011fi\u015fti\u011fi y\u00f6n\u00fcnde haberler \u00e7\u0131kt\u0131. Bu iddialar\u0131 nas\u0131l de\u011ferlendiriyorsunuz?&#8221; sorusuna &#8220;Kararnameyi g\u00f6rd\u00fcn\u00fcz. \u0130stanbulumuzda, bize nasip olan s\u00fcre i\u00e7inde g\u00f6rev yapmaya devam edece\u011fiz. Devletimizin memuruyuz. Orada veya burada g\u00f6rev yapmak \u00e7ok \u00f6nemli de\u011fil. \u0130stanbul&#8217;day\u0131z, g\u00f6revimizi s\u00fcrd\u00fcr\u00fcyoruz. Yeni kararname ile atanan valilerimize gittikleri iller hay\u0131rl\u0131 u\u011furlu olsun&#8221; kar\u015f\u0131l\u0131\u011f\u0131n\u0131 verdi.<\/p>\n<!-- Error, Advert is not available at this time due to schedule\/geolocation restrictions! -->\n","protected":false},"excerpt":{"rendered":"<p>\u0130stanbul Valisi H\u00fcseyin Avni Mutlu, Okmeydan\u0131&#8217;nda ya\u015fanan olaylar\u0131n ard\u0131ndan eli silahl\u0131, y\u00fcz\u00fc maskeli gruplar\u0131n izlendi\u011fini ve mutlaka yakalanacaklar\u0131n\u0131 s\u00f6yledi.<\/p>\n","protected":false},"author":4,"featured_media":174381,"comment_status":"open","ping_status":"open","sticky":false,"template":"","format":"standard","meta":{"_acf_changed":false,"footnotes":""},"categories":[6155,5005,6202,6805],"tags":[24758,162620,1011,98898,47687,156668,162479,162485,52192],"class_list":["post-165954","post","type-post","status-publish","format-standard","has-post-thumbnail","hentry","category-gundem","category-manset","category-politika","category-turkiye","tag-huseyin-avni-mutlu","tag-huseyin-avni-mutlu-okmeydani","tag-istanbul","tag-istanbul-valisi","tag-okmeydani","tag-okmeydani-cemevi","tag-okmeydani-olaylari","tag-ugur-kurt","tag-vali"],"acf":[],"_links":{"self":[{"href":"https:\/\/www.nationalturk.com\/tr\/wp-json\/wp\/v2\/posts\/165954","targetHints":{"allow":["GET"]}}],"collection":[{"href":"https:\/\/www.nationalturk.com\/tr\/wp-json\/wp\/v2\/posts"}],"about":[{"href":"https:\/\/www.nationalturk.com\/tr\/wp-json\/wp\/v2\/types\/post"}],"author":[{"embeddable":true,"href":"https:\/\/www.nationalturk.com\/tr\/wp-json\/wp\/v2\/users\/4"}],"replies":[{"embeddable":true,"href":"https:\/\/www.nationalturk.com\/tr\/wp-json\/wp\/v2\/comments?post=165954"}],"version-history":[{"count":1,"href":"https:\/\/www.nationalturk.com\/tr\/wp-json\/wp\/v2\/posts\/165954\/revisions"}],"predecessor-version":[{"id":306818,"href":"https:\/\/www.nationalturk.com\/tr\/wp-json\/wp\/v2\/posts\/165954\/revisions\/306818"}],"wp:featuredmedia":[{"embeddable":true,"href":"https:\/\/www.nationalturk.com\/tr\/wp-json\/wp\/v2\/media\/174381"}],"wp:attachment":[{"href":"https:\/\/www.nationalturk.com\/tr\/wp-json\/wp\/v2\/media?parent=165954"}],"wp:term":[{"taxonomy":"category","embeddable":true,"href":"https:\/\/www.nationalturk.com\/tr\/wp-json\/wp\/v2\/categories?post=165954"},{"taxonomy":"post_tag","embeddable":true,"href":"https:\/\/www.nationalturk.com\/tr\/wp-json\/wp\/v2\/tags?post=165954"}],"curies":[{"name":"wp","href":"https:\/\/api.w.org\/{rel}","templated":true}]}}