{"id":165969,"date":"2014-05-24T09:19:36","date_gmt":"2014-05-24T06:19:36","guid":{"rendered":"http:\/\/www.nationalturk.com\/?p=165969"},"modified":"2014-05-24T09:19:36","modified_gmt":"2014-05-24T06:19:36","slug":"beyaz-saray-onunde-guantanamo-eylemi-165969","status":"publish","type":"post","link":"https:\/\/www.nationalturk.com\/tr\/beyaz-saray-onunde-guantanamo-eylemi-165969\/","title":{"rendered":"Beyaz Saray \u00f6n\u00fcnde Guantanamo eylemi"},"content":{"rendered":"<h1><a href=\"http:\/\/www.nationalturk.com\/tr\/wp-content\/uploads\/2014\/05\/beyaz-saray-amerika-eylem.jpg\"><img loading=\"lazy\" decoding=\"async\" class=\"aligncenter  wp-image-165970\" alt=\"\" src=\"http:\/\/www.nationalturk.com\/tr\/wp-content\/uploads\/2014\/05\/beyaz-saray-amerika-eylem-600x400.jpg\" width=\"610\" height=\"400\" title=\"\"><\/a>ABD&#8217;de baz\u0131 sivil toplum \u00f6rg\u00fctlerinin \u00fcyeleri, Beyaz Saray \u00f6n\u00fcnde, ABD Ba\u015fkan\u0131 Barack Obama&#8217;dan, Guantanamo&#8217;yu kapatma s\u00f6z\u00fcn\u00fc tutmas\u0131n\u0131 istedi.<\/h1>\n<p>\u0130\u015fkenceye Kar\u015f\u0131 Ulusal Dini Kampanya, CodePink, Amnesty International, \u0130\u015fkenceyi Kald\u0131rma ve Kurtulanlar\u0131 Destekleme Koalisyonu ve Dorothy Day Catolik Worker adl\u0131 sivil toplum kurulu\u015flar\u0131ndan temsilciler, Beyaz Saray \u00f6n\u00fcne Guantanamo Hapishanesinin kapat\u0131lmas\u0131 i\u00e7in eylem yapt\u0131.<\/p>\n<p>Protestocular\u0131n baz\u0131lar\u0131n\u0131n \u00fczerilerine Guantanamo mahkumlar\u0131n\u0131n giysilerini giydi\u011fi ve ba\u015flar\u0131na \u00e7uvallar ge\u00e7irdi\u011fi g\u00f6r\u00fcl\u00fcrken, a\u00e7\u0131lan pankartlarda Obama&#8217;n\u0131n bu hapishaneyi kapatma s\u00f6z\u00fcn\u00fc tutmas\u0131 istendi.<\/p>\n<p>Beyaz Saray&#8217;\u0131 ziyarete gelen turistlerin de merakl\u0131 bak\u0131\u015flar\u0131 aras\u0131nda yap\u0131lan eylemde yap\u0131lan konu\u015fmalarda, Obama&#8217;dan, Guantanamo&#8217;yu kapatma y\u00f6n\u00fcndeki s\u00f6z\u00fcn\u00fc yerine getirmesi talep edildi.<\/p>\n<!-- Error, Advert is not available at this time due to schedule\/geolocation restrictions! -->\n","protected":false},"excerpt":{"rendered":"<p>ABD&#8217;de baz\u0131 sivil toplum \u00f6rg\u00fctlerinin \u00fcyeleri, Beyaz Saray \u00f6n\u00fcnde, ABD Ba\u015fkan\u0131 Barack Obama&#8217;dan, Guantanamo&#8217;yu kapatma s\u00f6z\u00fcn\u00fc tutmas\u0131n\u0131 istedi.<\/p>\n","protected":false},"author":3,"featured_media":174377,"comment_status":"open","ping_status":"open","sticky":false,"template":"","format":"standard","meta":{"_acf_changed":false,"footnotes":""},"categories":[6768,6665,6155,5005,6202],"tags":[1887,5902,5901,162678,27518,2509,140523,2936,161657,8941,162680,162679],"class_list":["post-165969","post","type-post","status-publish","format-standard","has-post-thumbnail","hentry","category-amerika","category-dunya","category-gundem","category-manset","category-politika","tag-abd","tag-abd-baskani","tag-abd-baskani-barack-obama","tag-abd-eylem","tag-amnesty-international","tag-barack-obama","tag-barack-obama-amerika","tag-beyaz-saray","tag-beyaz-saray-amerika","tag-guantanamo","tag-guantanamo-amerika","tag-guantanamo-hapishanesi"],"acf":[],"_links":{"self":[{"href":"https:\/\/www.nationalturk.com\/tr\/wp-json\/wp\/v2\/posts\/165969","targetHints":{"allow":["GET"]}}],"collection":[{"href":"https:\/\/www.nationalturk.com\/tr\/wp-json\/wp\/v2\/posts"}],"about":[{"href":"https:\/\/www.nationalturk.com\/tr\/wp-json\/wp\/v2\/types\/post"}],"author":[{"embeddable":true,"href":"https:\/\/www.nationalturk.com\/tr\/wp-json\/wp\/v2\/users\/3"}],"replies":[{"embeddable":true,"href":"https:\/\/www.nationalturk.com\/tr\/wp-json\/wp\/v2\/comments?post=165969"}],"version-history":[{"count":0,"href":"https:\/\/www.nationalturk.com\/tr\/wp-json\/wp\/v2\/posts\/165969\/revisions"}],"wp:featuredmedia":[{"embeddable":true,"href":"https:\/\/www.nationalturk.com\/tr\/wp-json\/wp\/v2\/media\/174377"}],"wp:attachment":[{"href":"https:\/\/www.nationalturk.com\/tr\/wp-json\/wp\/v2\/media?parent=165969"}],"wp:term":[{"taxonomy":"category","embeddable":true,"href":"https:\/\/www.nationalturk.com\/tr\/wp-json\/wp\/v2\/categories?post=165969"},{"taxonomy":"post_tag","embeddable":true,"href":"https:\/\/www.nationalturk.com\/tr\/wp-json\/wp\/v2\/tags?post=165969"}],"curies":[{"name":"wp","href":"https:\/\/api.w.org\/{rel}","templated":true}]}}