{"id":166230,"date":"2014-05-28T13:09:56","date_gmt":"2014-05-28T10:09:56","guid":{"rendered":"http:\/\/www.nationalturk.com\/?p=166230"},"modified":"2014-05-28T13:09:56","modified_gmt":"2014-05-28T10:09:56","slug":"devlet-bahceli-abdullah-gul-iddialarini-yalanladi-166230","status":"publish","type":"post","link":"https:\/\/www.nationalturk.com\/tr\/devlet-bahceli-abdullah-gul-iddialarini-yalanladi-166230\/","title":{"rendered":"Devlet Bah\u00e7eli, Abdullah G\u00fcl iddialar\u0131n\u0131 yalanlad\u0131"},"content":{"rendered":"<p><img loading=\"lazy\" decoding=\"async\" class=\"alignleft size-medium wp-image-166231\" alt=\"Devlet Bah\u00e7eli\" src=\"http:\/\/www.nationalturk.com\/tr\/wp-content\/uploads\/2014\/05\/devlet_bahceli_ulkucu_sehitler-280x192.jpg\" width=\"280\" height=\"192\" title=\"\" srcset=\"https:\/\/www.nationalturk.com\/tr\/wp-content\/uploads\/2014\/05\/devlet_bahceli_ulkucu_sehitler-280x192.jpg 280w, https:\/\/www.nationalturk.com\/tr\/wp-content\/uploads\/2014\/05\/devlet_bahceli_ulkucu_sehitler-581x400.jpg 581w, https:\/\/www.nationalturk.com\/tr\/wp-content\/uploads\/2014\/05\/devlet_bahceli_ulkucu_sehitler.jpg 1163w\" sizes=\"auto, (max-width: 280px) 100vw, 280px\" \/><\/p>\n<h1>Cumhurba\u015fkan\u0131 Abdullah G\u00fcl&#8217;e, Ba\u015fbakan Erdo\u011fan&#8217;\u0131n kar\u015f\u0131s\u0131nda Cumhurba\u015fkan\u0131 aday\u0131 olmas\u0131 i\u00e7in teklifte bulundu\u011fu iddia edilen MHP Genel Ba\u015fkan\u0131 Devlet Bah\u00e7eli bu iddiay\u0131 yalanlad\u0131.<\/h1>\n<p>MHP Lideri Devlet Bah\u00e7eli, Abdullah G\u00fcl&#8217;e &#8216;Cumhurba\u015fkan\u0131 aday\u0131m\u0131z olun&#8217; teklifinde bulundu\u011fu iddialar\u0131n\u0131 yalanlad\u0131.\u00a0MHP Lideri Bah\u00e7eli&#8217;ye, BBP Genel Ba\u015fkan\u0131 Mustafa Destici&#8217;ye yapt\u0131\u011f\u0131 ziyaretin ard\u0131ndan iddia soruldu.\u00a0S\u00f6zlerine bas\u0131na sayg\u0131s\u0131 oldu\u011funu s\u00f6yleyerek ba\u015flayan Bah\u00e7eli, &#8220;Bas\u0131nda her yaz\u0131lan\u0131n da do\u011fru olmad\u0131\u011f\u0131 kanaatindeyim. Say\u0131n Cumhurba\u015fkan\u0131m\u0131za e\u011fer bir \u00f6neride bulunmu\u015fsak ayn\u0131 k\u00f6kten gelen karde\u015f bir partiye bu \u00f6neriyi niye saklayal\u0131m? De\u011fil mi?&#8221; diyerek iddiay\u0131 yalanlad\u0131.<\/p>\n<p>Ancak Bah\u00e7eli&#8217;nin bu s\u00f6zleri yeni bir merak uyand\u0131rd\u0131. &#8220;Ayn\u0131 k\u00f6kten gelen karde\u015f bir partiye bu \u00f6neriyi niye saklayal\u0131m?&#8221; s\u00f6zleri &#8220;Destici&#8217;ye teklifte mi bulundu?&#8221; yorumlar\u0131na neden oldu.<\/p>\n<!-- Error, Advert is not available at this time due to schedule\/geolocation restrictions! -->\n","protected":false},"excerpt":{"rendered":"<p>Cumhurba\u015fkan\u0131 Abdullah G\u00fcl&#8217;e, Ba\u015fbakan Erdo\u011fan&#8217;\u0131n kar\u015f\u0131s\u0131nda Cumhurba\u015fkan\u0131 aday\u0131 olmas\u0131 i\u00e7in teklifte bulundu\u011fu iddia edilen MHP Genel Ba\u015fkan\u0131 Devlet Bah\u00e7eli bu iddiay\u0131 yalanlad\u0131.<\/p>\n","protected":false},"author":4,"featured_media":174337,"comment_status":"open","ping_status":"open","sticky":false,"template":"","format":"standard","meta":{"_acf_changed":false,"footnotes":""},"categories":[6155,5005,6202,349,6805],"tags":[37484,31891,10829,158722,83310],"class_list":["post-166230","post","type-post","status-publish","format-standard","has-post-thumbnail","hentry","category-gundem","category-manset","category-politika","category-son-dakika","category-turkiye","tag-bahceli","tag-cumhurbaskanligi-secimleri","tag-mhp","tag-mhp-cumhurbaskani-adayi","tag-mustafa-destici"],"acf":[],"_links":{"self":[{"href":"https:\/\/www.nationalturk.com\/tr\/wp-json\/wp\/v2\/posts\/166230","targetHints":{"allow":["GET"]}}],"collection":[{"href":"https:\/\/www.nationalturk.com\/tr\/wp-json\/wp\/v2\/posts"}],"about":[{"href":"https:\/\/www.nationalturk.com\/tr\/wp-json\/wp\/v2\/types\/post"}],"author":[{"embeddable":true,"href":"https:\/\/www.nationalturk.com\/tr\/wp-json\/wp\/v2\/users\/4"}],"replies":[{"embeddable":true,"href":"https:\/\/www.nationalturk.com\/tr\/wp-json\/wp\/v2\/comments?post=166230"}],"version-history":[{"count":0,"href":"https:\/\/www.nationalturk.com\/tr\/wp-json\/wp\/v2\/posts\/166230\/revisions"}],"wp:featuredmedia":[{"embeddable":true,"href":"https:\/\/www.nationalturk.com\/tr\/wp-json\/wp\/v2\/media\/174337"}],"wp:attachment":[{"href":"https:\/\/www.nationalturk.com\/tr\/wp-json\/wp\/v2\/media?parent=166230"}],"wp:term":[{"taxonomy":"category","embeddable":true,"href":"https:\/\/www.nationalturk.com\/tr\/wp-json\/wp\/v2\/categories?post=166230"},{"taxonomy":"post_tag","embeddable":true,"href":"https:\/\/www.nationalturk.com\/tr\/wp-json\/wp\/v2\/tags?post=166230"}],"curies":[{"name":"wp","href":"https:\/\/api.w.org\/{rel}","templated":true}]}}