{"id":166239,"date":"2014-05-28T14:26:19","date_gmt":"2014-05-28T11:26:19","guid":{"rendered":"http:\/\/www.nationalturk.com\/?p=166239"},"modified":"2014-05-28T14:26:19","modified_gmt":"2014-05-28T11:26:19","slug":"irina-shayk-turkce-mesaj-166239","status":"publish","type":"post","link":"https:\/\/www.nationalturk.com\/tr\/irina-shayk-turkce-mesaj-166239\/","title":{"rendered":"Irina Shayk&#8217;tan T\u00fcrk\u00e7e mesaj"},"content":{"rendered":"<h1><a href=\"http:\/\/www.nationalturk.com\/tr\/wp-content\/uploads\/2014\/05\/irina-Shayk-antalya.jpg\"><img loading=\"lazy\" decoding=\"async\" class=\"aligncenter size-full wp-image-166241\" alt=\"\" src=\"http:\/\/www.nationalturk.com\/tr\/wp-content\/uploads\/2014\/05\/irina-Shayk-antalya.jpg\" width=\"610\" height=\"381\" title=\"\" srcset=\"https:\/\/www.nationalturk.com\/tr\/wp-content\/uploads\/2014\/05\/irina-Shayk-antalya.jpg 610w, https:\/\/www.nationalturk.com\/tr\/wp-content\/uploads\/2014\/05\/irina-Shayk-antalya-280x174.jpg 280w\" sizes=\"auto, (max-width: 610px) 100vw, 610px\" \/><\/a>Antalya&#8217;da d\u00fczenlenecek moda organizasyonunda podyuma \u00e7\u0131kacak Rus model Irina Shayk, Facebook ve Twitter hesab\u0131ndan T\u00fcrk\u00e7e mesaj yay\u0131mlad\u0131.<\/h1>\n<p>Antalya&#8217;da 5-11 Haziran tarihleri aras\u0131nda ger\u00e7ekle\u015ftirilecek Dosso Dossi Fashion Show&#8217;da ba\u015f manken olarak podyuma \u00e7\u0131kacak olan top model Irina Shayk, Facebook ve Twitter hesab\u0131ndan, &#8220;Merhaba T\u00fcrkiye, Merhaba Dosso Dossi Fashion Show, 6 Haziran&#8217;da Antalya&#8217;da bulu\u015fmak \u00fczere&#8221; dedi.<\/p>\n<p>Antalya Expo Center&#8217;da podyuma \u00e7\u0131kacak Irina Shayk, baz\u0131 \u00fcnl\u00fc markalar\u0131n elbiselerini sunacak.<\/p>\n<p>S\u00f6z konusu organizasyon, \u00f6nceki y\u0131llarda Adriana Lima, Isabeli Fontana, Erin Heatherton ve Miranda Kerr gibi isimleri de Antalya&#8217;da podyuma \u00e7\u0131karm\u0131\u015ft\u0131.<\/p>\n<!-- Error, Advert is not available at this time due to schedule\/geolocation restrictions! -->\n","protected":false},"excerpt":{"rendered":"<p>Antalya&#8217;da d\u00fczenlenecek moda organizasyonunda podyuma \u00e7\u0131kacak Rus model Irina Shayk, Facebook ve Twitter hesab\u0131ndan T\u00fcrk\u00e7e mesaj yay\u0131mlad\u0131.<\/p>\n","protected":false},"author":3,"featured_media":166241,"comment_status":"open","ping_status":"open","sticky":false,"template":"","format":"standard","meta":{"_acf_changed":false,"footnotes":""},"categories":[6232,6229],"tags":[5442,730,45126,2679,2680,99680,4905,34721,159085,163019,142970,163020,6975],"class_list":["post-166239","post","type-post","status-publish","format-standard","has-post-thumbnail","hentry","category-magazin","category-moda","tag-adriana-lima","tag-antalya","tag-antalya-expo-center","tag-dosso-dossi","tag-dosso-dossi-fashion-show","tag-erin-heatherton","tag-facebook","tag-irina-shayk","tag-irina-shayk-antalya","tag-irina-shayk-instagram","tag-irina-shayk-twitter","tag-isabeli-fontana","tag-miranda-kerr"],"acf":[],"_links":{"self":[{"href":"https:\/\/www.nationalturk.com\/tr\/wp-json\/wp\/v2\/posts\/166239","targetHints":{"allow":["GET"]}}],"collection":[{"href":"https:\/\/www.nationalturk.com\/tr\/wp-json\/wp\/v2\/posts"}],"about":[{"href":"https:\/\/www.nationalturk.com\/tr\/wp-json\/wp\/v2\/types\/post"}],"author":[{"embeddable":true,"href":"https:\/\/www.nationalturk.com\/tr\/wp-json\/wp\/v2\/users\/3"}],"replies":[{"embeddable":true,"href":"https:\/\/www.nationalturk.com\/tr\/wp-json\/wp\/v2\/comments?post=166239"}],"version-history":[{"count":0,"href":"https:\/\/www.nationalturk.com\/tr\/wp-json\/wp\/v2\/posts\/166239\/revisions"}],"wp:featuredmedia":[{"embeddable":true,"href":"https:\/\/www.nationalturk.com\/tr\/wp-json\/wp\/v2\/media\/166241"}],"wp:attachment":[{"href":"https:\/\/www.nationalturk.com\/tr\/wp-json\/wp\/v2\/media?parent=166239"}],"wp:term":[{"taxonomy":"category","embeddable":true,"href":"https:\/\/www.nationalturk.com\/tr\/wp-json\/wp\/v2\/categories?post=166239"},{"taxonomy":"post_tag","embeddable":true,"href":"https:\/\/www.nationalturk.com\/tr\/wp-json\/wp\/v2\/tags?post=166239"}],"curies":[{"name":"wp","href":"https:\/\/api.w.org\/{rel}","templated":true}]}}