{"id":166581,"date":"2014-06-02T16:22:04","date_gmt":"2014-06-02T13:22:04","guid":{"rendered":"http:\/\/www.nationalturk.com\/?p=166581"},"modified":"2014-06-02T16:23:47","modified_gmt":"2014-06-02T13:23:47","slug":"roma-olimpiyat-stadinda-papaya-meksika-dalgasi-166581","status":"publish","type":"post","link":"https:\/\/www.nationalturk.com\/tr\/roma-olimpiyat-stadinda-papaya-meksika-dalgasi-166581\/","title":{"rendered":"Roma Olimpiyat Stad\u0131&#8217;nda Papa&#8217;ya Meksika dalgas\u0131!"},"content":{"rendered":"<p><img loading=\"lazy\" decoding=\"async\" class=\"alignnone size-large wp-image-166582\" alt=\"Papa Roma Olimpiyat Stad\u0131\" src=\"http:\/\/www.nationalturk.com\/tr\/wp-content\/uploads\/2014\/06\/papa_roma_olimpiyat_stadi_meksika_dalgasi-e1401715198262-610x366.jpg\" width=\"610\" height=\"366\" title=\"\" srcset=\"https:\/\/www.nationalturk.com\/tr\/wp-content\/uploads\/2014\/06\/papa_roma_olimpiyat_stadi_meksika_dalgasi-e1401715198262-610x366.jpg 610w, https:\/\/www.nationalturk.com\/tr\/wp-content\/uploads\/2014\/06\/papa_roma_olimpiyat_stadi_meksika_dalgasi-e1401715198262-280x168.jpg 280w, https:\/\/www.nationalturk.com\/tr\/wp-content\/uploads\/2014\/06\/papa_roma_olimpiyat_stadi_meksika_dalgasi-e1401715198262.jpg 1141w\" sizes=\"auto, (max-width: 610px) 100vw, 610px\" \/><\/p>\n<h1>Papa Franciscus, Katolik sivil toplum \u00f6rg\u00fct\u00fc maneviyat\u0131n yenilenmesinin 37&#8217;nci bulu\u015fmas\u0131 i\u00e7in Roma Olimpiyat Stad\u0131&#8217;nda d\u00fczenlenen etkinli\u011fe kat\u0131ld\u0131. Stadyumdaki 50 bini a\u015fk\u0131n ki\u015fi Meksika dalgas\u0131na benzer bir organizasyon da yapt\u0131.<\/h1>\n<p>Katolik aleminin ruhani lideri Papa Franciscus, Katolik sivil toplum \u00f6rg\u00fct\u00fc maneviyat\u0131n yenilenmesinin 37&#8217;nci bulu\u015fmas\u0131 i\u00e7in Roma Olimpiyat Stad\u0131&#8217;nda d\u00fczenledi\u011fi etkinli\u011fe kat\u0131ld\u0131.\u00a0\u00c7o\u011funlu\u011fu \u0130talyan olmak \u00fczere 52 \u00fclkeden temsilcinin bulundu\u011fu 52 bin ki\u015finin kat\u0131ld\u0131\u011f\u0131 organizasyonda Papa, trib\u00fcnleri dolduran inananlarca kartonlardan yap\u0131lan koreografiler ve \u015fark\u0131larla co\u015fkuyla kar\u015f\u0131land\u0131.<\/p>\n<p><span style=\"line-height: 1.5em;\">Papa burada yapt\u0131\u011f\u0131 konu\u015fmada rahiplere ve din g\u00f6revlilerine halka yak\u0131n olmalar\u0131, ailelere de \u015feytan kar\u015f\u0131s\u0131nda dikkatli olmalar\u0131 telkininde bulundu. Soru soranlar\u0131n aras\u0131nda ya\u015fl\u0131lar\u0131n olmad\u0131\u011f\u0131na dikkati \u00e7eken Papa, kilisenin bilge ki\u015fileri olarak niteledi\u011fi ya\u015fl\u0131 insanlar\u0131n inan\u00e7lar\u0131n\u0131n teminat\u0131 oldu\u011funu belirtti.\u00a0<\/span>Papa, etkinli\u011fin kendisine Arjantin&#8217;in ba\u015fkenti Buenos Aires&#8217;teki organizasyonu hat\u0131rlatt\u0131\u011f\u0131n\u0131 belirterek, d\u00fczenleyicilere kendisini evinde gibi hissettirdikleri i\u00e7in te\u015fekk\u00fcr etti.<\/p>\n<p>Aralar\u0131nda \u00e7ok say\u0131da din adam\u0131 da bulunan kat\u0131l\u0131mc\u0131lar, Papa i\u00e7in bir trib\u00fcn g\u00f6sterisi olan Meksika Dalgas\u0131 ile kartonlardan haz\u0131rlanm\u0131\u015f koreografiler yapt\u0131.<\/p>\n<!-- Error, Advert is not available at this time due to schedule\/geolocation restrictions! -->\n","protected":false},"excerpt":{"rendered":"<p>Papa Franciscus, Katolik sivil toplum \u00f6rg\u00fct\u00fc maneviyat\u0131n yenilenmesinin 37&#8217;nci bulu\u015fmas\u0131 i\u00e7in Roma Olimpiyat Stad\u0131&#8217;nda d\u00fczenlenen etkinli\u011fe kat\u0131ld\u0131. Stadyumdaki 50 bini a\u015fk\u0131n ki\u015fi Meksika dalgas\u0131na benzer bir organizasyon da yapt\u0131.<\/p>\n","protected":false},"author":4,"featured_media":174273,"comment_status":"open","ping_status":"open","sticky":false,"template":"","format":"standard","meta":{"_acf_changed":false,"footnotes":""},"categories":[6770,6665,6155,5005,6202],"tags":[827,9129,147372,124510,831],"class_list":["post-166581","post","type-post","status-publish","format-standard","has-post-thumbnail","hentry","category-avrupa","category-dunya","category-gundem","category-manset","category-politika","tag-meksika","tag-papa","tag-papa-franciscus","tag-papa-roma","tag-roma-olimpiyat-stadi"],"acf":[],"_links":{"self":[{"href":"https:\/\/www.nationalturk.com\/tr\/wp-json\/wp\/v2\/posts\/166581","targetHints":{"allow":["GET"]}}],"collection":[{"href":"https:\/\/www.nationalturk.com\/tr\/wp-json\/wp\/v2\/posts"}],"about":[{"href":"https:\/\/www.nationalturk.com\/tr\/wp-json\/wp\/v2\/types\/post"}],"author":[{"embeddable":true,"href":"https:\/\/www.nationalturk.com\/tr\/wp-json\/wp\/v2\/users\/4"}],"replies":[{"embeddable":true,"href":"https:\/\/www.nationalturk.com\/tr\/wp-json\/wp\/v2\/comments?post=166581"}],"version-history":[{"count":0,"href":"https:\/\/www.nationalturk.com\/tr\/wp-json\/wp\/v2\/posts\/166581\/revisions"}],"wp:featuredmedia":[{"embeddable":true,"href":"https:\/\/www.nationalturk.com\/tr\/wp-json\/wp\/v2\/media\/174273"}],"wp:attachment":[{"href":"https:\/\/www.nationalturk.com\/tr\/wp-json\/wp\/v2\/media?parent=166581"}],"wp:term":[{"taxonomy":"category","embeddable":true,"href":"https:\/\/www.nationalturk.com\/tr\/wp-json\/wp\/v2\/categories?post=166581"},{"taxonomy":"post_tag","embeddable":true,"href":"https:\/\/www.nationalturk.com\/tr\/wp-json\/wp\/v2\/tags?post=166581"}],"curies":[{"name":"wp","href":"https:\/\/api.w.org\/{rel}","templated":true}]}}