{"id":166961,"date":"2014-06-06T17:17:42","date_gmt":"2014-06-06T14:17:42","guid":{"rendered":"http:\/\/www.nationalturk.com\/?p=166961"},"modified":"2014-06-06T17:17:42","modified_gmt":"2014-06-06T14:17:42","slug":"brezilyali-stoper-siqueira-atletico-madridde-166961","status":"publish","type":"post","link":"https:\/\/www.nationalturk.com\/tr\/brezilyali-stoper-siqueira-atletico-madridde-166961\/","title":{"rendered":"Brezilyal\u0131 stoper Siqueira Atletico Madrid&#8217;de"},"content":{"rendered":"<p><img loading=\"lazy\" decoding=\"async\" class=\"alignnone size-large wp-image-166962\" alt=\"Guilherme Siqueira\" src=\"http:\/\/www.nationalturk.com\/tr\/wp-content\/uploads\/2014\/06\/Guilherme-Siqueira-610x381.jpg\" width=\"610\" height=\"381\" title=\"\" srcset=\"https:\/\/www.nationalturk.com\/tr\/wp-content\/uploads\/2014\/06\/Guilherme-Siqueira-610x381.jpg 610w, https:\/\/www.nationalturk.com\/tr\/wp-content\/uploads\/2014\/06\/Guilherme-Siqueira-280x175.jpg 280w, https:\/\/www.nationalturk.com\/tr\/wp-content\/uploads\/2014\/06\/Guilherme-Siqueira.jpg 620w\" sizes=\"auto, (max-width: 610px) 100vw, 610px\" \/><\/p>\n<h1>\u0130spanya \u015fampiyonu Atletico Madrid, Granada&#8217;n\u0131n defans oyuncusu Guilherme Siqueira ile anla\u015fmaya vard\u0131.<\/h1>\n<p>Kul\u00fcb\u00fcn internet sitesinden yap\u0131lan a\u00e7\u0131klamada, 28 ya\u015f\u0131ndaki defans oyuncusunun sa\u011fl\u0131k kontrol\u00fcnden ge\u00e7mesinin ard\u0131ndan 4 y\u0131l\u0131k s\u00f6zle\u015fmeye imza ataca\u011f\u0131 belirtildi.<\/p>\n<p>\u0130nter ve Udinese&#8217;de forma giymesinin ard\u0131ndan 2010&#8217;da Granada&#8217;ya transfer olan Brezilyal\u0131 Siqueira, ge\u00e7en sezonu Benfica&#8217;da kiral\u0131k ge\u00e7irmi\u015fti.\u00a0Transfer d\u00f6nemine h\u0131zla ba\u015flayan Atletico Madrid, Getafe&#8217;nin kalecisi Miguel Angel Moya&#8217;y\u0131 da kadrosuna katm\u0131\u015ft\u0131.<\/p>\n<!-- Error, Advert is not available at this time due to schedule\/geolocation restrictions! -->\n","protected":false},"excerpt":{"rendered":"<p>\u0130spanya \u015fampiyonu Atletico Madrid, Granada&#8217;n\u0131n defans oyuncusu Guilherme Siqueira ile anla\u015fmaya vard\u0131.<\/p>\n","protected":false},"author":4,"featured_media":174213,"comment_status":"open","ping_status":"open","sticky":false,"template":"","format":"standard","meta":{"_acf_changed":false,"footnotes":""},"categories":[6774,6194],"tags":[159052,78655,15],"class_list":["post-166961","post","type-post","status-publish","format-standard","has-post-thumbnail","hentry","category-futbol","category-spor","tag-atletico-madrid-transfer","tag-granada","tag-ispanya"],"acf":[],"_links":{"self":[{"href":"https:\/\/www.nationalturk.com\/tr\/wp-json\/wp\/v2\/posts\/166961","targetHints":{"allow":["GET"]}}],"collection":[{"href":"https:\/\/www.nationalturk.com\/tr\/wp-json\/wp\/v2\/posts"}],"about":[{"href":"https:\/\/www.nationalturk.com\/tr\/wp-json\/wp\/v2\/types\/post"}],"author":[{"embeddable":true,"href":"https:\/\/www.nationalturk.com\/tr\/wp-json\/wp\/v2\/users\/4"}],"replies":[{"embeddable":true,"href":"https:\/\/www.nationalturk.com\/tr\/wp-json\/wp\/v2\/comments?post=166961"}],"version-history":[{"count":0,"href":"https:\/\/www.nationalturk.com\/tr\/wp-json\/wp\/v2\/posts\/166961\/revisions"}],"wp:featuredmedia":[{"embeddable":true,"href":"https:\/\/www.nationalturk.com\/tr\/wp-json\/wp\/v2\/media\/174213"}],"wp:attachment":[{"href":"https:\/\/www.nationalturk.com\/tr\/wp-json\/wp\/v2\/media?parent=166961"}],"wp:term":[{"taxonomy":"category","embeddable":true,"href":"https:\/\/www.nationalturk.com\/tr\/wp-json\/wp\/v2\/categories?post=166961"},{"taxonomy":"post_tag","embeddable":true,"href":"https:\/\/www.nationalturk.com\/tr\/wp-json\/wp\/v2\/tags?post=166961"}],"curies":[{"name":"wp","href":"https:\/\/api.w.org\/{rel}","templated":true}]}}