{"id":167016,"date":"2014-06-09T10:31:53","date_gmt":"2014-06-09T07:31:53","guid":{"rendered":"http:\/\/www.nationalturk.com\/?p=167016"},"modified":"2014-06-09T10:31:53","modified_gmt":"2014-06-09T07:31:53","slug":"yeniden-yargilama-ihtimali-fenerbahce-hisselerini-ucurdu-167016","status":"publish","type":"post","link":"https:\/\/www.nationalturk.com\/tr\/yeniden-yargilama-ihtimali-fenerbahce-hisselerini-ucurdu-167016\/","title":{"rendered":"Yeniden yarg\u0131lama ihtimali Fenerbah\u00e7e hisselerini u\u00e7urdu"},"content":{"rendered":"<p><img loading=\"lazy\" decoding=\"async\" class=\"alignnone size-large wp-image-167018\" alt=\"Aziz Y\u0131ld\u0131r\u0131m\" src=\"http:\/\/www.nationalturk.com\/tr\/wp-content\/uploads\/2014\/06\/aziz__yildirim__adliye-610x338.jpg\" width=\"610\" height=\"338\" title=\"\" srcset=\"https:\/\/www.nationalturk.com\/tr\/wp-content\/uploads\/2014\/06\/aziz__yildirim__adliye-610x338.jpg 610w, https:\/\/www.nationalturk.com\/tr\/wp-content\/uploads\/2014\/06\/aziz__yildirim__adliye-280x155.jpg 280w, https:\/\/www.nationalturk.com\/tr\/wp-content\/uploads\/2014\/06\/aziz__yildirim__adliye.jpg 630w\" sizes=\"auto, (max-width: 610px) 100vw, 610px\" \/><\/p>\n<h1>\u0130stanbul Cumhuriyet Ba\u015fsavc\u0131l\u0131\u011f\u0131&#8217;n\u0131n futbolda \u015fike davas\u0131 i\u00e7in yeniden yarg\u0131lama talep etmesinin ard\u0131ndan Fenerbah\u00e7e hisseleri haftaya y\u00fczde 4&#8217;\u00fcn \u00fczerinde y\u00fckseli\u015fle ba\u015flad\u0131.<\/h1>\n<p>Borsa \u0130stanbul&#8217;da i\u015flem g\u00f6ren Fenerbah\u00e7e Futbol A\u015e hisse senetleri, yeni haftaya \u0130stanbul Cumhuriyet Ba\u015fsavc\u0131l\u0131\u011f\u0131&#8217;n\u0131n &#8220;Futbolda \u015fike&#8221; davas\u0131 ile ilgili yarg\u0131laman\u0131n yenilenmesi talebinin ard\u0131ndan y\u00fczde 4&#8217;\u00fcn \u00fczerinde y\u00fckseli\u015fle ba\u015flad\u0131.<\/p>\n<p>\u0130stanbul Cumhuriyet Ba\u015fsavc\u0131l\u0131\u011f\u0131, &#8220;Futbolda \u015fike&#8221; davas\u0131 kapsam\u0131nda haklar\u0131nda verilen h\u00fck\u00fcmler Yarg\u0131tay taraf\u0131ndan onanan ve infaz edilmesi beklenen Fenerbah\u00e7e Spor Kul\u00fcb\u00fc Ba\u015fkan\u0131 Aziz Y\u0131ld\u0131r\u0131m ile \u0130lhan Ek\u015fio\u011flu, Abdullah Ba\u015fak ve Ahmet \u00c7elebi bak\u0131m\u0131ndan CMK&#8217;n\u0131n 311. maddesi gere\u011fince yarg\u0131laman\u0131n yenilenmesine karar verilmesini talep etmi\u015fti.<\/p>\n<p>&#8211; Fenerbah\u00e7e\u2019nin piyasa de\u011feri 854 milyon liraya y\u00fckseldi<\/p>\n<p>Ge\u00e7en haftay\u0131 32,75 liradan tamamlayan Fenerbah\u00e7e hisseleri haberin ard\u0131ndan yeni haftaya h\u0131zl\u0131 y\u00fckseli\u015fle ba\u015flad\u0131ktan sonra en y\u00fcksek 34,80 liray\u0131 g\u00f6rd\u00fc ve \u015fu dakikalarda y\u00fczde 4,42 art\u0131\u015fla 34,20 seviyelerinden i\u015flem g\u00f6r\u00fcyor. Fenerbah\u00e7e Futbol A\u015e&#8217;nin piyasa de\u011feri de bug\u00fcnk\u00fc art\u0131\u015fla 819 milyon liradan 854 milyon liraya y\u00fckselmi\u015f oldu.<\/p>\n<p>&#8211; G\u00fcn\u00fcn tek kaybettireni Trabzonspor<\/p>\n<p>\u015eu dakikalar itibariyle borsada i\u015flem g\u00f6ren spor \u015firketlerinden Be\u015fikta\u015f y\u00fczde 0,98 ve Galatasaray ise y\u00fczde 0,45 y\u00fckseli\u015fle i\u015flem g\u00f6r\u00fcrken, Trabzonspor hisseleri ise cuma g\u00fcn\u00fc kapan\u0131\u015f\u0131na g\u00f6re y\u00fczde 0,24 d\u00fc\u015f\u00fc\u015f kaydetti.<\/p>\n<!-- Error, Advert is not available at this time due to schedule\/geolocation restrictions! -->\n","protected":false},"excerpt":{"rendered":"<p>\u0130stanbul Cumhuriyet Ba\u015fsavc\u0131l\u0131\u011f\u0131&#8217;n\u0131n futbolda \u015fike davas\u0131 i\u00e7in yeniden yarg\u0131lama talep etmesinin ard\u0131ndan Fenerbah\u00e7e hisseleri haftaya y\u00fczde 4&#8217;\u00fcn \u00fczerinde y\u00fckseli\u015fle ba\u015flad\u0131.<\/p>\n","protected":false},"author":4,"featured_media":174204,"comment_status":"open","ping_status":"open","sticky":false,"template":"","format":"standard","meta":{"_acf_changed":false,"footnotes":""},"categories":[6774,5005,6194,6805],"tags":[5058,164097,1748,849,78400,74666,10086,152199],"class_list":["post-167016","post","type-post","status-publish","format-standard","has-post-thumbnail","hentry","category-futbol","category-manset","category-spor","category-turkiye","tag-aziz-yildirim","tag-aziz-yildirim-yeniden-yargilama","tag-besiktas","tag-fenerbahce","tag-fenerbahce-hisseleri","tag-ilhan-eksioglu","tag-istanbul-cumhuriyet-bassavciligi","tag-yeniden-yargilama"],"acf":[],"_links":{"self":[{"href":"https:\/\/www.nationalturk.com\/tr\/wp-json\/wp\/v2\/posts\/167016","targetHints":{"allow":["GET"]}}],"collection":[{"href":"https:\/\/www.nationalturk.com\/tr\/wp-json\/wp\/v2\/posts"}],"about":[{"href":"https:\/\/www.nationalturk.com\/tr\/wp-json\/wp\/v2\/types\/post"}],"author":[{"embeddable":true,"href":"https:\/\/www.nationalturk.com\/tr\/wp-json\/wp\/v2\/users\/4"}],"replies":[{"embeddable":true,"href":"https:\/\/www.nationalturk.com\/tr\/wp-json\/wp\/v2\/comments?post=167016"}],"version-history":[{"count":0,"href":"https:\/\/www.nationalturk.com\/tr\/wp-json\/wp\/v2\/posts\/167016\/revisions"}],"wp:featuredmedia":[{"embeddable":true,"href":"https:\/\/www.nationalturk.com\/tr\/wp-json\/wp\/v2\/media\/174204"}],"wp:attachment":[{"href":"https:\/\/www.nationalturk.com\/tr\/wp-json\/wp\/v2\/media?parent=167016"}],"wp:term":[{"taxonomy":"category","embeddable":true,"href":"https:\/\/www.nationalturk.com\/tr\/wp-json\/wp\/v2\/categories?post=167016"},{"taxonomy":"post_tag","embeddable":true,"href":"https:\/\/www.nationalturk.com\/tr\/wp-json\/wp\/v2\/tags?post=167016"}],"curies":[{"name":"wp","href":"https:\/\/api.w.org\/{rel}","templated":true}]}}