{"id":167044,"date":"2014-06-09T13:01:57","date_gmt":"2014-06-09T10:01:57","guid":{"rendered":"http:\/\/www.nationalturk.com\/?p=167044"},"modified":"2014-06-09T13:03:23","modified_gmt":"2014-06-09T10:03:23","slug":"sovyetler-birligi-uzay-macerasi-moskova-167044","status":"publish","type":"post","link":"https:\/\/www.nationalturk.com\/tr\/sovyetler-birligi-uzay-macerasi-moskova-167044\/","title":{"rendered":"Sovyetler Birli\u011fi&#8217;nin &#8220;Uzay maceras\u0131&#8221; Moskova&#8217;da"},"content":{"rendered":"<h1><a href=\"http:\/\/www.nationalturk.com\/tr\/wp-content\/uploads\/2014\/06\/moskova-uzay-muzesi.jpg\"><img loading=\"lazy\" decoding=\"async\" class=\"aligncenter size-full wp-image-167045\" alt=\"\" src=\"http:\/\/www.nationalturk.com\/tr\/wp-content\/uploads\/2014\/06\/moskova-uzay-muzesi.jpg\" width=\"610\" height=\"383\" title=\"\" srcset=\"https:\/\/www.nationalturk.com\/tr\/wp-content\/uploads\/2014\/06\/moskova-uzay-muzesi.jpg 610w, https:\/\/www.nationalturk.com\/tr\/wp-content\/uploads\/2014\/06\/moskova-uzay-muzesi-280x175.jpg 280w\" sizes=\"auto, (max-width: 610px) 100vw, 610px\" \/><\/a>Yuri Gagarin\u2019in giydi\u011fi k\u0131yafetten uzaya f\u0131rlat\u0131lan ilk Sovyet uydusuna, Sovyetler Birli\u011fi&#8217;nin uzay maceras\u0131, Rusya&#8217;n\u0131n ba\u015fkenti Moskova&#8217;daki m\u00fczede sergileniyor.<\/h1>\n<p>Moskova&#8217;daki Prospetk Mira b\u00f6lgesinde yer alan an\u0131t m\u00fczede, \u00fcnl\u00fc kozmonot Yuri Gagarin\u2019in giydi\u011fi k\u0131yafetten, Rus kozmonotlara ait e\u015fyalara, uzaya f\u0131rlat\u0131lan ilk Sovyet uydusundan, M\u0130R Uzay \u0130stasyonu maketine kadar Sovyetler Birli\u011fi Uzay Ajans\u0131\u2019na ait bir\u00e7ok par\u00e7ay\u0131 g\u00f6rmek m\u00fcmk\u00fcn.<\/p>\n<p>Moskova&#8217;da 1981 y\u0131l\u0131nda kurulan m\u00fcze, ihti\u015faml\u0131 g\u00f6r\u00fcn\u00fc\u015f\u00fc ve ilgin\u00e7 mimarisiyle dikkati \u00e7ekiyor. Uzay m\u00fczesinin \u00f6n\u00fcnde, d\u00f6nemin Sovyetler Birli\u011fi kozmotlar\u0131n\u0131n onuruna dikilen 100 metre uzunlu\u011funda ve roket \u015feklindeki &#8220;sayg\u0131 an\u0131t\u0131&#8221; duruyor.<\/p>\n<p>M\u00fczenin giri\u015finde ziyret\u00e7ileri, Rus uzay adam\u0131 Yuri Gagarin&#8217;in kollar\u0131n\u0131 a\u00e7m\u0131\u015f heykeli kar\u015f\u0131l\u0131yor. \u00dc\u00e7 ana b\u00f6l\u00fcmden olu\u015fan m\u00fczede \u00e7e\u015fitli uzay ekipmanlar\u0131 sergileniyor. M\u00fczede, Sovyetler Birli\u011fi\u2019ne ait uydular, uzay kaps\u00fclleri ve mekiklerin orjinalini ya da birebir maketini g\u00f6rmek m\u00fcmk\u00fcn.<\/p>\n<p>Baz\u0131 b\u00f6l\u00fcmlerde, kozmonotlar\u0131n foto\u011fraflar\u0131 ve heykellerinin yan\u0131 s\u0131ra yazd\u0131klar\u0131 mektuplar ve ki\u015fisel e\u015fyalar\u0131 da sergileniyor.<\/p>\n<p>Uzay m\u00fczesinin en \u00e7ok dikkati \u00e7eken k\u0131sm\u0131 ise 1986 y\u0131l\u0131nda uzaya g\u00f6nderilen ve farkl\u0131 \u00fclkelerden astronotlar\u0131n uzun s\u00fcreli ara\u015ft\u0131rma yapmak i\u00e7in kulland\u0131\u011f\u0131 &#8220;M\u0130R&#8221; uzay istasyonun maketinin oldu\u011fu b\u00f6l\u00fcm. M\u00fczede, 2001 y\u0131l\u0131nda g\u00f6revini tamamlamas\u0131n\u0131n ard\u0131ndan Atlas Okyanusu\u2019na d\u00fc\u015f\u00fcr\u00fclen istasyonun birebir kopyas\u0131 yer al\u0131yor.<\/p>\n<p>Okullar, Ruslar i\u00e7in b\u00fcy\u00fck \u00f6nem ta\u015f\u0131yan m\u00fczeye s\u0131kl\u0131kla geziler d\u00fczenleyerek, \u00f6\u011frencilerin Rusya&#8217;n\u0131n uzay ara\u015ft\u0131rmalar\u0131 alan\u0131ndaki tarihiyle tan\u0131\u015fmas\u0131n\u0131 hedefliyor.<\/p>\n<p>M\u00fcze&#8217;nin Direkt\u00f6r Yard\u0131mc\u0131s\u0131 Yuriy Solomko, &#8220;Bizim verilerimize g\u00f6re, m\u00fczeyi y\u0131lda 300-350 bin ki\u015fi ziyaret ediyor. Ziyaret\u00e7ilerin b\u00fcy\u00fck \u00e7o\u011funlu\u011funu gen\u00e7ler olu\u015fturuyor. Bu da bizim i\u00e7in \u00e7ok \u00f6nemli. Gen\u00e7lerin, kendi tarihine ve uzay bilimine merakl\u0131 olmas\u0131 bizi sevindiriyor&#8221; ifadelerini kulland\u0131.<\/p>\n<!-- Error, Advert is not available at this time due to schedule\/geolocation restrictions! -->\n","protected":false},"excerpt":{"rendered":"<p>Yuri Gagarin\u2019in giydi\u011fi k\u0131yafetten uzaya f\u0131rlat\u0131lan ilk Sovyet uydusuna, Sovyetler Birli\u011fi&#8217;nin uzay maceras\u0131, Rusya&#8217;n\u0131n ba\u015fkenti Moskova&#8217;daki m\u00fczede sergileniyor.<\/p>\n","protected":false},"author":3,"featured_media":167045,"comment_status":"open","ping_status":"open","sticky":false,"template":"","format":"standard","meta":{"_acf_changed":false,"footnotes":""},"categories":[6770,6665,6673,6224],"tags":[1238,151477,38758,52676,164140,66866,164136],"class_list":["post-167044","post","type-post","status-publish","format-standard","has-post-thumbnail","hentry","category-avrupa","category-dunya","category-tavsiyeler","category-teknoloji","tag-moskova","tag-moskova-muze","tag-moskova-rusya","tag-sovyetler-birligi","tag-sovyetler-birligi-rusya","tag-yuri-gagarin","tag-yuri-gagarin-rusya"],"acf":[],"_links":{"self":[{"href":"https:\/\/www.nationalturk.com\/tr\/wp-json\/wp\/v2\/posts\/167044","targetHints":{"allow":["GET"]}}],"collection":[{"href":"https:\/\/www.nationalturk.com\/tr\/wp-json\/wp\/v2\/posts"}],"about":[{"href":"https:\/\/www.nationalturk.com\/tr\/wp-json\/wp\/v2\/types\/post"}],"author":[{"embeddable":true,"href":"https:\/\/www.nationalturk.com\/tr\/wp-json\/wp\/v2\/users\/3"}],"replies":[{"embeddable":true,"href":"https:\/\/www.nationalturk.com\/tr\/wp-json\/wp\/v2\/comments?post=167044"}],"version-history":[{"count":0,"href":"https:\/\/www.nationalturk.com\/tr\/wp-json\/wp\/v2\/posts\/167044\/revisions"}],"wp:featuredmedia":[{"embeddable":true,"href":"https:\/\/www.nationalturk.com\/tr\/wp-json\/wp\/v2\/media\/167045"}],"wp:attachment":[{"href":"https:\/\/www.nationalturk.com\/tr\/wp-json\/wp\/v2\/media?parent=167044"}],"wp:term":[{"taxonomy":"category","embeddable":true,"href":"https:\/\/www.nationalturk.com\/tr\/wp-json\/wp\/v2\/categories?post=167044"},{"taxonomy":"post_tag","embeddable":true,"href":"https:\/\/www.nationalturk.com\/tr\/wp-json\/wp\/v2\/tags?post=167044"}],"curies":[{"name":"wp","href":"https:\/\/api.w.org\/{rel}","templated":true}]}}