{"id":167137,"date":"2014-06-10T14:04:15","date_gmt":"2014-06-10T11:04:15","guid":{"rendered":"http:\/\/www.nationalturk.com\/?p=167137"},"modified":"2014-06-10T14:37:57","modified_gmt":"2014-06-10T11:37:57","slug":"son-dakika-bayrak-indirme-olayinda-5-gozalti-167137","status":"publish","type":"post","link":"https:\/\/www.nationalturk.com\/tr\/son-dakika-bayrak-indirme-olayinda-5-gozalti-167137\/","title":{"rendered":"Son Dakika: Bayrak indirme olay\u0131nda 5 g\u00f6zalt\u0131"},"content":{"rendered":"<p><img loading=\"lazy\" decoding=\"async\" class=\"alignnone size-full wp-image-167140\" alt=\"Diyarbak\u0131r T\u00fcrk Bayra\u011f\u0131\" src=\"http:\/\/www.nationalturk.com\/tr\/wp-content\/uploads\/2014\/06\/diyarbakir_turk_bayragi1.jpeg\" width=\"610\" height=\"320\" title=\"\"><\/p>\n<h1>Diyarbak\u0131r&#8217;daki 2&#8217;nci Hava Kuvvet Komutanl\u0131\u011f\u0131&#8217;nda T\u00fcrk bayra\u011f\u0131n\u0131n indirilmesiyle ilgili olarak ba\u015flat\u0131lan soru\u015fturma kapsam\u0131nda Diyarbak\u0131r&#8217;da 5 ki\u015fi g\u00f6zalt\u0131na al\u0131nd\u0131. \/ Son Dakika&#8230;<\/h1>\n<p><span style=\"line-height: 1.5em;\">Lice&#8217;de \u00e7\u0131kan olaylarda hayat\u0131n\u0131 kaybeden Ramazan Baran&#8217;\u0131n Diyarbak\u0131r Yenik\u00f6y Mezarl\u0131\u011f\u0131&#8217;ndaki cenaze i\u015flemi sonras\u0131nda bir grup g\u00f6sterici\u00a0<\/span><span style=\"line-height: 1.5em;\">2&#8217;nci Hava Kuvvet Komutanl\u0131\u011f\u0131&#8217;n\u0131n n\u00f6bet\u00e7i kul\u00fcbesini ta\u015flarken, y\u00fcz\u00fc kapal\u0131 bir ki\u015fi de bayrak dire\u011fine t\u0131rmanarak T\u00fcrk bayra\u011f\u0131n\u0131 indirmi\u015fti.<\/span><\/p>\n<p>Diyarbak\u0131r Cumhuriyet Ba\u015fsavc\u0131s\u0131 Ramazan Solmaz, yapt\u0131\u011f\u0131 yaz\u0131l\u0131 a\u00e7\u0131klamada, 7 Haziran&#8217;da Lice il\u00e7esinde meydana gelen \u00e7at\u0131\u015fmada \u00f6len ki\u015finin 8 Haziran&#8217;da cenazesinin defni s\u0131ras\u0131nda, Ba\u011flar il\u00e7esi Yenik\u00f6y Mezarl\u0131\u011f\u0131nda toplanan grup i\u00e7erisinde bulunan \u015f\u00fcphelilerin, mezarl\u0131k yan\u0131ndaki 2. Taktik Hava Kuvvetleri Komutanl\u0131\u011f\u0131 kuzey tali nizamiyesinde g\u00f6nderde bulunan T\u00fcrk bayra\u011f\u0131n\u0131 indirip, f\u0131rlatt\u0131\u011f\u0131n\u0131n anla\u015f\u0131ld\u0131\u011f\u0131n\u0131 belirtti.<\/p>\n<p>T\u00fcrk bayra\u011f\u0131n\u0131 g\u00f6nderden indiren ve f\u0131rlatan ki\u015fi ile olaya kar\u0131\u015fan su\u00e7 orta\u011f\u0131 di\u011fer \u015f\u00fcpheliler hakk\u0131nda T\u00fcrk Bayra\u011f\u0131 Kanunu&#8217;nun 7. ve 8. maddesi ile T\u00fcrk Ceza Kanunu&#8217;nun 300\/1 ve 314\/2 maddesi uyar\u0131nca ba\u015flat\u0131lan soru\u015fturman\u0131n s\u00fcrd\u00fc\u011f\u00fcn\u00fc ifade eden Solmaz, soru\u015fturma kapsam\u0131nda b\u00f6lgede bulunan MOBESE kameralar\u0131n\u0131n incelemeye al\u0131nd\u0131\u011f\u0131n\u0131 kaydetti.<\/p>\n<p>Solmaz, yap\u0131lan incelemenin ard\u0131ndan 18 ya\u015f\u0131ndan b\u00fcy\u00fck oldu\u011fu \u00f6\u011frenilen 5 ki\u015finin g\u00f6zalt\u0131na al\u0131nd\u0131\u011f\u0131na de\u011finerek, \u015f\u00fcphelilerin \u0130l Emniyet M\u00fcd\u00fcrl\u00fc\u011f\u00fcndeki i\u015flemlerinin devam etti\u011fini bildirdi.<\/p>\n<p><span style=\"line-height: 1.5em;\"><!-- Error, Advert is not available at this time due to schedule\/geolocation restrictions! --><\/span><\/p>\n","protected":false},"excerpt":{"rendered":"<p>Diyarbak\u0131r&#8217;daki 2&#8217;nci Hava Kuvvet Komutanl\u0131\u011f\u0131&#8217;nda T\u00fcrk bayra\u011f\u0131n\u0131n indirilmesiyle ilgili olarak ba\u015flat\u0131lan soru\u015fturma kapsam\u0131nda Diyarbak\u0131r&#8217;da 5 ki\u015fi g\u00f6zalt\u0131na al\u0131nd\u0131. \/ Son Dakika&#8230;<\/p>\n","protected":false},"author":4,"featured_media":167140,"comment_status":"open","ping_status":"open","sticky":false,"template":"","format":"standard","meta":{"_acf_changed":false,"footnotes":""},"categories":[6155,5005,6202,349,6805],"tags":[137555,1470,111139,164158,164162,33842,164160,27382,14380,164161,22220,164159],"class_list":["post-167137","post","type-post","status-publish","format-standard","has-post-thumbnail","hentry","category-gundem","category-manset","category-politika","category-son-dakika","category-turkiye","tag-5-gozalti","tag-diyarbakir","tag-diyarbakir-2-hava-kuvvet-komutanligi","tag-diyarbakir-turk-bayragi","tag-diyarbakir-turk-bayragi-indirilme-olayi","tag-lice","tag-lice-olaylar","tag-son-dakika","tag-tsk-aciklama","tag-tsk-turk-bayragi-aciklamasi","tag-turk-bayragi","tag-turk-bayragi-indirildi"],"acf":[],"_links":{"self":[{"href":"https:\/\/www.nationalturk.com\/tr\/wp-json\/wp\/v2\/posts\/167137","targetHints":{"allow":["GET"]}}],"collection":[{"href":"https:\/\/www.nationalturk.com\/tr\/wp-json\/wp\/v2\/posts"}],"about":[{"href":"https:\/\/www.nationalturk.com\/tr\/wp-json\/wp\/v2\/types\/post"}],"author":[{"embeddable":true,"href":"https:\/\/www.nationalturk.com\/tr\/wp-json\/wp\/v2\/users\/4"}],"replies":[{"embeddable":true,"href":"https:\/\/www.nationalturk.com\/tr\/wp-json\/wp\/v2\/comments?post=167137"}],"version-history":[{"count":0,"href":"https:\/\/www.nationalturk.com\/tr\/wp-json\/wp\/v2\/posts\/167137\/revisions"}],"wp:featuredmedia":[{"embeddable":true,"href":"https:\/\/www.nationalturk.com\/tr\/wp-json\/wp\/v2\/media\/167140"}],"wp:attachment":[{"href":"https:\/\/www.nationalturk.com\/tr\/wp-json\/wp\/v2\/media?parent=167137"}],"wp:term":[{"taxonomy":"category","embeddable":true,"href":"https:\/\/www.nationalturk.com\/tr\/wp-json\/wp\/v2\/categories?post=167137"},{"taxonomy":"post_tag","embeddable":true,"href":"https:\/\/www.nationalturk.com\/tr\/wp-json\/wp\/v2\/tags?post=167137"}],"curies":[{"name":"wp","href":"https:\/\/api.w.org\/{rel}","templated":true}]}}