{"id":167142,"date":"2014-06-10T14:16:28","date_gmt":"2014-06-10T11:16:28","guid":{"rendered":"http:\/\/www.nationalturk.com\/?p=167142"},"modified":"2022-09-11T15:02:13","modified_gmt":"2022-09-11T12:02:13","slug":"en-yasli-erkek-alexander-imich-yasama-veda-etti-341","status":"publish","type":"post","link":"https:\/\/www.nationalturk.com\/tr\/en-yasli-erkek-alexander-imich-yasama-veda-etti-341\/","title":{"rendered":"En ya\u015fl\u0131 erkek Alexander Imich ya\u015fama veda etti"},"content":{"rendered":"<h1><a href=\"http:\/\/www.nationalturk.com\/tr\/wp-content\/uploads\/2014\/06\/Alexander_Imich.jpg\"><img loading=\"lazy\" decoding=\"async\" class=\"alignnone size-full wp-image-167143\" alt=\"Alexander_Imich\" src=\"http:\/\/www.nationalturk.com\/tr\/wp-content\/uploads\/2014\/06\/Alexander_Imich.jpg\" width=\"600\" height=\"410\" title=\"\"><\/a><\/h1>\n<h1>En ya\u015fl\u0131 erkek olarak Guinness Rekorlar Kitab\u0131&#8217;na giren Alexander Imich 111 ya\u015f\u0131nda ya\u015fama veda etti<\/h1>\n<p>Rekorlar kitab\u0131na en ya\u015fl\u0131 erkek olarak ad\u0131n\u0131 yazd\u0131ran Alexander Imich 111 ya\u015f\u0131nda ya\u015fama veda etti. Ye\u011feninin a\u00e7\u0131klamas\u0131na g\u00f6re Manhattan&#8217;daki evinde ya\u015fama veda eden Imich&#8217;in sa\u011fl\u0131k durumunun son haftalarda k\u00f6t\u00fcye gitti\u011fini belirten ye\u011feni Karen Bogen, d\u00fczenli hayat\u0131 ve genetik miras\u0131 sayesinde bu ya\u015fa geldi\u011fini ifade etmi\u015fti.<\/p>\n<h2>D\u00fcnyan\u0131n en ya\u015fl\u0131 insanlar\u0131 Japonya&#8217;da<\/h2>\n<p>Alexander Imich&#8217;in \u00f6l\u00fcm\u00fcn\u00fcn ard\u0131ndan d\u00fcnyan\u0131n en ya\u015fl\u0131 erke\u011fi ya\u015f\u0131t\u0131 Japon Sakari Momoi oldu ancak d\u00fcnyan\u0131n en ya\u015fl\u0131 insan\u0131 \u00fcnvan\u0131 hala bir kad\u0131n\u0131n elinde. 116 ya\u015f\u0131nda oldu\u011fu belirtilen Misao Okawa, d\u00fcnyan\u0131n en ya\u015fl\u0131 insan\u0131 olarak biliniyor.<\/p>\n<!-- Error, Advert is not available at this time due to schedule\/geolocation restrictions! -->\n","protected":false},"excerpt":{"rendered":"<p>En ya\u015fl\u0131 erkek olarak Guinness Rekorlar Kitab\u0131&#8217;na giren Alexander Imich 111 ya\u015f\u0131nda ya\u015fama veda etti<\/p>\n","protected":false},"author":816,"featured_media":167143,"comment_status":"open","ping_status":"open","sticky":false,"template":"","format":"standard","meta":{"_acf_changed":false,"footnotes":""},"categories":[6667,6669,220816,6662],"tags":[54904,60495,863,164273,164274],"class_list":["post-167142","post","type-post","status-publish","format-standard","has-post-thumbnail","hentry","category-medya","category-saglik","category-uzak-dogu","category-yasam","tag-guinness","tag-guinness-rekorlar-kitabi","tag-japonya","tag-misao-okawa","tag-sakari-momoi"],"acf":[],"_links":{"self":[{"href":"https:\/\/www.nationalturk.com\/tr\/wp-json\/wp\/v2\/posts\/167142","targetHints":{"allow":["GET"]}}],"collection":[{"href":"https:\/\/www.nationalturk.com\/tr\/wp-json\/wp\/v2\/posts"}],"about":[{"href":"https:\/\/www.nationalturk.com\/tr\/wp-json\/wp\/v2\/types\/post"}],"author":[{"embeddable":true,"href":"https:\/\/www.nationalturk.com\/tr\/wp-json\/wp\/v2\/users\/816"}],"replies":[{"embeddable":true,"href":"https:\/\/www.nationalturk.com\/tr\/wp-json\/wp\/v2\/comments?post=167142"}],"version-history":[{"count":0,"href":"https:\/\/www.nationalturk.com\/tr\/wp-json\/wp\/v2\/posts\/167142\/revisions"}],"wp:featuredmedia":[{"embeddable":true,"href":"https:\/\/www.nationalturk.com\/tr\/wp-json\/wp\/v2\/media\/167143"}],"wp:attachment":[{"href":"https:\/\/www.nationalturk.com\/tr\/wp-json\/wp\/v2\/media?parent=167142"}],"wp:term":[{"taxonomy":"category","embeddable":true,"href":"https:\/\/www.nationalturk.com\/tr\/wp-json\/wp\/v2\/categories?post=167142"},{"taxonomy":"post_tag","embeddable":true,"href":"https:\/\/www.nationalturk.com\/tr\/wp-json\/wp\/v2\/tags?post=167142"}],"curies":[{"name":"wp","href":"https:\/\/api.w.org\/{rel}","templated":true}]}}