{"id":167386,"date":"2014-06-12T13:53:39","date_gmt":"2014-06-12T10:53:39","guid":{"rendered":"http:\/\/www.nationalturk.com\/?p=167386"},"modified":"2014-06-12T13:53:39","modified_gmt":"2014-06-12T10:53:39","slug":"son-dakika-30-tir-soforu-serbest-birakildi-167386","status":"publish","type":"post","link":"https:\/\/www.nationalturk.com\/tr\/son-dakika-30-tir-soforu-serbest-birakildi-167386\/","title":{"rendered":"Son Dakika: 30 TIR \u015fof\u00f6r\u00fc serbest b\u0131rak\u0131ld\u0131"},"content":{"rendered":"<p><img loading=\"lazy\" decoding=\"async\" class=\"alignleft size-medium wp-image-167387\" alt=\"\" src=\"http:\/\/www.nationalturk.com\/tr\/wp-content\/uploads\/2014\/06\/son-dakika-dikey6-206x220.jpg\" width=\"206\" height=\"220\" title=\"\" srcset=\"https:\/\/www.nationalturk.com\/tr\/wp-content\/uploads\/2014\/06\/son-dakika-dikey6-206x220.jpg 206w, https:\/\/www.nationalturk.com\/tr\/wp-content\/uploads\/2014\/06\/son-dakika-dikey6.jpg 300w\" sizes=\"auto, (max-width: 206px) 100vw, 206px\" \/><\/p>\n<h1>TIR \u015eof\u00f6rleri Derne\u011fi Ba\u015fkan\u0131 \u00c7etin \u00dcnl\u00fc, Habert\u00fcrk televizyonunda yapt\u0131\u011f\u0131 a\u00e7\u0131klamada, &#8216;Rehin \u015fof\u00f6rlerden 30\u2032u serbest b\u0131rak\u0131ld\u0131. Sa\u011fl\u0131k durumlar\u0131 iyi&#8217; dedi.<\/h1>\n<!-- Error, Advert is not available at this time due to schedule\/geolocation restrictions! -->\n","protected":false},"excerpt":{"rendered":"<p>TIR \u015eof\u00f6rleri Derne\u011fi Ba\u015fkan\u0131 \u00c7etin \u00dcnl\u00fc, Habert\u00fcrk televizyonunda yapt\u0131\u011f\u0131 a\u00e7\u0131klamada, &#8216;Rehin \u015fof\u00f6rlerden 30\u2032u serbest b\u0131rak\u0131ld\u0131. Sa\u011fl\u0131k durumlar\u0131 iyi&#8217; dedi.<\/p>\n","protected":false},"author":4,"featured_media":174158,"comment_status":"open","ping_status":"open","sticky":false,"template":"","format":"standard","meta":{"_acf_changed":false,"footnotes":""},"categories":[6155,5005,349,6805],"tags":[4110,27382,164212,164494,164490,164491,164492],"class_list":["post-167386","post","type-post","status-publish","format-standard","has-post-thumbnail","hentry","category-gundem","category-manset","category-son-dakika","category-turkiye","tag-haberturk","tag-son-dakika","tag-son-dakika-tir-soforleri","tag-tir-soforleri-dernegi-baskani","tag-tir-soforleri-serbest","tag-tir-soforleri-serbest-birakildi","tag-tir-soforleri-son-dakika"],"acf":[],"_links":{"self":[{"href":"https:\/\/www.nationalturk.com\/tr\/wp-json\/wp\/v2\/posts\/167386","targetHints":{"allow":["GET"]}}],"collection":[{"href":"https:\/\/www.nationalturk.com\/tr\/wp-json\/wp\/v2\/posts"}],"about":[{"href":"https:\/\/www.nationalturk.com\/tr\/wp-json\/wp\/v2\/types\/post"}],"author":[{"embeddable":true,"href":"https:\/\/www.nationalturk.com\/tr\/wp-json\/wp\/v2\/users\/4"}],"replies":[{"embeddable":true,"href":"https:\/\/www.nationalturk.com\/tr\/wp-json\/wp\/v2\/comments?post=167386"}],"version-history":[{"count":0,"href":"https:\/\/www.nationalturk.com\/tr\/wp-json\/wp\/v2\/posts\/167386\/revisions"}],"wp:featuredmedia":[{"embeddable":true,"href":"https:\/\/www.nationalturk.com\/tr\/wp-json\/wp\/v2\/media\/174158"}],"wp:attachment":[{"href":"https:\/\/www.nationalturk.com\/tr\/wp-json\/wp\/v2\/media?parent=167386"}],"wp:term":[{"taxonomy":"category","embeddable":true,"href":"https:\/\/www.nationalturk.com\/tr\/wp-json\/wp\/v2\/categories?post=167386"},{"taxonomy":"post_tag","embeddable":true,"href":"https:\/\/www.nationalturk.com\/tr\/wp-json\/wp\/v2\/tags?post=167386"}],"curies":[{"name":"wp","href":"https:\/\/api.w.org\/{rel}","templated":true}]}}