{"id":167418,"date":"2014-06-13T12:46:05","date_gmt":"2014-06-13T09:46:05","guid":{"rendered":"http:\/\/www.nationalturk.com\/?p=167418"},"modified":"2014-06-13T12:46:31","modified_gmt":"2014-06-13T09:46:31","slug":"2014-dunya-kupasibrezilyadaki-acilis-toreni-muhtesemdi-trt-jloyu-sansurledi-video-fifa-2014-haberleri-167418","status":"publish","type":"post","link":"https:\/\/www.nationalturk.com\/tr\/2014-dunya-kupasibrezilyadaki-acilis-toreni-muhtesemdi-trt-jloyu-sansurledi-video-fifa-2014-haberleri-167418\/","title":{"rendered":"2014 D\u00fcnya Kupas\u0131:Brezilyadaki a\u00e7\u0131l\u0131\u015f t\u00f6reni muhte\u015femdi TRT JLo&#8217;yu sans\u00fcrledi, Video \/ FIFA 2014 Haberleri"},"content":{"rendered":"<h1><a href=\"http:\/\/www.nationalturk.com\/tr\/wp-content\/uploads\/2014\/06\/2014-World-Cup-Openning-Ceremony-14.jpg\"><img loading=\"lazy\" decoding=\"async\" class=\"alignnone size-full wp-image-167505\" title=\"2014-World-Cup-Openning-Ceremony-14\" alt=\"2014-World-Cup-Openning-Ceremony-14\" src=\"http:\/\/www.nationalturk.com\/tr\/wp-content\/uploads\/2014\/06\/2014-World-Cup-Openning-Ceremony-14.jpg\" width=\"610\" height=\"457\" srcset=\"https:\/\/www.nationalturk.com\/tr\/wp-content\/uploads\/2014\/06\/2014-World-Cup-Openning-Ceremony-14.jpg 610w, https:\/\/www.nationalturk.com\/tr\/wp-content\/uploads\/2014\/06\/2014-World-Cup-Openning-Ceremony-14-280x209.jpg 280w, https:\/\/www.nationalturk.com\/tr\/wp-content\/uploads\/2014\/06\/2014-World-Cup-Openning-Ceremony-14-533x400.jpg 533w\" sizes=\"auto, (max-width: 610px) 100vw, 610px\" \/><\/a><\/h1>\n<h1>FIFA 2014 Brezilya D\u00fcnya Kupas\u0131 muhete\u015fem bir a\u00e7\u0131l\u0131 t\u00f6reniyle ba\u015flad\u0131, konu olarak do\u011fa sevgisinin ve Brezilya tarihinin al\u0131nd\u0131\u011f\u0131 t\u00fcrende Pitbull, Jennifer Lopez ve Brezilyal\u0131 Claudia Leite resmi D\u00fcnya kupas\u0131 \u015fark\u0131s\u0131n\u0131 s\u00f6ylerken T\u00fcrk halk\u0131 izleyemedi zira TRT g\u00f6r\u00fcnt\u00fcleri sans\u00fcrledi.<\/h1>\n<p itemprop=\"articleBody\">Futbolun en b\u00fcy\u00fck uluslararas\u0131 organizasyonu FIFA 2014 D\u00fcnya Kupas\u0131, Brezilya&#8217;n\u0131n Sao Paulo kentinde d\u00fczenlenen a\u00e7\u0131l\u0131\u015f t\u00f6reniyle ba\u015flad\u0131.<\/p>\n<p itemprop=\"articleBody\">Turnuvan\u0131n 84 y\u0131ll\u0131k tarihinde 1950 y\u0131l\u0131n\u0131n ard\u0131ndan ikinci kez evsahipli\u011fi yapan Brezilya&#8217;n\u0131n Sao Paulo Arena&#8217;da yap\u0131lan a\u00e7\u0131l\u0131\u015f t\u00f6renine 60 bine yak\u0131n taraftar kat\u0131ld\u0131.<\/p>\n<p itemprop=\"articleBody\">Brezilya&#8217;ya \u00f6zg\u00fc renkli k\u0131yafetlerin dikkati \u00e7ekti\u011fi t\u00f6rende, yakla\u015f\u0131k 660 dans\u00e7\u0131 sahne al\u0131rken, d\u00fczenlenen g\u00f6sterilerin temas\u0131 Brezilya tarihi ve do\u011fa sevgisi idi yap\u0131lan \u015fovda renkli g\u00f6r\u00fcnt\u00fcler olu\u015ftu.<\/p>\n<p itemprop=\"articleBody\"><a href=\"http:\/\/www.nationalturk.com\/tr\/wp-content\/uploads\/2014\/06\/2014-World-Cup-Openning-Ceremony-15.jpg\"><img loading=\"lazy\" decoding=\"async\" class=\"alignnone size-full wp-image-167506\" alt=\"2014-World-Cup-Openning-Ceremony-15\" src=\"http:\/\/www.nationalturk.com\/tr\/wp-content\/uploads\/2014\/06\/2014-World-Cup-Openning-Ceremony-15.jpg\" width=\"610\" height=\"317\" title=\"\" srcset=\"https:\/\/www.nationalturk.com\/tr\/wp-content\/uploads\/2014\/06\/2014-World-Cup-Openning-Ceremony-15.jpg 610w, https:\/\/www.nationalturk.com\/tr\/wp-content\/uploads\/2014\/06\/2014-World-Cup-Openning-Ceremony-15-280x145.jpg 280w\" sizes=\"auto, (max-width: 610px) 100vw, 610px\" \/><\/a><\/p>\n<p itemprop=\"articleBody\">D\u00fcnyaca \u00fcnl\u00fc pop y\u0131ld\u0131z\u0131 Jennifer Lopez, Pitbull ve Brezilyal\u0131 \u015fark\u0131c\u0131 Claudia Leitte&#8217;nin birlikte s\u00f6yledi\u011fi turnuvan\u0131n resmi \u015fark\u0131s\u0131\u00a0<em><strong>&#8220;We are one&#8221;<\/strong><\/em>, be\u011feniyle kar\u015f\u0131land\u0131. Stad\u0131n d\u0131\u015f\u0131nda binlerce Brezilyal\u0131 taraftar da \u015fark\u0131lar s\u00f6yleyerek milli tak\u0131m\u0131na destek verdi.<\/p>\n<p itemprop=\"articleBody\"><a href=\"http:\/\/www.nationalturk.com\/tr\/wp-content\/uploads\/2014\/06\/2014-World-Cup-Openning-Ceremony.jpg\"><img loading=\"lazy\" decoding=\"async\" class=\"alignnone size-full wp-image-167508\" alt=\"Brazil Soccer WCup Brazil Croatia\" src=\"http:\/\/www.nationalturk.com\/tr\/wp-content\/uploads\/2014\/06\/2014-World-Cup-Openning-Ceremony.jpg\" width=\"610\" height=\"420\" title=\"\" srcset=\"https:\/\/www.nationalturk.com\/tr\/wp-content\/uploads\/2014\/06\/2014-World-Cup-Openning-Ceremony.jpg 610w, https:\/\/www.nationalturk.com\/tr\/wp-content\/uploads\/2014\/06\/2014-World-Cup-Openning-Ceremony-280x192.jpg 280w, https:\/\/www.nationalturk.com\/tr\/wp-content\/uploads\/2014\/06\/2014-World-Cup-Openning-Ceremony-580x400.jpg 580w\" sizes=\"auto, (max-width: 610px) 100vw, 610px\" \/><\/a><\/p>\n<p itemprop=\"articleBody\">Tabi bu g\u00f6r\u00fcnt\u00fcleri T\u00fcrk halk\u0131 yine izleyemedi zira TRT Resmi \u015fark\u0131n\u0131n ba\u015flamas\u0131 ile birlikte yine st\u00fcdyo yay\u0131n\u0131na d\u00f6nd\u00fc Ahmet Akcan, Ali G\u00fctiken ve Yusuf Kenan I\u015f\u0131k muhabetini ! izlemek zorunda kald\u0131<\/p>\n<p itemprop=\"articleBody\">Y\u00fcz milyonlarca futbolseverin televizyonlardan canl\u0131 takip edece\u011fi FIFA D\u00fcnya Kupas\u0131&#8217;nda yer alacak 32 tak\u0131m, toplamda 64 ma\u00e7a \u00e7\u0131kacak. Turnuva, 13 Temmuz&#8217;da d\u00fczenlenecek final ma\u00e7\u0131yla son bulacak.<\/p>\n<h2 itemprop=\"articleBody\">2014 D\u00fcnya Kupas\u0131 A\u00e7\u0131l\u0131\u015f T\u00f6reni Video<\/h2>\n[media id=2327 width=610 height=340]\n<!-- Error, Advert is not available at this time due to schedule\/geolocation restrictions! -->\n<p itemprop=\"articleBody\">\n","protected":false},"excerpt":{"rendered":"<p>FIFA 2014 Brezilya D\u00fcnya Kupas\u0131 muhete\u015fem bir a\u00e7\u0131l\u0131 t\u00f6reniyle ba\u015flad\u0131, konu olarak do\u011fa sevgisinin ve Brezilya tarihinin al\u0131nd\u0131\u011f\u0131 t\u00fcrende Pitbull, Jennifer Lopez ve Brezilyal\u0131 Claudia Leite resmi D\u00fcnya kupas\u0131 \u015fark\u0131s\u0131n\u0131 s\u00f6ylerken T\u00fcrk halk\u0131 izleyemedi zira TRT g\u00f6r\u00fcnt\u00fcleri sans\u00fcrledi.<\/p>\n","protected":false},"author":761,"featured_media":167505,"comment_status":"open","ping_status":"open","sticky":false,"template":"","format":"standard","meta":{"_acf_changed":false,"footnotes":""},"categories":[6665,8244,6774,6155,6771,5005,349,6194],"tags":[54846,6595,164551,82278,7085,8581],"class_list":["post-167418","post","type-post","status-publish","format-standard","has-post-thumbnail","hentry","category-dunya","category-fifa-dunya-kupasi","category-futbol","category-gundem","category-latin-amerika","category-manset","category-son-dakika","category-spor","tag-2014-dunya-kupasi","tag-dunya-kupasi","tag-dunya-kupasi-acilis-toreni","tag-fifa-2014","tag-trt","tag-video"],"acf":[],"_links":{"self":[{"href":"https:\/\/www.nationalturk.com\/tr\/wp-json\/wp\/v2\/posts\/167418","targetHints":{"allow":["GET"]}}],"collection":[{"href":"https:\/\/www.nationalturk.com\/tr\/wp-json\/wp\/v2\/posts"}],"about":[{"href":"https:\/\/www.nationalturk.com\/tr\/wp-json\/wp\/v2\/types\/post"}],"author":[{"embeddable":true,"href":"https:\/\/www.nationalturk.com\/tr\/wp-json\/wp\/v2\/users\/761"}],"replies":[{"embeddable":true,"href":"https:\/\/www.nationalturk.com\/tr\/wp-json\/wp\/v2\/comments?post=167418"}],"version-history":[{"count":0,"href":"https:\/\/www.nationalturk.com\/tr\/wp-json\/wp\/v2\/posts\/167418\/revisions"}],"wp:featuredmedia":[{"embeddable":true,"href":"https:\/\/www.nationalturk.com\/tr\/wp-json\/wp\/v2\/media\/167505"}],"wp:attachment":[{"href":"https:\/\/www.nationalturk.com\/tr\/wp-json\/wp\/v2\/media?parent=167418"}],"wp:term":[{"taxonomy":"category","embeddable":true,"href":"https:\/\/www.nationalturk.com\/tr\/wp-json\/wp\/v2\/categories?post=167418"},{"taxonomy":"post_tag","embeddable":true,"href":"https:\/\/www.nationalturk.com\/tr\/wp-json\/wp\/v2\/tags?post=167418"}],"curies":[{"name":"wp","href":"https:\/\/api.w.org\/{rel}","templated":true}]}}