{"id":167441,"date":"2014-06-13T09:41:44","date_gmt":"2014-06-13T06:41:44","guid":{"rendered":"http:\/\/www.nationalturk.com\/?p=167441"},"modified":"2014-06-13T09:41:44","modified_gmt":"2014-06-13T06:41:44","slug":"cesc-fabregas-premier-lig-167441","status":"publish","type":"post","link":"https:\/\/www.nationalturk.com\/tr\/cesc-fabregas-premier-lig-167441\/","title":{"rendered":"Cesc Fabregas Premier Lig&#8217;e d\u00f6nd\u00fc! \u0130\u015fte yeni tak\u0131m\u0131"},"content":{"rendered":"<h1><a href=\"http:\/\/www.nationalturk.com\/tr\/wp-content\/uploads\/2014\/06\/cesc_fabregas_chelsea.jpg\"><img loading=\"lazy\" decoding=\"async\" class=\"aligncenter size-full wp-image-167442\" alt=\"\" src=\"http:\/\/www.nationalturk.com\/tr\/wp-content\/uploads\/2014\/06\/cesc_fabregas_chelsea.jpg\" width=\"610\" height=\"386\" title=\"\" srcset=\"https:\/\/www.nationalturk.com\/tr\/wp-content\/uploads\/2014\/06\/cesc_fabregas_chelsea.jpg 610w, https:\/\/www.nationalturk.com\/tr\/wp-content\/uploads\/2014\/06\/cesc_fabregas_chelsea-280x177.jpg 280w\" sizes=\"auto, (max-width: 610px) 100vw, 610px\" \/><\/a>Barcelona&#8217;n\u0131n \u0130spanyol y\u0131ld\u0131z\u0131 Cesc Fabregas, \u0130ngiltere Premier Lig ekiplerinden Chelsea ile 5 y\u0131ll\u0131k s\u00f6zle\u015fme imzalad\u0131.<\/h1>\n<p>Kul\u00fcb\u00fcn internet sitesinden yap\u0131lan a\u00e7\u0131klamada, 27 ya\u015f\u0131ndaki orta saha oyuncusuyla 5 y\u0131ll\u0131k s\u00f6zle\u015fme imzaland\u0131\u011f\u0131 ve gelecek sezon 4 numaral\u0131 formay\u0131 giyece\u011fi bildirildi.<\/p>\n<p>\u0130mza t\u00f6reninin ard\u0131ndan konu\u015fan Fabregas, &#8220;\u00d6ncelikle 3 harika sezon ge\u00e7irdi\u011fim Barcelona&#8217;daki herkese te\u015fekk\u00fcr ederim. \u00c7ocukken taraftar\u0131 oldu\u011fum kul\u00fcpte forma \u015fans\u0131 buldu\u011fum i\u00e7in \u00e7ok gururluyum&#8221; dedi.<\/p>\n<p>Premier Lig&#8217;e d\u00f6nd\u00fc\u011f\u00fc i\u00e7in heyecanl\u0131 oldu\u011funu belirten Fabregas, &#8220;Art\u0131k d\u00f6nmenin zaman\u0131 gelmi\u015fti. T\u00fcm teklifleri dikkatlice inceledim ve en iyisinin Chelsea&#8217;den geldi\u011fine karar verdim&#8221; ifadelerini kulland\u0131.<\/p>\n<p>Chelsea&#8217;nin her zaman kupa kazanmay\u0131 ama\u00e7layan bir tak\u0131m oldu\u011funu ve bu hedefinin kendi futbol anlay\u0131\u015f\u0131yla da uyu\u015ftu\u011funu anlatan Fabregas, &#8220;\u00c7ok iyi bir kadroya ve m\u00fckemmel bir teknik direkt\u00f6re sahibiz. Art\u0131k kendimi yeni tak\u0131m\u0131ma adayaca\u011f\u0131m ve forma giymek i\u00e7in sab\u0131rs\u0131zlan\u0131yorum&#8221; de\u011ferlendirmesinde bulundu.<\/p>\n<p>\u0130ngiliz bas\u0131n\u0131nda yer alan haberlerde Chelsea&#8217;nin, Barcelona&#8217;ya 26,6 milyon sterlin bonservis bedeli \u00f6dedi\u011fi \u00f6ne s\u00fcr\u00fcld\u00fc.<\/p>\n<p>\u0130spanya Milli Tak\u0131m\u0131&#8217;nda forma giyen Cesc Fabregas, Premier Lig&#8217;de ilk deneyimini 7 sezon formas\u0131n\u0131 giydi\u011fi Arsenal&#8217;de ya\u015fam\u0131\u015f ve ard\u0131ndan Barcelona&#8217;ya transfer olmu\u015ftu.<\/p>\n<!-- Error, Advert is not available at this time due to schedule\/geolocation restrictions! -->\n","protected":false},"excerpt":{"rendered":"<p>Barcelona&#8217;n\u0131n \u0130spanyol y\u0131ld\u0131z\u0131 Cesc Fabregas, \u0130ngiltere Premier Lig ekiplerinden Chelsea ile 5 y\u0131ll\u0131k s\u00f6zle\u015fme imzalad\u0131.<\/p>\n","protected":false},"author":3,"featured_media":167442,"comment_status":"open","ping_status":"open","sticky":false,"template":"","format":"standard","meta":{"_acf_changed":false,"footnotes":""},"categories":[6774,6194],"tags":[1038,21159,26192,77550,164548,1036,62793,22546,31916],"class_list":["post-167441","post","type-post","status-publish","format-standard","has-post-thumbnail","hentry","category-futbol","category-spor","tag-barcelona","tag-cesc-fabregas","tag-cesc-fabregas-arsenal","tag-cesc-fabregas-barcelona","tag-cesc-fabregas-chelsea","tag-chelsea","tag-chelsea-transfer","tag-fabregas","tag-ingiltere-premier-lig"],"acf":[],"_links":{"self":[{"href":"https:\/\/www.nationalturk.com\/tr\/wp-json\/wp\/v2\/posts\/167441","targetHints":{"allow":["GET"]}}],"collection":[{"href":"https:\/\/www.nationalturk.com\/tr\/wp-json\/wp\/v2\/posts"}],"about":[{"href":"https:\/\/www.nationalturk.com\/tr\/wp-json\/wp\/v2\/types\/post"}],"author":[{"embeddable":true,"href":"https:\/\/www.nationalturk.com\/tr\/wp-json\/wp\/v2\/users\/3"}],"replies":[{"embeddable":true,"href":"https:\/\/www.nationalturk.com\/tr\/wp-json\/wp\/v2\/comments?post=167441"}],"version-history":[{"count":0,"href":"https:\/\/www.nationalturk.com\/tr\/wp-json\/wp\/v2\/posts\/167441\/revisions"}],"wp:featuredmedia":[{"embeddable":true,"href":"https:\/\/www.nationalturk.com\/tr\/wp-json\/wp\/v2\/media\/167442"}],"wp:attachment":[{"href":"https:\/\/www.nationalturk.com\/tr\/wp-json\/wp\/v2\/media?parent=167441"}],"wp:term":[{"taxonomy":"category","embeddable":true,"href":"https:\/\/www.nationalturk.com\/tr\/wp-json\/wp\/v2\/categories?post=167441"},{"taxonomy":"post_tag","embeddable":true,"href":"https:\/\/www.nationalturk.com\/tr\/wp-json\/wp\/v2\/tags?post=167441"}],"curies":[{"name":"wp","href":"https:\/\/api.w.org\/{rel}","templated":true}]}}