{"id":167650,"date":"2014-06-17T09:18:37","date_gmt":"2014-06-17T06:18:37","guid":{"rendered":"http:\/\/www.nationalturk.com\/?p=167650"},"modified":"2015-01-16T18:32:55","modified_gmt":"2015-01-16T16:32:55","slug":"ilham-aliyev-yunanistan-167650","status":"publish","type":"post","link":"https:\/\/www.nationalturk.com\/tr\/ilham-aliyev-yunanistan-167650\/","title":{"rendered":"\u0130lham Aliyev Yunanistan&#8217;da"},"content":{"rendered":"<h1><a href=\"http:\/\/www.nationalturk.com\/tr\/wp-content\/uploads\/2014\/06\/ilham-aliyev-yunanistan.jpg\"><img loading=\"lazy\" decoding=\"async\" class=\"alignleft size-medium wp-image-167652\" alt=\"\" src=\"http:\/\/www.nationalturk.com\/tr\/wp-content\/uploads\/2014\/06\/ilham-aliyev-yunanistan-280x210.jpg\" width=\"280\" height=\"210\" title=\"\" srcset=\"https:\/\/www.nationalturk.com\/tr\/wp-content\/uploads\/2014\/06\/ilham-aliyev-yunanistan-280x210.jpg 280w, https:\/\/www.nationalturk.com\/tr\/wp-content\/uploads\/2014\/06\/ilham-aliyev-yunanistan.jpg 400w\" sizes=\"auto, (max-width: 280px) 100vw, 280px\" \/><\/a>Azerbaycan Cumhurba\u015fkan\u0131 \u0130lham Aliyev, resmi ziyarette bulundu\u011fu Yunanistan&#8217;\u0131n ba\u015fkenti Atina&#8217;da, D\u0131\u015fi\u015fleri Bakan\u0131 Evangelos Venizelos ile bir araya geldi.<\/h1>\n<p>\u0130kili g\u00f6r\u00fc\u015fmenin ard\u0131ndan bas\u0131na a\u00e7\u0131klama yapan Venizelos, Azerbaycan&#8217;\u0131n b\u00f6lgede istikrar unsuru ve Avrupa K\u0131tas\u0131&#8217;na enerji tedarik eden bir \u00fclke oldu\u011funu belirterek iki \u00fclkenin d\u0131\u015f politika alan\u0131nda da gerek AB gerekse Avrupa-Atlantik konular\u0131nda i\u015fbirli\u011fi yaparak olumlu sonu\u00e7 alabileceklerini kaydetti.<\/p>\n<p>AB&#8217;nin do\u011fu ve bat\u0131s\u0131ndaki \u00e7alkant\u0131l\u0131 b\u00f6lgede istikrar unsuru olan Azerbaycan ile stratejik ortakl\u0131k ili\u015fkilerinin \u00e7ok \u00f6nemli oldu\u011funu vurgulayan Venizelos, Yunanistan&#8217;\u0131n krizden \u00e7\u0131kt\u0131\u011f\u0131n\u0131 savunarak Azerbaycan&#8217;\u0131n Yunanistan&#8217;\u0131n ekonomisinin kalk\u0131nmas\u0131 i\u00e7in yat\u0131r\u0131m yapmaya haz\u0131r oldu\u011funu kaydetti.<\/p>\n<p>Aliyev ve \u00e7al\u0131\u015fma arkada\u015flar\u0131n\u0131n, Yunan halk\u0131n\u0131n fedakarl\u0131klar\u0131 sayesinde sa\u011flanan ba\u015far\u0131y\u0131 anlad\u0131klar\u0131n\u0131 ifade eden Venizelos, Aliyev ile ayr\u0131ca Azeri do\u011falgaz\u0131n\u0131n Yunanistan arac\u0131l\u0131\u011f\u0131yla Avrupa&#8217;ya ta\u015f\u0131nacak TAP boru hatt\u0131 \u00e7al\u0131\u015fmalar\u0131 ve Yunanistan Kamu Do\u011falgaz Da\u011f\u0131t\u0131m \u015eirketi DESFA&#8217;n\u0131n Azeri SOCAR ile i\u015fbirli\u011finin de g\u00fcndeme geldi\u011fini s\u00f6yledi.<\/p>\n<!-- Error, Advert is not available at this time due to schedule\/geolocation restrictions! -->\n","protected":false},"excerpt":{"rendered":"<p>Azerbaycan Cumhurba\u015fkan\u0131 \u0130lham Aliyev, resmi ziyarette bulundu\u011fu Yunanistan&#8217;\u0131n ba\u015fkenti Atina&#8217;da, D\u0131\u015fi\u015fleri Bakan\u0131 Evangelos Venizelos ile bir araya geldi.<\/p>\n","protected":false},"author":3,"featured_media":174120,"comment_status":"open","ping_status":"open","sticky":false,"template":"","format":"standard","meta":{"_acf_changed":false,"footnotes":""},"categories":[6770,6665,6155,6202],"tags":[2239,113220,1958,115402,94004,44723,1202],"class_list":["post-167650","post","type-post","status-publish","format-standard","has-post-thumbnail","hentry","category-avrupa","category-dunya","category-gundem","category-politika","tag-atina","tag-atina-son-dakika","tag-azerbaycan","tag-azerbaycan-cumhurbaskani","tag-evangelos-venizelos","tag-ilham-aliyev","tag-yunanistan"],"acf":[],"_links":{"self":[{"href":"https:\/\/www.nationalturk.com\/tr\/wp-json\/wp\/v2\/posts\/167650","targetHints":{"allow":["GET"]}}],"collection":[{"href":"https:\/\/www.nationalturk.com\/tr\/wp-json\/wp\/v2\/posts"}],"about":[{"href":"https:\/\/www.nationalturk.com\/tr\/wp-json\/wp\/v2\/types\/post"}],"author":[{"embeddable":true,"href":"https:\/\/www.nationalturk.com\/tr\/wp-json\/wp\/v2\/users\/3"}],"replies":[{"embeddable":true,"href":"https:\/\/www.nationalturk.com\/tr\/wp-json\/wp\/v2\/comments?post=167650"}],"version-history":[{"count":0,"href":"https:\/\/www.nationalturk.com\/tr\/wp-json\/wp\/v2\/posts\/167650\/revisions"}],"wp:featuredmedia":[{"embeddable":true,"href":"https:\/\/www.nationalturk.com\/tr\/wp-json\/wp\/v2\/media\/174120"}],"wp:attachment":[{"href":"https:\/\/www.nationalturk.com\/tr\/wp-json\/wp\/v2\/media?parent=167650"}],"wp:term":[{"taxonomy":"category","embeddable":true,"href":"https:\/\/www.nationalturk.com\/tr\/wp-json\/wp\/v2\/categories?post=167650"},{"taxonomy":"post_tag","embeddable":true,"href":"https:\/\/www.nationalturk.com\/tr\/wp-json\/wp\/v2\/tags?post=167650"}],"curies":[{"name":"wp","href":"https:\/\/api.w.org\/{rel}","templated":true}]}}