{"id":167724,"date":"2014-06-17T16:48:47","date_gmt":"2014-06-17T13:48:47","guid":{"rendered":"http:\/\/www.nationalturk.com\/?p=167724"},"modified":"2014-06-17T16:50:37","modified_gmt":"2014-06-17T13:50:37","slug":"ingiltere-tahranda-yeniden-buyukelcilik-aciyor-167724","status":"publish","type":"post","link":"https:\/\/www.nationalturk.com\/tr\/ingiltere-tahranda-yeniden-buyukelcilik-aciyor-167724\/","title":{"rendered":"\u0130ngiltere Tahran&#8217;da yeniden b\u00fcy\u00fckel\u00e7ilik a\u00e7\u0131yor"},"content":{"rendered":"<p><img loading=\"lazy\" decoding=\"async\" class=\"alignleft size-medium wp-image-167725\" alt=\"William Hague\" src=\"http:\/\/www.nationalturk.com\/tr\/wp-content\/uploads\/2014\/06\/William-Hague-280x168.jpg\" width=\"280\" height=\"168\" title=\"\" srcset=\"https:\/\/www.nationalturk.com\/tr\/wp-content\/uploads\/2014\/06\/William-Hague-280x168.jpg 280w, https:\/\/www.nationalturk.com\/tr\/wp-content\/uploads\/2014\/06\/William-Hague.jpg 460w\" sizes=\"auto, (max-width: 280px) 100vw, 280px\" \/><\/p>\n<h1>\u0130ngiltere D\u0131\u015fi\u015fleri Bakan\u0131 William Hague, \u00fclkesinin Tahran&#8217;daki b\u00fcy\u00fckel\u00e7ili\u011finin yeniden a\u00e7\u0131lmas\u0131 i\u00e7in \u015fartlar\u0131n uygun oldu\u011funa karar verdi\u011fini belirterek, &#8216;Bu, \u0130ran&#8217;la ikili ili\u015fkilerimiz i\u00e7in \u00f6nemli bir ad\u0131md\u0131r&#8217; dedi.<\/h1>\n<p>Hague yapt\u0131\u011f\u0131 yaz\u0131l\u0131 a\u00e7\u0131klamada, ge\u00e7en d\u00f6rt ay boyunca \u00fclkesi ile \u0130ran aras\u0131ndaki ili\u015fkileri geli\u015ftirmeye devam ettiklerini belirterek, &#8220;\u0130ngiliz ve \u0130ranl\u0131 yetkililer kar\u015f\u0131l\u0131kl\u0131 ziyaretlerde bulundular. Bu, b\u00fcy\u00fckel\u00e7iliklerimizle ilgili baz\u0131 pratik konular\u0131 \u00e7\u00f6zmemizi sa\u011flad\u0131. Bu ziyaretler, ayr\u0131ca farkl\u0131 g\u00f6r\u00fc\u015flerde oldu\u011fumuz konular\u0131 da g\u00f6r\u00fc\u015fmemizi sa\u011flad\u0131&#8221; dedi.<\/p>\n<p>Tahran&#8217;daki \u0130ngiltere b\u00fcy\u00fckel\u00e7ili\u011fini yeniden a\u00e7may\u0131 de\u011ferlendirirken iki endi\u015felerini oldu\u011funu ifade eden \u0130ngiliz Bakan, bu endi\u015felerin b\u00fcy\u00fckel\u00e7ilik personelinin g\u00fcvenli\u011finin sa\u011flanmas\u0131 ve personelin \u00e7al\u0131\u015fmalar\u0131n\u0131 hi\u00e7bir engel olmadan s\u00fcrd\u00fcrebilmesi ile ilgili oldu\u011funu belirtti. Hague, \u015funlar\u0131 kaydetti:<\/p>\n<p>&#8220;\u015eartlar m\u00fcsaade etti\u011fi s\u00fcrece, Tahran&#8217;da bir b\u00fcy\u00fckel\u00e7ili\u011fimiz olmas\u0131 gerekti\u011fi konusunda hi\u00e7bir \u015f\u00fcphem olmad\u0131. \u0130ran de\u011fi\u015fken bir b\u00f6lgede bulunan \u00f6nemli bir \u00fclke. Zor ko\u015fullarda bile b\u00fcy\u00fckel\u00e7iliklerin a\u00e7\u0131k kalmas\u0131n\u0131 sa\u011flamak, Birle\u015fik Krall\u0131k&#8217;\u0131n k\u00fcresel diplomatik yakla\u015f\u0131m\u0131d\u0131r.&#8221;<\/p>\n<p>\u0130ran D\u0131\u015fi\u015fleri Bakan\u0131 Cevad Zarif ile ge\u00e7en cumartesi g\u00fcn\u00fc ikili ili\u015fkiler konusunda g\u00f6r\u00fc\u015ft\u00fc\u011f\u00fcn\u00fc dile getiren Hague, &#8220;Tahran&#8217;daki b\u00fcy\u00fckel\u00e7ili\u011fimizin yeniden a\u00e7\u0131lmas\u0131 i\u00e7in \u015fartlar\u0131n uygun oldu\u011funa karar verdim. \u00d6ncelikle \u00e7\u00f6z\u00fclmesi gereken baz\u0131 pratik konular var. Bu d\u00fczenlemeler yap\u0131l\u0131r yap\u0131lmaz Tahran&#8217;daki b\u00fcy\u00fckel\u00e7ili\u011fimizi a\u00e7mak niyetindeyiz. \u0130ran h\u00fck\u00fcmetinin de benzer ad\u0131mlar atmay\u0131 tercih ederek Londra&#8217;daki b\u00fcy\u00fckel\u00e7ili\u011fini yeniden a\u00e7mas\u0131n\u0131 bekliyorum&#8221; ifadelerini kulland\u0131.<\/p>\n<p>Tahran&#8217;daki b\u00fcy\u00fckel\u00e7ilikte ilk etapta az say\u0131da personel bulunduracaklar\u0131n\u0131 belirten \u0130ngiliz Bakan, bu s\u00fcre i\u00e7inde \u0130ranl\u0131lar\u0131n Abu Dabi ya da \u0130stanbul&#8217;a giderek \u0130ngiltere vizesine ba\u015fvurmaya devam etmeleri gerekece\u011fini kaydetti.<\/p>\n<p>William Hague bug\u00fcn \u0130ngiliz Parlamentosu&#8217;nun alt kanad\u0131 Avam Kamaras\u0131&#8217;nda da milletvekillerinin \u0130ran&#8217;la ili\u015fkiler konusundaki sorular\u0131n\u0131 yan\u0131tlad\u0131. \u0130ran&#8217;daki b\u00fcy\u00fckel\u00e7ili\u011fin &#8220;k\u00fc\u00e7\u00fck bir diplomatik ekiple&#8221; a\u00e7\u0131laca\u011f\u0131n\u0131 dile getiren Hague, &#8220;Bu, \u0130ran&#8217;la ikili ili\u015fkilerimiz i\u00e7in \u00f6nemli bir ad\u0131md\u0131r. \u0130ran&#8217;a n\u00fckleer program\u0131yla ilgili bir anla\u015fmaya var\u0131lmas\u0131 i\u00e7in ve mezhep\u00e7i gruplara deste\u011fine son vererek b\u00f6lgede istikrar\u0131 desteklemesi i\u00e7in bask\u0131 yapmay\u0131 s\u00fcrd\u00fcrece\u011fiz&#8221; dedi.<\/p>\n<p>\u0130ngiltere ile \u0130ran aras\u0131ndaki ili\u015fkiler, ge\u00e7en y\u0131l d\u00fczelmeye ba\u015flam\u0131\u015ft\u0131. Hasan Ruhani&#8217;nin cumhurba\u015fkan\u0131 se\u00e7ilmesinin ard\u0131ndan iki \u00fclke aras\u0131ndaki ikili ili\u015fkilerin yumu\u015famaya ba\u015flamas\u0131 \u00fczerine Birle\u015fik Krall\u0131k, ge\u00e7en y\u0131l Tahran&#8217;a yerle\u015fik olmayan maslahatg\u00fczar atama karar\u0131 alm\u0131\u015ft\u0131.<\/p>\n<p>\u0130ngiliz bas\u0131n\u0131, Irak&#8217;taki \u00e7at\u0131\u015fmalar\u0131n ve mevcut durumun Bat\u0131 ile \u0130ran aras\u0131ndaki yak\u0131nla\u015fman\u0131n h\u0131zlanmas\u0131na neden oldu\u011funu bildiriyor.<\/p>\n<p>\u0130ngiltere, Tahran&#8217;daki diplomatik temsilciliklerinin 2011 y\u0131l\u0131nda bir grup \u00f6\u011frenci taraf\u0131ndan bas\u0131lmas\u0131 ve alt\u0131 el\u00e7ilik g\u00f6revlisinin rehin al\u0131nmas\u0131n\u0131n ard\u0131ndan bu \u00fclkedeki b\u00fcy\u00fckel\u00e7ili\u011fini kapatm\u0131\u015ft\u0131. \u0130ngiltere&#8217;nin, n\u00fckleer program\u0131 dolay\u0131s\u0131yla \u0130ran&#8217;a yeni yapt\u0131r\u0131m karar\u0131 almas\u0131n\u0131n ard\u0131ndan d\u00fczenlenen sald\u0131r\u0131, 1979 y\u0131l\u0131ndaki \u0130ran \u0130slam Devrimi&#8217;nden sonra iki \u00fclke aras\u0131nda ya\u015fanan en k\u00f6t\u00fc kriz olarak nitelendirilmi\u015fti.<\/p>\n<!-- Error, Advert is not available at this time due to schedule\/geolocation restrictions! -->\n","protected":false},"excerpt":{"rendered":"<p>\u0130ngiltere D\u0131\u015fi\u015fleri Bakan\u0131 William Hague, \u00fclkesinin Tahran&#8217;daki b\u00fcy\u00fckel\u00e7ili\u011finin yeniden a\u00e7\u0131lmas\u0131 i\u00e7in \u015fartlar\u0131n uygun oldu\u011funa karar verdi\u011fini belirterek, &#8216;Bu, \u0130ran&#8217;la ikili ili\u015fkilerimiz i\u00e7in \u00f6nemli bir ad\u0131md\u0131r&#8217; dedi.<\/p>\n","protected":false},"author":4,"featured_media":174108,"comment_status":"open","ping_status":"open","sticky":false,"template":"","format":"standard","meta":{"_acf_changed":false,"footnotes":""},"categories":[6769,6770,6665,6155,5005,6772,6202],"tags":[141382,5691,3603],"class_list":["post-167724","post","type-post","status-publish","format-standard","has-post-thumbnail","hentry","category-asya","category-avrupa","category-dunya","category-gundem","category-manset","category-ortadogu","category-politika","tag-ingiltere-iran","tag-londra","tag-tahran"],"acf":[],"_links":{"self":[{"href":"https:\/\/www.nationalturk.com\/tr\/wp-json\/wp\/v2\/posts\/167724","targetHints":{"allow":["GET"]}}],"collection":[{"href":"https:\/\/www.nationalturk.com\/tr\/wp-json\/wp\/v2\/posts"}],"about":[{"href":"https:\/\/www.nationalturk.com\/tr\/wp-json\/wp\/v2\/types\/post"}],"author":[{"embeddable":true,"href":"https:\/\/www.nationalturk.com\/tr\/wp-json\/wp\/v2\/users\/4"}],"replies":[{"embeddable":true,"href":"https:\/\/www.nationalturk.com\/tr\/wp-json\/wp\/v2\/comments?post=167724"}],"version-history":[{"count":0,"href":"https:\/\/www.nationalturk.com\/tr\/wp-json\/wp\/v2\/posts\/167724\/revisions"}],"wp:featuredmedia":[{"embeddable":true,"href":"https:\/\/www.nationalturk.com\/tr\/wp-json\/wp\/v2\/media\/174108"}],"wp:attachment":[{"href":"https:\/\/www.nationalturk.com\/tr\/wp-json\/wp\/v2\/media?parent=167724"}],"wp:term":[{"taxonomy":"category","embeddable":true,"href":"https:\/\/www.nationalturk.com\/tr\/wp-json\/wp\/v2\/categories?post=167724"},{"taxonomy":"post_tag","embeddable":true,"href":"https:\/\/www.nationalturk.com\/tr\/wp-json\/wp\/v2\/tags?post=167724"}],"curies":[{"name":"wp","href":"https:\/\/api.w.org\/{rel}","templated":true}]}}