{"id":168520,"date":"2014-06-28T15:37:56","date_gmt":"2014-06-28T12:37:56","guid":{"rendered":"http:\/\/www.nationalturk.com\/?p=168520"},"modified":"2014-06-28T15:37:56","modified_gmt":"2014-06-28T12:37:56","slug":"tayland-secimler-gelecek-yil-yapilacak-168520","status":"publish","type":"post","link":"https:\/\/www.nationalturk.com\/tr\/tayland-secimler-gelecek-yil-yapilacak-168520\/","title":{"rendered":"Tayland&#8217;da se\u00e7imler gelecek y\u0131l yap\u0131lacak"},"content":{"rendered":"<h1><a href=\"http:\/\/www.nationalturk.com\/tr\/wp-content\/uploads\/2014\/06\/tayland-secim.jpg\"><img loading=\"lazy\" decoding=\"async\" class=\"alignleft size-medium wp-image-168522\" alt=\"\" src=\"http:\/\/www.nationalturk.com\/tr\/wp-content\/uploads\/2014\/06\/tayland-secim-280x189.jpg\" width=\"280\" height=\"189\" title=\"\" srcset=\"https:\/\/www.nationalturk.com\/tr\/wp-content\/uploads\/2014\/06\/tayland-secim-280x189.jpg 280w, https:\/\/www.nationalturk.com\/tr\/wp-content\/uploads\/2014\/06\/tayland-secim-589x400.jpg 589w, https:\/\/www.nationalturk.com\/tr\/wp-content\/uploads\/2014\/06\/tayland-secim.jpg 625w\" sizes=\"auto, (max-width: 280px) 100vw, 280px\" \/><\/a>Tayland&#8217;da y\u00f6netime el koyan ordu, \u00fclkedeki genel se\u00e7imlerin gelecek y\u0131l ekim ay\u0131nda yap\u0131laca\u011f\u0131n\u0131 a\u00e7\u0131klad\u0131.<\/h1>\n<p>Cunta y\u00f6netiminin lideri Prayut \u00c7an-o\u00e7a, d\u00fczenledi\u011fi haftal\u0131k toplant\u0131da, se\u00e7imlere kadar \u00fclkedeki siyasi ve ekonomik alandaki yol haritas\u0131n\u0131 kamuoyuyla payla\u015ft\u0131.<\/p>\n<p>Hedeflerinin Tayland halk\u0131na mutlulu\u011fu getirmek oldu\u011funu dile getiren \u00c7an-oca, ge\u00e7i\u00e7i anayasan\u0131n haz\u0131r oldu\u011funu ve hukuk\u00e7ular taraf\u0131ndan onayland\u0131\u011f\u0131n\u0131, gelecek ay da kraliyet onay\u0131na sunulaca\u011f\u0131n\u0131 kaydetti.<\/p>\n<p>Ulusal yasama meclisiyle ge\u00e7i\u015f h\u00fck\u00fcmetin eyl\u00fcl ay\u0131nda atanaca\u011f\u0131n\u0131 s\u00f6yleyen \u00c7an-oca, \u00fclkede genel se\u00e7imlerin tam bir demokrasi ortam\u0131nda gelecek y\u0131l ekim ay\u0131nda yap\u0131laca\u011f\u0131n\u0131 ifade etti.<\/p>\n<p>Cunta y\u00f6netimi lideri \u00c7an-oca&#8217;n\u0131n, ge\u00e7i\u015f h\u00fck\u00fcmetinin ba\u015f\u0131nda olma ihtimalini g\u00f6z \u00f6n\u00fcnde bulundurdu\u011fu bildiriliyor.<\/p>\n<p>Tayland&#8217;\u0131n kal\u0131c\u0131 anayasas\u0131n\u0131 haz\u0131rlayacak Reform Konseyi&#8217;nin kurulmas\u0131ndan \u00f6nce, Ulusal Bar\u0131\u015f ve D\u00fczen Konseyi&#8217;nden olu\u015fturulacak ge\u00e7i\u015f h\u00fck\u00fcmeti eyl\u00fcl ay\u0131nda atanacak.<\/p>\n<p>Cunta liderinin ge\u00e7i\u015f h\u00fck\u00fcmeti kurulaca\u011f\u0131n\u0131 a\u00e7\u0131klamas\u0131na ra\u011fmen, \u00fcyelerin tamamen sivil mi, asker k\u00f6kenli mi veya karma \u015fekilde mi olaca\u011f\u0131 belirsizli\u011fini koruyor.<\/p>\n<p>Isra News gazetesi ise Ulusal Yasama Meclisi&#8217;nin tamamen Ulusal Bar\u0131\u015f ve D\u00fczen Konseyi&#8217;nden atanaca\u011f\u0131n\u0131, yar\u0131s\u0131n\u0131n ordu k\u00f6kenli olaca\u011f\u0131n\u0131 a\u00e7\u0131klam\u0131\u015ft\u0131.<\/p>\n<p>Ordunun y\u00f6netime gelmesinden bu yana muhalefetin en b\u00fcy\u00fck ele\u015ftirilerinden biri bas\u0131na y\u00f6nelik bask\u0131lar.<\/p>\n<p>Cunta liderinin yard\u0131mc\u0131s\u0131 General Adul Saengsingkaew, radyo, televizyon, yaz\u0131l\u0131 bas\u0131n, internet ve yabanc\u0131 haber kurulu\u015flar\u0131n\u0131n &#8220;yay\u0131n i\u00e7eri\u011finin izlenece\u011fini&#8221;, ba\u015fta monar\u015fiye kar\u015f\u0131 kamu nefreti uyand\u0131ran bilgi olmak \u00fczere &#8220;uygunsuz i\u00e7erik yay\u0131nlayanlar\u0131n, cezai kovu\u015fturmayla kar\u015f\u0131 kar\u015f\u0131ya kalaca\u011f\u0131n\u0131&#8221; s\u00f6ylemi\u015fti.<\/p>\n<span style=\"font-weight: bold; color: #f00;\">Error, group does not exist! Check your syntax! (ID: 80)<\/span>\n","protected":false},"excerpt":{"rendered":"<p>Tayland&#8217;da y\u00f6netime el koyan ordu, \u00fclkedeki genel se\u00e7imlerin gelecek y\u0131l ekim ay\u0131nda yap\u0131laca\u011f\u0131n\u0131 a\u00e7\u0131klad\u0131.<\/p>\n","protected":false},"author":3,"featured_media":173969,"comment_status":"open","ping_status":"open","sticky":false,"template":"","format":"standard","meta":{"_acf_changed":false,"footnotes":""},"categories":[6769,6665,6155,6202],"tags":[165929,165931,9,163650,164671,162635,165928],"class_list":["post-168520","post","type-post","status-publish","format-standard","has-post-thumbnail","hentry","category-asya","category-dunya","category-gundem","category-politika","tag-cunta-yonetimi","tag-prayut-can-oca","tag-tayland","tag-tayland-askeri-darbe","tag-tayland-askeri-yonetim","tag-tayland-darbe","tag-tayland-genel-secim"],"acf":[],"_links":{"self":[{"href":"https:\/\/www.nationalturk.com\/tr\/wp-json\/wp\/v2\/posts\/168520","targetHints":{"allow":["GET"]}}],"collection":[{"href":"https:\/\/www.nationalturk.com\/tr\/wp-json\/wp\/v2\/posts"}],"about":[{"href":"https:\/\/www.nationalturk.com\/tr\/wp-json\/wp\/v2\/types\/post"}],"author":[{"embeddable":true,"href":"https:\/\/www.nationalturk.com\/tr\/wp-json\/wp\/v2\/users\/3"}],"replies":[{"embeddable":true,"href":"https:\/\/www.nationalturk.com\/tr\/wp-json\/wp\/v2\/comments?post=168520"}],"version-history":[{"count":0,"href":"https:\/\/www.nationalturk.com\/tr\/wp-json\/wp\/v2\/posts\/168520\/revisions"}],"wp:featuredmedia":[{"embeddable":true,"href":"https:\/\/www.nationalturk.com\/tr\/wp-json\/wp\/v2\/media\/173969"}],"wp:attachment":[{"href":"https:\/\/www.nationalturk.com\/tr\/wp-json\/wp\/v2\/media?parent=168520"}],"wp:term":[{"taxonomy":"category","embeddable":true,"href":"https:\/\/www.nationalturk.com\/tr\/wp-json\/wp\/v2\/categories?post=168520"},{"taxonomy":"post_tag","embeddable":true,"href":"https:\/\/www.nationalturk.com\/tr\/wp-json\/wp\/v2\/tags?post=168520"}],"curies":[{"name":"wp","href":"https:\/\/api.w.org\/{rel}","templated":true}]}}