{"id":168571,"date":"2014-06-30T09:38:57","date_gmt":"2014-06-30T06:38:57","guid":{"rendered":"http:\/\/www.nationalturk.com\/?p=168571"},"modified":"2014-06-30T09:39:56","modified_gmt":"2014-06-30T06:39:56","slug":"avrupanin-en-onemli-festivalleri-roskilde-danimarka-168571","status":"publish","type":"post","link":"https:\/\/www.nationalturk.com\/tr\/avrupanin-en-onemli-festivalleri-roskilde-danimarka-168571\/","title":{"rendered":"Avrupa&#8217;n\u0131n en \u00f6nemli festivallerinden Roskilde, Danimarka&#8217;da ba\u015flad\u0131"},"content":{"rendered":"<h1><a href=\"http:\/\/www.nationalturk.com\/tr\/wp-content\/uploads\/2014\/06\/danimarka-muzik-festivali.jpg\"><img loading=\"lazy\" decoding=\"async\" class=\"aligncenter size-full wp-image-168573\" alt=\"\" src=\"http:\/\/www.nationalturk.com\/tr\/wp-content\/uploads\/2014\/06\/danimarka-muzik-festivali.jpg\" width=\"610\" height=\"407\" title=\"\" srcset=\"https:\/\/www.nationalturk.com\/tr\/wp-content\/uploads\/2014\/06\/danimarka-muzik-festivali.jpg 610w, https:\/\/www.nationalturk.com\/tr\/wp-content\/uploads\/2014\/06\/danimarka-muzik-festivali-280x186.jpg 280w, https:\/\/www.nationalturk.com\/tr\/wp-content\/uploads\/2014\/06\/danimarka-muzik-festivali-599x400.jpg 599w\" sizes=\"auto, (max-width: 610px) 100vw, 610px\" \/><\/a>Danimarka&#8217;n\u0131n\u00a0Sjaelland adas\u0131ndaki Roskilde kentinde 43 y\u0131ld\u0131r d\u00fczenlenen geleneksel m\u00fczik festivali ba\u015flad\u0131.<\/h1>\n<p>Roskilde Festivali, bu y\u0131l 29 Haziran-6 Temmuz tarihlerinde yap\u0131l\u0131yor. Festival i\u00e7in ba\u015fta Norve\u00e7 ve \u0130sve\u00e7 olmak \u00fczere Avrupa \u00fclkeleri ile Danimarka&#8217;n\u0131n d\u00f6rt bir yan\u0131ndan onbinlerce ki\u015fi kente akt\u0131.<\/p>\n<p>Festival alan\u0131 \u00e7evresinde toplananlar, ak\u015fam saatlerinde kap\u0131lar\u0131n a\u00e7\u0131lmas\u0131yla alana girdi. \u00c7ad\u0131rlar\u0131n\u0131 kuracaklar\u0131 en iyi yeri se\u00e7mek isteyen m\u00fczikseverler kap\u0131lar\u0131n a\u00e7\u0131lmas\u0131yla hep birlikte ko\u015fmaya ba\u015flad\u0131.<\/p>\n<p>\u0130zleyicilerden baz\u0131lar\u0131n\u0131n kendi m\u00fcziklerini yapmak i\u00e7in ses cihazlar\u0131n\u0131 beraberlerinde getirdikleri dikkati \u00e7ekti. Her biri k\u00fc\u00e7\u00fck bir ara\u00e7la \u00e7ad\u0131r, ya\u011fmurluk, \u00e7izmeler ve g\u00fcnlerce yetecek kadar yiyecek ve i\u00e7ece\u011fini yan\u0131nda ta\u015f\u0131yan m\u00fczikseverler, \u00e7ad\u0131rlar\u0131n\u0131 kurarak alanda adeta k\u00fc\u00e7\u00fck bir \u015fehir kurdu.<\/p>\n<p>\u00d6te yandan Kopenhag Ana \u0130stasyonu&#8217;ndan Roskilde kentine 8 g\u00fcn boyunca ek tren seferleri yap\u0131laca\u011f\u0131 bildirildi.<\/p>\n<p>80 bin ki\u015fi kat\u0131l\u0131yor<\/p>\n<p>Bu arada \u00fclkenin en b\u00fcy\u00fck, Avrupa&#8217;n\u0131n ise en b\u00fcy\u00fck festivalleri aras\u0131nda yer alan festivalin 8 g\u00fcnl\u00fck etkinlikleri i\u00e7in 80 bin bilet sat\u0131ld\u0131\u011f\u0131 \u00f6\u011frenildi. Biletli izleyicilerin yan\u0131 s\u0131ra binlerce ki\u015fi de g\u00f6n\u00fcll\u00fc olarak g\u00f6rev al\u0131yor.<\/p>\n<p>Festival y\u00f6netimi daha \u00f6nce yapt\u0131\u011f\u0131 a\u00e7\u0131klamada, bu y\u0131l 7 sahnede yakla\u015f\u0131k 160 \u015fark\u0131c\u0131 ve grubun, m\u00fczikseverlerin kar\u015f\u0131s\u0131na \u00e7\u0131kaca\u011f\u0131n\u0131 belirterek, havalar\u0131n iyi olmas\u0131 ve Rolling Stones&#8217;un sahne alacak olmas\u0131n\u0131n ilgiyi art\u0131rd\u0131\u011f\u0131n\u0131 a\u00e7\u0131klam\u0131\u015ft\u0131.<\/p>\n<p>Bu y\u0131lki festivalde The Rolling Stones\u2019un yan\u0131s\u0131ra Arctic Monkeys, Damon Albarn, Drake, Major Lazer, Outkast, Steve Wonder gibi uluslararas\u0131 isimlerin yan\u0131nda T\u00fcrkiye&#8217;den de C\u00fcneyt Sepet\u00e7i ve Dolapdere Orkestras\u0131 sahne alacak.<\/p>\n<!-- Error, Advert is not available at this time due to schedule\/geolocation restrictions! -->\n","protected":false},"excerpt":{"rendered":"<p>Danimarka&#8217;n\u0131n Sjaelland adas\u0131ndaki Roskilde kentinde 43 y\u0131ld\u0131r d\u00fczenlenen geleneksel m\u00fczik festivali ba\u015flad\u0131.<\/p>\n","protected":false},"author":3,"featured_media":168573,"comment_status":"open","ping_status":"open","sticky":false,"template":"","format":"standard","meta":{"_acf_changed":false,"footnotes":""},"categories":[6666,36154,6670],"tags":[27812,19,165999,2159,78368],"class_list":["post-168571","post","type-post","status-publish","format-standard","has-post-thumbnail","hentry","category-etkinlikler","category-muzik","category-sanat","tag-danimarka","tag-isvec","tag-major-lazer","tag-norvec","tag-outkast"],"acf":[],"_links":{"self":[{"href":"https:\/\/www.nationalturk.com\/tr\/wp-json\/wp\/v2\/posts\/168571","targetHints":{"allow":["GET"]}}],"collection":[{"href":"https:\/\/www.nationalturk.com\/tr\/wp-json\/wp\/v2\/posts"}],"about":[{"href":"https:\/\/www.nationalturk.com\/tr\/wp-json\/wp\/v2\/types\/post"}],"author":[{"embeddable":true,"href":"https:\/\/www.nationalturk.com\/tr\/wp-json\/wp\/v2\/users\/3"}],"replies":[{"embeddable":true,"href":"https:\/\/www.nationalturk.com\/tr\/wp-json\/wp\/v2\/comments?post=168571"}],"version-history":[{"count":0,"href":"https:\/\/www.nationalturk.com\/tr\/wp-json\/wp\/v2\/posts\/168571\/revisions"}],"wp:featuredmedia":[{"embeddable":true,"href":"https:\/\/www.nationalturk.com\/tr\/wp-json\/wp\/v2\/media\/168573"}],"wp:attachment":[{"href":"https:\/\/www.nationalturk.com\/tr\/wp-json\/wp\/v2\/media?parent=168571"}],"wp:term":[{"taxonomy":"category","embeddable":true,"href":"https:\/\/www.nationalturk.com\/tr\/wp-json\/wp\/v2\/categories?post=168571"},{"taxonomy":"post_tag","embeddable":true,"href":"https:\/\/www.nationalturk.com\/tr\/wp-json\/wp\/v2\/tags?post=168571"}],"curies":[{"name":"wp","href":"https:\/\/api.w.org\/{rel}","templated":true}]}}